{"id":22489,"date":"2012-01-18T14:27:38","date_gmt":"2012-01-18T17:27:38","guid":{"rendered":"http:\/\/senoticias.com.br\/se\/?p=22489"},"modified":"2012-01-19T13:33:03","modified_gmt":"2012-01-19T16:33:03","slug":"prefeito-de-socorro-defende-taxis-lotacao-e-e-contra-aterro-sanitario","status":"publish","type":"post","link":"https:\/\/senoticias.com.br\/se\/prefeito-de-socorro-defende-taxis-lotacao-e-e-contra-aterro-sanitario\/","title":{"rendered":"Prefeito F\u00e1bio Henrique defende t\u00e1xis lota\u00e7\u00e3o e \u00e9 contra aterro sanit\u00e1rio"},"content":{"rendered":"<div id=\"attachment_22490\" style=\"width: 310px\" class=\"wp-caption alignleft\"><a href=\"http:\/\/senoticias.com.br\/se\/wp-content\/uploads\/2012\/01\/18120121233442625.jpg\"><img loading=\"lazy\" decoding=\"async\" aria-describedby=\"caption-attachment-22490\" class=\"size-medium wp-image-22490\" title=\"F\u00e1bio Henrique\" src=\"http:\/\/senoticias.com.br\/se\/wp-content\/uploads\/2012\/01\/18120121233442625-300x203.jpg\" alt=\"\" width=\"300\" height=\"203\" srcset=\"https:\/\/senoticias.com.br\/se\/wp-content\/uploads\/2012\/01\/18120121233442625-300x203.jpg 300w, https:\/\/senoticias.com.br\/se\/wp-content\/uploads\/2012\/01\/18120121233442625-342x231.jpg 342w, https:\/\/senoticias.com.br\/se\/wp-content\/uploads\/2012\/01\/18120121233442625.jpg 600w\" sizes=\"(max-width: 300px) 100vw, 300px\" \/><\/a><p id=\"caption-attachment-22490\" class=\"wp-caption-text\">F\u00e1bio Henrique defende t\u00e1xis lota\u00e7\u00e3o e \u00e9 contra aterro sanit\u00e1rio\/Ag\u00eancia Socorro<\/p><\/div>\n<p style=\"text-align: justify;\">O prefeito de Nossa Senhora do Socorro, F\u00e1bio Henrique, realizou nesta quarta-feira, 18, uma coletiva com a imprensa sergipana onde abordou quest\u00f5es como aterro sanit\u00e1rio e a nova pol\u00eamica sobre o fim da circula\u00e7\u00e3o dos t\u00e1xis lota\u00e7\u00e3o do munic\u00edpio, em Aracaju.<\/p>\n<p style=\"text-align: justify;\">Na ocasi\u00e3o, o gestor do segundo maior munic\u00edpio sergipano deixou claro que ir\u00e1 fazer frente contr\u00e1ria \u00e0 quest\u00e3o levantada pela Superintend\u00eancia Municipal de Tr\u00e2nsito e Transporte &#8211; SMTT &#8211; de Aracaju, que suspender\u00e1 os servi\u00e7os dos t\u00e1xis lota\u00e7\u00e3o da Grande Aracaju em 90 dias e declarou-se contr\u00e1rio \u00e0 implanta\u00e7\u00e3o de um aterro sanit\u00e1rio no povoado Tabocas.<\/p>\n<p style=\"text-align: justify;\">O prefeito F\u00e1bio Henrique falou ainda sobre o fato dos munic\u00edpios n\u00e3o terem sido convocados pela Prefeitura de Aracaju para discutir sobre os t\u00e1xis lota\u00e7\u00e3o. &#8220;A administra\u00e7\u00e3o de Aracaju deveria ter convidado n\u00e3o s\u00f3 a mim, mas, tamb\u00e9m, os prefeitos da Barra e de S\u00e3o Crist\u00f3v\u00e3o para que pud\u00e9ssemos manifestar nossa opini\u00e3o sobre um tema t\u00e3o importante como este. E pergunto: Se Aracaju s\u00f3 pode licitar at\u00e9 o seu territ\u00f3rio, como os \u00f4nibus entrar\u00e3o na Grande Aracaju? O povo ter\u00e1 que pagar duas passagens?\u201d, questionou.<\/p>\n<p style=\"text-align: justify;\">&#8220;Destaco que o sistema de t\u00e1xi lota\u00e7\u00e3o funciona de forma extraordin\u00e1ria em Socorro, suprindo as defici\u00eancias do transporte p\u00fablico e nossa gest\u00e3o ir\u00e1 lutar para que a integra\u00e7\u00e3o n\u00e3o deixe de existir. Vamos solicitar o apoio dos Minist\u00e9rios P\u00fablicos Municipal e Estadual, tudo isto de forma ordeira, pac\u00edfica e aberta a di\u00e1logo&#8221;, ressaltou.<\/p>\n<p style=\"text-align: justify;\">&#8220;A cl\u00e1usula d\u00e9cima do Termo de Ajuste de Conduta &#8211; TAC &#8211; , assinado em 2009 afirma: &#8216;O presente acordo possuir\u00e1 como termo final a licita\u00e7\u00e3o do contrato de transporte coletivo integrado da Grande Aracaju, consoante prazo estabelecido no pr\u00f3prio instrumento para a implanta\u00e7\u00e3o efetiva do novo transporte&#8217;. Portanto, n\u00e3o deveria ser cogitada a possibilidade de suspender a integra\u00e7\u00e3o feita por estes ve\u00edculos, at\u00e9 porque nosso munic\u00edpio representa 40% da popula\u00e7\u00e3o que utiliza transporte p\u00fablico em Sergipe&#8221;, enfatizou F\u00e1bio Henrique.<\/p>\n<p style=\"text-align: justify;\">&#8220;\u00c9 tranquilizante ver a postura do prefeito F\u00e1bio Henrique que apoia nossa causa. Est\u00e1vamos bastante aflitos com esta decis\u00e3o, mas temos certeza de que com nosso administrador \u00e0 frente desta situa\u00e7\u00e3o, logo tudo ser\u00e1 resolvido da melhor forma poss\u00edvel&#8221;, comentou o presidente da Cooperativa de T\u00e1xis Lota\u00e7\u00e3o dos conjuntos Jardim e Parque dos Far\u00f3is &#8211; Cooperjaf &#8211; , Menaldo dos Santos.<\/p>\n<p style=\"text-align: justify;\">&#8220;Nos pegaram de surpresa com esta decis\u00e3o que n\u00e3o permitir\u00e1 o transporte de passageiros de Socorro para Aracaju, pois, se isto ocorrer, aproximadamente 600 trabalhadores ir\u00e3o ficar desempregados. Est\u00e1vamos em p\u00e2nico, mas com F\u00e1bio Henrique ao nosso lado estamos mais calmos&#8221;, afirmou o presidente da Cooperativa de t\u00e1xis lota\u00e7\u00e3o de Socorro &#8211; Coopertalso &#8211; , Le\u00f4nidas Silva dos Anjos.<\/p>\n<p style=\"text-align: justify;\"><strong>Aterro Sanit\u00e1rio<\/strong><\/p>\n<p style=\"text-align: justify;\">Quando questionado pelos jornalistas que participaram da coletiva sobre a poss\u00edvel ida do aterro sanit\u00e1rio para o povoado Tabocas, o prefeito F\u00e1bio Henrique frisou que a administra\u00e7\u00e3o n\u00e3o tem a inten\u00e7\u00e3o de tornar isto uma realidade.<\/p>\n<p style=\"text-align: justify;\">&#8220;Nossa posi\u00e7\u00e3o \u00e9 a mesma que adotamos quando houve a possibilidade de ser instalado um aterro sem licenciamento na Palestina, ou seja, n\u00e3o estamos de acordo. N\u00e3o aceitamos nada, nenhum projeto sem licenciamento e que venha prejudicar nossa popula\u00e7\u00e3o. Assim como as pessoas que se manifestaram na BR-101 esta semana, tamb\u00e9m sou morador do povoado Tabocas e n\u00e3o desejo que nenhum &#8216;lix\u00e3o&#8217; seja colocado l\u00e1. A Prefeitura n\u00e3o autorizou e n\u00e3o pode autorizar a constru\u00e7\u00e3o do aterro. Somente a Adema, \u00f3rg\u00e3o do Governo do Estado, \u00e9 que pode autorizar a constru\u00e7\u00e3o do aterro sanit\u00e1rio, atrav\u00e9s da licen\u00e7a ambiental&#8221;, explicou.<\/p>\n<p style=\"text-align: justify;\">Estiveram presentes na reuni\u00e3o secret\u00e1rios municipais; o vice-prefeito Jos\u00e9 Job de Carvalho Filho; a ex-deputada estadual, Elma Paix\u00e3o; o ex-prefeito, Tonho da Caixa; o deputado estadual, Z\u00e9 Franco; o deputado federal La\u00e9rcio Oliveira; todos os atuais vereadores e ex-vereadores do munic\u00edpio; servidores; lideran\u00e7as comunit\u00e1rias e representantes das duas cooperativas de t\u00e1xi lota\u00e7\u00e3o de Socorro, que mostraram-se satisfeitos com a posi\u00e7\u00e3o do prefeito sobre a quest\u00e3o.<\/p>\n<p style=\"text-align: justify;\">Ag\u00eancia Socorro de Not\u00edcias<\/p>\n","protected":false},"excerpt":{"rendered":"<p>O prefeito de Nossa Senhora do Socorro, F\u00e1bio Henrique, realizou nesta quarta-feira, 18, uma coletiva com a imprensa sergipana onde abordou quest\u00f5es como aterro sanit\u00e1rio e a nova pol\u00eamica sobre o fim da circula\u00e7\u00e3o dos t\u00e1xis lota\u00e7\u00e3o do munic\u00edpio, em Aracaju. Na ocasi\u00e3o, o gestor do segundo maior munic\u00edpio sergipano deixou claro que ir\u00e1 fazer [&hellip;]<\/p>\n","protected":false},"author":3,"featured_media":22490,"comment_status":"closed","ping_status":"closed","sticky":false,"template":"","format":"standard","meta":{"footnotes":""},"categories":[6],"tags":[],"class_list":{"0":"post-22489","1":"post","2":"type-post","3":"status-publish","4":"format-standard","5":"has-post-thumbnail","7":"category-politica"},"_links":{"self":[{"href":"https:\/\/senoticias.com.br\/se\/wp-json\/wp\/v2\/posts\/22489"}],"collection":[{"href":"https:\/\/senoticias.com.br\/se\/wp-json\/wp\/v2\/posts"}],"about":[{"href":"https:\/\/senoticias.com.br\/se\/wp-json\/wp\/v2\/types\/post"}],"author":[{"embeddable":true,"href":"https:\/\/senoticias.com.br\/se\/wp-json\/wp\/v2\/users\/3"}],"replies":[{"embeddable":true,"href":"https:\/\/senoticias.com.br\/se\/wp-json\/wp\/v2\/comments?post=22489"}],"version-history":[{"count":0,"href":"https:\/\/senoticias.com.br\/se\/wp-json\/wp\/v2\/posts\/22489\/revisions"}],"wp:featuredmedia":[{"embeddable":true,"href":"https:\/\/senoticias.com.br\/se\/wp-json\/wp\/v2\/media\/22490"}],"wp:attachment":[{"href":"https:\/\/senoticias.com.br\/se\/wp-json\/wp\/v2\/media?parent=22489"}],"wp:term":[{"taxonomy":"category","embeddable":true,"href":"https:\/\/senoticias.com.br\/se\/wp-json\/wp\/v2\/categories?post=22489"},{"taxonomy":"post_tag","embeddable":true,"href":"https:\/\/senoticias.com.br\/se\/wp-json\/wp\/v2\/tags?post=22489"}],"curies":[{"name":"wp","href":"https:\/\/api.w.org\/{rel}","templated":true}]}}