{"id":22480,"date":"2012-01-18T12:18:07","date_gmt":"2012-01-18T15:18:07","guid":{"rendered":"http:\/\/senoticias.com.br\/se\/?p=22480"},"modified":"2012-01-20T17:23:59","modified_gmt":"2012-01-20T20:23:59","slug":"prefeito-de-aracaju-lanca-projeto-verao-2012","status":"publish","type":"post","link":"https:\/\/senoticias.com.br\/se\/prefeito-de-aracaju-lanca-projeto-verao-2012\/","title":{"rendered":"Prefeito de Aracaju lan\u00e7a Projeto Ver\u00e3o 2012"},"content":{"rendered":"<p style=\"text-align: justify;\"><a href=\"http:\/\/senoticias.com.br\/se\/wp-content\/uploads\/2012\/01\/edvaldo_foto_andre_moreira_19.jpg\"><img loading=\"lazy\" decoding=\"async\" class=\"alignleft size-medium wp-image-22481\" title=\"edvaldo_foto_andre_moreira_(19)\" src=\"http:\/\/senoticias.com.br\/se\/wp-content\/uploads\/2012\/01\/edvaldo_foto_andre_moreira_19-300x189.jpg\" alt=\"\" width=\"300\" height=\"189\" srcset=\"https:\/\/senoticias.com.br\/se\/wp-content\/uploads\/2012\/01\/edvaldo_foto_andre_moreira_19-300x189.jpg 300w, https:\/\/senoticias.com.br\/se\/wp-content\/uploads\/2012\/01\/edvaldo_foto_andre_moreira_19-342x215.jpg 342w, https:\/\/senoticias.com.br\/se\/wp-content\/uploads\/2012\/01\/edvaldo_foto_andre_moreira_19.jpg 800w\" sizes=\"(max-width: 300px) 100vw, 300px\" \/><\/a>&#8220;Um grande caldeir\u00e3o onde o lazer, a cultura, a divers\u00e3o e as pr\u00e1ticas esportivas se misturam, para oferecer ao povo sergipano e aos turistas que visitam a capital sergipana um ver\u00e3o inesquec\u00edvel&#8221;. Foi com essas palavras que o prefeito Edvaldo Nogueira apresentou na manh\u00e3 desta quarta-feira, 18, no audit\u00f3rio do Centro Administrativo Prefeito Alo\u00edsio Campos, o Projeto Ver\u00e3o 2012, que acontece de 09 a 12 de fevereiro na Orla de Atalaia e ter\u00e1 as apresenta\u00e7\u00f5es das bandas Monobloco, Naur\u00eaa, Revela\u00e7\u00e3o, Charlie Brown, Alapada, O Rappa, Rea\u00e7\u00e3o e os artistas Seu Jorge e Manu Chao.<\/p>\n<p style=\"text-align: justify;\">&#8220;Esse \u00e9 um projeto de f\u00e9rias que virou refer\u00eancia nacional pela qualidade das atra\u00e7\u00f5es, pela organiza\u00e7\u00e3o do evento, pelo p\u00fablico diverso que re\u00fane e, principalmente, por ser gratuito, diferente de outros festivais de m\u00fasica que acontecem em outros Estado do Brasil&#8221;, pontuou o prefeito.<\/p>\n<p style=\"text-align: justify;\">Mantendo a tradi\u00e7\u00e3o de oferecer uma mistura de todos os ritmos, o Projeto Ver\u00e3o 2012 contar\u00e1 ainda com uma tenda para os que curtem a m\u00fasica eletr\u00f4nica. &#8220;Al\u00e9m disso, \u00e9 tamb\u00e9m uma maneira de divulgar e valorizar a m\u00fasica sergipana. Todos os dias se apresenta no palco principal uma atra\u00e7\u00e3o da nossa terra&#8221;, destacou Edvaldo, lembrando que a festa movimenta a cultura, turismo, esporte e tamb\u00e9m\u00a0 a economia. &#8220;Ganham os barraqueiros, taxistas, vendedores ambulantes, os hot\u00e9is e v\u00e1rios outros setores da cadeia produtiva. Aracaju nunca teve uma ocupa\u00e7\u00e3o hoteleira t\u00e3o grande como nesse \u00faltimo ano&#8221;, disse.<\/p>\n<p style=\"text-align: justify;\">Edvaldo Nogueira lembrou que, ao pensar na programa\u00e7\u00e3o do evento, a prefeitura tem como prioridade proporcionar ao p\u00fablico essa mistura de ritmos, sons e tribos. &#8220;Procuramos sempre diversificar bastante as atra\u00e7\u00f5es para agradar a todos. Em edi\u00e7\u00f5es anteriores, trouxemos para Aracaju artistas como Racionais MC, Rita Lee, NX Zero, Kid Abelha, O Rappa, Lenine, ou seja, um grande mix para que todos possam se divertir e fechar o per\u00edodo de ver\u00e3o, das f\u00e9rias, com chaves de ouro&#8221;, frisou o prefeito.<\/p>\n<p style=\"text-align: justify;\">O chefe do executivo municipal deu ainda uma boa not\u00edcia para os artistas que ir\u00e3o participar do tradicional concurso de esculturas na areia: o aumento no valor da premia\u00e7\u00e3o. Ser\u00e3o R$ 3 mil para o primeiro colocado; R$ 2 mil para o segundo e R$ 1,5 mil para o terceiro. Ao anunciar as atividades esportivas, ele lembrou que o objetivo principal n\u00e3o \u00e9 a competi\u00e7\u00e3o em si, mas a difus\u00e3o da brincadeira, do lazer e da divers\u00e3o, congregando as mais diversas tribos esportivas em um s\u00f3 local. &#8220;Teremos competi\u00e7\u00f5es de dama, futebol, futebol americano, slackline, oficinas de capoeira, pipa, dan\u00e7a, atalaia, agraciando dos atletas radicais aos de alto rendimento&#8221;, afirmou.<\/p>\n<p style=\"text-align: justify;\"><strong>Arena esportiva<\/strong><\/p>\n<p style=\"text-align: justify;\">Esta edi\u00e7\u00e3o tamb\u00e9m ir\u00e1 oferecer novidades na arena esportiva. De acordo com o secret\u00e1rio Municipal do Esporte e Lazer, F\u00e1bio Mitidieri, acontecem durante o Projeto Ver\u00e3o 2012 etapas do campeonato sergipano de beach soccer, campeonato sergipano de futvolei e campeonato sergipano de volei de praia. &#8220;Sem falar que abrimos um leque para que todos pudessem participar desse grande evento esportivo. Vamos ter espa\u00e7os para a participa\u00e7\u00e3o de crian\u00e7as, idosos, pessoas com defici\u00eancia, teremos tamb\u00e9m a parte de inclus\u00e3o, e ser\u00e3o mais de 20 modalidades esportivas que v\u00e3o do futebol ao parkour. Sem falar nos esportes radicais como o surf, kite surf e bobyboarding, que t\u00eam tudo a ver com o ver\u00e3o e n\u00e3o poderia ficar de fora da nossa programa\u00e7\u00e3o&#8221;, enfatizou Mitidieri.<\/p>\n<p style=\"text-align: justify;\"><strong>Turismo<\/strong><\/p>\n<p style=\"text-align: justify;\">O presidente da Funda\u00e7\u00e3o Municipal de Cultura e Turismo, Waldo\u00edlson Leiteafirma que tudo foi preparado com muito carinho e que esta edi\u00e7\u00e3o do projeto vai encerrar o ver\u00e3o de Sergipe com chaves de ouro. &#8220;Este \u00e9 um evento maravilhoso que aquece a economia, o turismo e valorizando a cultura. O turista que vem para Aracaju e encontra a tranquilidade agregada \u00e0 divers\u00e3o. Estamos oferecendo a quem visita a nossa cidade nas f\u00e9rias de ver\u00e3o, uma s\u00e9rie de atra\u00e7\u00f5es que come\u00e7am com o r\u00e9veillon, depois pr\u00e9-caju, que \u00e9 uma festa particular, mas que conta com o apoio da Prefeitura, e fechamos com chave de ouro com esse grande evento que \u00e9 o pr\u00e9-caju&#8221;, destacou.<\/p>\n<p style=\"text-align: justify;\"><strong>Presen\u00e7as<\/strong><\/p>\n<p style=\"text-align: justify;\">Tamb\u00e9m participaram da solenidade de apresenta\u00e7\u00e3o do Projeto Ver\u00e3o 2012 a vereadora Miriam Ribeiro, representando a c\u00e2mara Municipal de Aracaju; o secret\u00e1rio de Estado do Turismo, Elber Batalha, representando o governador Marc\u00e9lo D\u00e9da;\u00a0 a presidente da Federa\u00e7\u00e3o Nacional dos Guias de Turismo, Irma Karla; a presidente da Funda\u00e7\u00e3o Municipal do Trabalho e Renda, Telma Pimentel; presidente da Empresa Municipal de Servi\u00e7os Urbanos, Lucimar Passos, a secret\u00e1ria Chefe de Gabinete, Fabiana Pinho; os secret\u00e1rios municipais de Assist\u00eancia Social, Bosco ROlemberg; de fina\u00e7as, Jeferson Dantas; da educa\u00e7\u00e3o,Ant\u00f4nio Bittencour; al\u00e9m de Luiz Roberto, representante da unidade da Petrobr\u00e1s em Sergipe e Alagoas; Andrey Lemos, coordenador da Unegro e S\u00e9rgio Lima Oliveira, presidente da Associa\u00e7\u00e3o Brasileira dos Agentes de Viagens, seccional Sergipe (ABAV\/SE).<\/p>\n<p><strong>Confira a programa\u00e7\u00e3o de shows do palco principal:<\/strong><\/p>\n<p><strong>9 de fevereiro<\/strong><\/p>\n<p>Monobloco<\/p>\n<p>Revela\u00e7\u00e3o<\/p>\n<p>Naur\u00eaa<\/p>\n<p><strong>10 de fevereiro<\/strong><\/p>\n<p>Seu Jorge<\/p>\n<p>Charlie Brown Jr.<\/p>\n<p>Alapada<\/p>\n<p><strong>11 de fevereiro<\/strong><\/p>\n<p>Manu Chao<\/p>\n<p>Rea\u00e7\u00e3o<\/p>\n<p>O Rappa<\/p>\n","protected":false},"excerpt":{"rendered":"<p>&#8220;Um grande caldeir\u00e3o onde o lazer, a cultura, a divers\u00e3o e as pr\u00e1ticas esportivas se misturam, para oferecer ao povo sergipano e aos turistas que visitam a capital sergipana um ver\u00e3o inesquec\u00edvel&#8221;. Foi com essas palavras que o prefeito Edvaldo Nogueira apresentou na manh\u00e3 desta quarta-feira, 18, no audit\u00f3rio do Centro Administrativo Prefeito Alo\u00edsio Campos, [&hellip;]<\/p>\n","protected":false},"author":3,"featured_media":22481,"comment_status":"closed","ping_status":"closed","sticky":false,"template":"","format":"standard","meta":{"footnotes":""},"categories":[48],"tags":[],"class_list":{"0":"post-22480","1":"post","2":"type-post","3":"status-publish","4":"format-standard","5":"has-post-thumbnail","7":"category-carnaval-2012"},"_links":{"self":[{"href":"https:\/\/senoticias.com.br\/se\/wp-json\/wp\/v2\/posts\/22480"}],"collection":[{"href":"https:\/\/senoticias.com.br\/se\/wp-json\/wp\/v2\/posts"}],"about":[{"href":"https:\/\/senoticias.com.br\/se\/wp-json\/wp\/v2\/types\/post"}],"author":[{"embeddable":true,"href":"https:\/\/senoticias.com.br\/se\/wp-json\/wp\/v2\/users\/3"}],"replies":[{"embeddable":true,"href":"https:\/\/senoticias.com.br\/se\/wp-json\/wp\/v2\/comments?post=22480"}],"version-history":[{"count":0,"href":"https:\/\/senoticias.com.br\/se\/wp-json\/wp\/v2\/posts\/22480\/revisions"}],"wp:featuredmedia":[{"embeddable":true,"href":"https:\/\/senoticias.com.br\/se\/wp-json\/wp\/v2\/media\/22481"}],"wp:attachment":[{"href":"https:\/\/senoticias.com.br\/se\/wp-json\/wp\/v2\/media?parent=22480"}],"wp:term":[{"taxonomy":"category","embeddable":true,"href":"https:\/\/senoticias.com.br\/se\/wp-json\/wp\/v2\/categories?post=22480"},{"taxonomy":"post_tag","embeddable":true,"href":"https:\/\/senoticias.com.br\/se\/wp-json\/wp\/v2\/tags?post=22480"}],"curies":[{"name":"wp","href":"https:\/\/api.w.org\/{rel}","templated":true}]}}