{"id":153211,"date":"2026-09-05T11:55:23","date_gmt":"2026-09-05T14:55:23","guid":{"rendered":"https:\/\/senoticias.com.br\/se\/?p=153211"},"modified":"2026-09-05T11:55:23","modified_gmt":"2026-09-05T14:55:23","slug":"jovem-de-19-anos-morre-em-colisao-frontal-entre-carro-e-motocicleta-na-rota-do-sertao","status":"publish","type":"post","link":"https:\/\/senoticias.com.br\/se\/jovem-de-19-anos-morre-em-colisao-frontal-entre-carro-e-motocicleta-na-rota-do-sertao\/","title":{"rendered":"Jovem de 19 anos morre em colis\u00e3o frontal entre carro e motocicleta na Rota do Sert\u00e3o"},"content":{"rendered":"<p>&nbsp;<\/p>\n<p>&nbsp;<\/p>\n<p>Um jovem de 19 anos morreu na madrugada deste s\u00e1bado, 5, ap\u00f3s a motocicleta que conduzia ser atingida frontalmente por uma picape na Rodovia SE-230, a Rota do Sert\u00e3o, em Nossa Senhora da Gl\u00f3ria, no Alto Sert\u00e3o de Sergipe. O acidente aconteceu por volta de 1h15, nas proximidades da loja Milharal Nordeste.<\/p>\n<p>A v\u00edtima, identificada pelas iniciais L.G.R. da S., 19 anos, conduzia uma Honda C100 Biz, de cor vermelha, e teve o \u00f3bito constatado ainda no local.<\/p>\n<div id=\"attachment_153212\" style=\"width: 554px\" class=\"wp-caption aligncenter\"><a href=\"https:\/\/senoticias.com.br\/se\/wp-content\/uploads\/2026\/09\/Acidente-na-Rota-do-Sertao-SE-Noticias.jpeg\"><img loading=\"lazy\" decoding=\"async\" aria-describedby=\"caption-attachment-153212\" class=\"size-full wp-image-153212\" src=\"https:\/\/senoticias.com.br\/se\/wp-content\/uploads\/2026\/09\/Acidente-na-Rota-do-Sertao-SE-Noticias.jpeg\" alt=\"\" width=\"544\" height=\"408\" srcset=\"https:\/\/senoticias.com.br\/se\/wp-content\/uploads\/2026\/09\/Acidente-na-Rota-do-Sertao-SE-Noticias.jpeg 544w, https:\/\/senoticias.com.br\/se\/wp-content\/uploads\/2026\/09\/Acidente-na-Rota-do-Sertao-SE-Noticias-300x225.jpeg 300w, https:\/\/senoticias.com.br\/se\/wp-content\/uploads\/2026\/09\/Acidente-na-Rota-do-Sertao-SE-Noticias-45x35.jpeg 45w\" sizes=\"(max-width: 544px) 100vw, 544px\" \/><\/a><p id=\"caption-attachment-153212\" class=\"wp-caption-text\">Acidente aconteceu durante a madrugada deste s\u00e1bado, 5, na SE-230, em Nossa Senhora da Gl\u00f3ria &#8211; Foto: BPRv<\/p><\/div>\n<p>De acordo com informa\u00e7\u00f5es do Batalh\u00e3o de Pol\u00edcia Rodovi\u00e1ria (BPRv), a equipe foi acionada pelo Centro Integrado de Opera\u00e7\u00f5es em Seguran\u00e7a P\u00fablica (CIOSP) para atender \u00e0 ocorr\u00eancia. Ao chegar ao local, os policiais constataram que se tratava de uma colis\u00e3o frontal.<\/p>\n<p>Segundo relatos colhidos pela guarni\u00e7\u00e3o junto a populares e \u00e0 equipe de \u00e1rea, a picape Fiat Strada Freedom, de cor branca, seguia no sentido Feira Nova\/Nossa Senhora da Gl\u00f3ria, enquanto a motocicleta trafegava no sentido contr\u00e1rio. Conforme as informa\u00e7\u00f5es preliminares, a Strada teria invadido a faixa contr\u00e1ria, provocando a colis\u00e3o frontal.<\/p>\n<p>O condutor da picape, identificado pelas iniciais G.M., deixou o local ap\u00f3s o acidente.<\/p>\n<p><strong>Rota do Sert\u00e3o volta a registrar acidente fatal<\/strong><\/p>\n<p>O novo caso chama aten\u00e7\u00e3o para o n\u00famero de acidentes graves envolvendo motocicletas na SE-230, conhecida como Rota do Sert\u00e3o, uma das principais rodovias do interior sergipano. A via registra ocorr\u00eancias com v\u00edtimas fatais, muitas delas envolvendo motociclistas, o que refor\u00e7a a preocupa\u00e7\u00e3o das autoridades e de usu\u00e1rios da rodovia com a seguran\u00e7a no trecho.<\/p>\n<p>No acidente deste s\u00e1bado, o BPRv permaneceu no local para realizar a seguran\u00e7a vi\u00e1ria, controlar o tr\u00e1fego e adotar as provid\u00eancias necess\u00e1rias at\u00e9 a normaliza\u00e7\u00e3o da circula\u00e7\u00e3o.<\/p>\n<p>Ainda conforme o BPRv, a Strada estava com o licenciamento regular e foi entregue aos familiares, ap\u00f3s o delegado plantonista informar que n\u00e3o havia interesse na cust\u00f3dia do ve\u00edculo. J\u00e1 a motocicleta estava com o licenciamento vencido e foi recolhida ao p\u00e1tio do Jaguar 20 para posterior encaminhamento ao p\u00e1tio credenciado.<\/p>\n<p>As circunst\u00e2ncias do acidente dever\u00e3o ser apuradas pelas autoridades competentes.<\/p>\n<p>Reda\u00e7\u00e3o SE Not\u00edcias<\/p>\n<p><strong><em>Acompanhe tamb\u00e9m o SE Not\u00edcias no\u00a0<a href=\"https:\/\/twitter.com\/Senoticias\" target=\"_blank\" rel=\"noreferrer noopener\">Twitter<\/a>,\u00a0<a href=\"https:\/\/www.facebook.com\/senoticias1\" target=\"_blank\" rel=\"noreferrer noopener\">Facebook<\/a>\u00a0e no\u00a0<a href=\"https:\/\/www.instagram.com\/senoticias\/\" target=\"_blank\" rel=\"noreferrer noopener\">Instagram<\/a><\/em><\/strong><\/p>\n","protected":false},"excerpt":{"rendered":"<p>&nbsp; &nbsp; Um jovem de 19 anos morreu na madrugada deste s\u00e1bado, 5, ap\u00f3s a motocicleta que conduzia ser atingida frontalmente por uma picape na Rodovia SE-230, a Rota do Sert\u00e3o, em Nossa Senhora da Gl\u00f3ria, no Alto Sert\u00e3o de Sergipe. O acidente aconteceu por volta de 1h15, nas proximidades da loja Milharal Nordeste. A [&hellip;]<\/p>\n","protected":false},"author":6557,"featured_media":153212,"comment_status":"closed","ping_status":"closed","sticky":false,"template":"","format":"standard","meta":{"footnotes":""},"categories":[15,7],"tags":[15923,3092],"class_list":{"0":"post-153211","1":"post","2":"type-post","3":"status-publish","4":"format-standard","5":"has-post-thumbnail","7":"category-destaques","8":"category-policia","9":"tag-acidente-com-moto","10":"tag-rota-do-sertao"},"_links":{"self":[{"href":"https:\/\/senoticias.com.br\/se\/wp-json\/wp\/v2\/posts\/153211"}],"collection":[{"href":"https:\/\/senoticias.com.br\/se\/wp-json\/wp\/v2\/posts"}],"about":[{"href":"https:\/\/senoticias.com.br\/se\/wp-json\/wp\/v2\/types\/post"}],"author":[{"embeddable":true,"href":"https:\/\/senoticias.com.br\/se\/wp-json\/wp\/v2\/users\/6557"}],"replies":[{"embeddable":true,"href":"https:\/\/senoticias.com.br\/se\/wp-json\/wp\/v2\/comments?post=153211"}],"version-history":[{"count":0,"href":"https:\/\/senoticias.com.br\/se\/wp-json\/wp\/v2\/posts\/153211\/revisions"}],"wp:featuredmedia":[{"embeddable":true,"href":"https:\/\/senoticias.com.br\/se\/wp-json\/wp\/v2\/media\/153212"}],"wp:attachment":[{"href":"https:\/\/senoticias.com.br\/se\/wp-json\/wp\/v2\/media?parent=153211"}],"wp:term":[{"taxonomy":"category","embeddable":true,"href":"https:\/\/senoticias.com.br\/se\/wp-json\/wp\/v2\/categories?post=153211"},{"taxonomy":"post_tag","embeddable":true,"href":"https:\/\/senoticias.com.br\/se\/wp-json\/wp\/v2\/tags?post=153211"}],"curies":[{"name":"wp","href":"https:\/\/api.w.org\/{rel}","templated":true}]}}