{"id":153209,"date":"2026-09-05T11:22:30","date_gmt":"2026-09-05T14:22:30","guid":{"rendered":"https:\/\/senoticias.com.br\/se\/?p=153209"},"modified":"2026-09-05T11:22:30","modified_gmt":"2026-09-05T14:22:30","slug":"policia-civil-prende-mulher-em-flagrante-com-14-kg-de-maconha-em-rodoviaria-de-aracaju","status":"publish","type":"post","link":"https:\/\/senoticias.com.br\/se\/policia-civil-prende-mulher-em-flagrante-com-14-kg-de-maconha-em-rodoviaria-de-aracaju\/","title":{"rendered":"Pol\u00edcia Civil prende mulher em flagrante com 14 kg de maconha em rodovi\u00e1ria de Aracaju"},"content":{"rendered":"<p>Na tarde da sexta-feira, 4, equipes do Centro de Opera\u00e7\u00f5es Policiais Especiais (Cope), ap\u00f3s troca de informa\u00e7\u00f5es com a 2\u00aa Delegacia de Repress\u00e3o \u00e0s A\u00e7\u00f5es Criminosas Organizadas (Draco) da Pol\u00edcia Civil de Minas Gerais, prenderam em flagrante uma mulher de 22 anos suspeita de tr\u00e1fico de drogas, no terminal rodovi\u00e1rio de Aracaju.<\/p>\n<p>Segundo informa\u00e7\u00f5es policiais, a investigada transportava aproximadamente 14 quilos de maconha do tipo skunk, que teriam sido trazidos do estado de Minas Gerais. O entorpecente estava escondido em uma mala.<\/p>\n<div id=\"attachment_153210\" style=\"width: 606px\" class=\"wp-caption aligncenter\"><a href=\"https:\/\/senoticias.com.br\/se\/wp-content\/uploads\/2026\/09\/Drogas-Se-Noticias.jpg\"><img loading=\"lazy\" decoding=\"async\" aria-describedby=\"caption-attachment-153210\" class=\"size-full wp-image-153210\" src=\"https:\/\/senoticias.com.br\/se\/wp-content\/uploads\/2026\/09\/Drogas-Se-Noticias.jpg\" alt=\"\" width=\"596\" height=\"341\" srcset=\"https:\/\/senoticias.com.br\/se\/wp-content\/uploads\/2026\/09\/Drogas-Se-Noticias.jpg 596w, https:\/\/senoticias.com.br\/se\/wp-content\/uploads\/2026\/09\/Drogas-Se-Noticias-300x172.jpg 300w\" sizes=\"(max-width: 596px) 100vw, 596px\" \/><\/a><p id=\"caption-attachment-153210\" class=\"wp-caption-text\">Investigada transportava o entorpecente de Minas Gerais para Sergipe &#8211; Foto:\u00a0 SSP\/SE<\/p><\/div>\n<p>Ap\u00f3s a identifica\u00e7\u00e3o da passageira e do \u00f4nibus em que ela viajava, as equipes realizaram a abordagem no momento do desembarque. Durante a a\u00e7\u00e3o, os policiais localizaram a droga e efetuaram a pris\u00e3o em flagrante.<\/p>\n<p>A mulher foi conduzida ao Cope, onde foram adotadas as medidas cab\u00edveis. Ela ser\u00e1 apresentada em audi\u00eancia de cust\u00f3dia e permanecer\u00e1 \u00e0 disposi\u00e7\u00e3o do Poder Judici\u00e1rio.<\/p>\n<p><strong><em>Acompanhe tamb\u00e9m o SE Not\u00edcias no\u00a0<a href=\"https:\/\/twitter.com\/Senoticias\" target=\"_blank\" rel=\"noreferrer noopener\">Twitter<\/a>,\u00a0<a href=\"https:\/\/www.facebook.com\/senoticias1\" target=\"_blank\" rel=\"noreferrer noopener\">Facebook<\/a>\u00a0e no\u00a0<a href=\"https:\/\/www.instagram.com\/senoticias\/\" target=\"_blank\" rel=\"noreferrer noopener\">Instagram<\/a><\/em><\/strong><\/p>\n<p>Fonte: SSP\/SE<\/p>\n<p>&nbsp;<\/p>\n","protected":false},"excerpt":{"rendered":"<p>Na tarde da sexta-feira, 4, equipes do Centro de Opera\u00e7\u00f5es Policiais Especiais (Cope), ap\u00f3s troca de informa\u00e7\u00f5es com a 2\u00aa Delegacia de Repress\u00e3o \u00e0s A\u00e7\u00f5es Criminosas Organizadas (Draco) da Pol\u00edcia Civil de Minas Gerais, prenderam em flagrante uma mulher de 22 anos suspeita de tr\u00e1fico de drogas, no terminal rodovi\u00e1rio de Aracaju. Segundo informa\u00e7\u00f5es policiais, [&hellip;]<\/p>\n","protected":false},"author":6557,"featured_media":153210,"comment_status":"closed","ping_status":"closed","sticky":false,"template":"","format":"standard","meta":{"footnotes":""},"categories":[15,7],"tags":[45184,612,2497,78],"class_list":{"0":"post-153209","1":"post","2":"type-post","3":"status-publish","4":"format-standard","5":"has-post-thumbnail","7":"category-destaques","8":"category-policia","9":"tag-14-kg-de-maconha","10":"tag-cope","11":"tag-drogas","12":"tag-policia-civil"},"_links":{"self":[{"href":"https:\/\/senoticias.com.br\/se\/wp-json\/wp\/v2\/posts\/153209"}],"collection":[{"href":"https:\/\/senoticias.com.br\/se\/wp-json\/wp\/v2\/posts"}],"about":[{"href":"https:\/\/senoticias.com.br\/se\/wp-json\/wp\/v2\/types\/post"}],"author":[{"embeddable":true,"href":"https:\/\/senoticias.com.br\/se\/wp-json\/wp\/v2\/users\/6557"}],"replies":[{"embeddable":true,"href":"https:\/\/senoticias.com.br\/se\/wp-json\/wp\/v2\/comments?post=153209"}],"version-history":[{"count":0,"href":"https:\/\/senoticias.com.br\/se\/wp-json\/wp\/v2\/posts\/153209\/revisions"}],"wp:featuredmedia":[{"embeddable":true,"href":"https:\/\/senoticias.com.br\/se\/wp-json\/wp\/v2\/media\/153210"}],"wp:attachment":[{"href":"https:\/\/senoticias.com.br\/se\/wp-json\/wp\/v2\/media?parent=153209"}],"wp:term":[{"taxonomy":"category","embeddable":true,"href":"https:\/\/senoticias.com.br\/se\/wp-json\/wp\/v2\/categories?post=153209"},{"taxonomy":"post_tag","embeddable":true,"href":"https:\/\/senoticias.com.br\/se\/wp-json\/wp\/v2\/tags?post=153209"}],"curies":[{"name":"wp","href":"https:\/\/api.w.org\/{rel}","templated":true}]}}