{"id":153206,"date":"2026-09-05T09:57:14","date_gmt":"2026-09-05T12:57:14","guid":{"rendered":"https:\/\/senoticias.com.br\/se\/?p=153206"},"modified":"2026-09-05T09:59:46","modified_gmt":"2026-09-05T12:59:46","slug":"tjse-suspende-greve-de-professores-da-rede-estadual-prevista-para-terca-8","status":"publish","type":"post","link":"https:\/\/senoticias.com.br\/se\/tjse-suspende-greve-de-professores-da-rede-estadual-prevista-para-terca-8\/","title":{"rendered":"Tribunal de Justi\u00e7a de Sergipe suspende greve de professores da rede estadual prevista para ter\u00e7a, 8"},"content":{"rendered":"<p>O Tribunal de Justi\u00e7a de Sergipe (TJSE) determinou nesta sexta-feira, 4, a suspens\u00e3o da greve dos professores da rede estadual de ensino, prevista para come\u00e7ar na pr\u00f3xima ter\u00e7a-feira, 8. A paralisa\u00e7\u00e3o por tempo indeterminado foi aprovada pelo Sindicato dos Trabalhadores em Educa\u00e7\u00e3o B\u00e1sica da Rede Oficial do Estado de Sergipe (Sintese) durante assembleia realizada na quarta-feira, 2.<\/p>\n<p>Conforme consta na decis\u00e3o judicial, o sindicato e os professores representados pela entidade devem se abster de iniciar ou dar continuidade \u00e0 greve aprovada em assembleia, incluindo eventual prorroga\u00e7\u00e3o ou extens\u00e3o do movimento. A decis\u00e3o foi proferida pela desembargadora Ana Bernadete Leite de Carvalho Andrade.<\/p>\n<div id=\"attachment_153207\" style=\"width: 543px\" class=\"wp-caption aligncenter\"><a href=\"https:\/\/senoticias.com.br\/se\/wp-content\/uploads\/2026\/09\/Sintese-se-noticias.jpeg\"><img loading=\"lazy\" decoding=\"async\" aria-describedby=\"caption-attachment-153207\" class=\"size-full wp-image-153207\" src=\"https:\/\/senoticias.com.br\/se\/wp-content\/uploads\/2026\/09\/Sintese-se-noticias.jpeg\" alt=\"\" width=\"533\" height=\"300\" srcset=\"https:\/\/senoticias.com.br\/se\/wp-content\/uploads\/2026\/09\/Sintese-se-noticias.jpeg 533w, https:\/\/senoticias.com.br\/se\/wp-content\/uploads\/2026\/09\/Sintese-se-noticias-300x169.jpeg 300w\" sizes=\"(max-width: 533px) 100vw, 533px\" \/><\/a><p id=\"caption-attachment-153207\" class=\"wp-caption-text\">Decis\u00e3o determina que Sintese e professores se abstenham de iniciar ou dar continuidade \u00e0 paralisa\u00e7\u00e3o<\/p><\/div>\n<p>Em caso de descumprimento, a decis\u00e3o mant\u00e9m multa di\u00e1ria de R$ 60 mil, limitada a R$ 600 mil. A penalidade, conforme determinado pela Justi\u00e7a, somente poder\u00e1 ser aplicada ap\u00f3s a regular notifica\u00e7\u00e3o do sindicato sobre a ordem judicial.<\/p>\n<p><strong><em>Acompanhe tamb\u00e9m o SE Not\u00edcias no\u00a0<a href=\"https:\/\/twitter.com\/Senoticias\" target=\"_blank\" rel=\"noreferrer noopener\">Twitter<\/a>,\u00a0<a href=\"https:\/\/www.facebook.com\/senoticias1\" target=\"_blank\" rel=\"noreferrer noopener\">Facebook<\/a>\u00a0e no\u00a0<a href=\"https:\/\/www.instagram.com\/senoticias\/\" target=\"_blank\" rel=\"noreferrer noopener\">Instagram<\/a><\/em><\/strong><\/p>\n<p>Foto: ascom\/divulga\u00e7\u00e3o<\/p>\n","protected":false},"excerpt":{"rendered":"<p>O Tribunal de Justi\u00e7a de Sergipe (TJSE) determinou nesta sexta-feira, 4, a suspens\u00e3o da greve dos professores da rede estadual de ensino, prevista para come\u00e7ar na pr\u00f3xima ter\u00e7a-feira, 8. A paralisa\u00e7\u00e3o por tempo indeterminado foi aprovada pelo Sindicato dos Trabalhadores em Educa\u00e7\u00e3o B\u00e1sica da Rede Oficial do Estado de Sergipe (Sintese) durante assembleia realizada na [&hellip;]<\/p>\n","protected":false},"author":6557,"featured_media":153207,"comment_status":"closed","ping_status":"closed","sticky":false,"template":"","format":"standard","meta":{"footnotes":""},"categories":[15,6,1],"tags":[45183,677,678],"class_list":{"0":"post-153206","1":"post","2":"type-post","3":"status-publish","4":"format-standard","5":"has-post-thumbnail","7":"category-destaques","8":"category-politica","9":"category-sem-categoria","10":"tag-greve-suspensa","11":"tag-sintese","12":"tag-tribunal-de-justica-de-sergipe"},"_links":{"self":[{"href":"https:\/\/senoticias.com.br\/se\/wp-json\/wp\/v2\/posts\/153206"}],"collection":[{"href":"https:\/\/senoticias.com.br\/se\/wp-json\/wp\/v2\/posts"}],"about":[{"href":"https:\/\/senoticias.com.br\/se\/wp-json\/wp\/v2\/types\/post"}],"author":[{"embeddable":true,"href":"https:\/\/senoticias.com.br\/se\/wp-json\/wp\/v2\/users\/6557"}],"replies":[{"embeddable":true,"href":"https:\/\/senoticias.com.br\/se\/wp-json\/wp\/v2\/comments?post=153206"}],"version-history":[{"count":0,"href":"https:\/\/senoticias.com.br\/se\/wp-json\/wp\/v2\/posts\/153206\/revisions"}],"wp:featuredmedia":[{"embeddable":true,"href":"https:\/\/senoticias.com.br\/se\/wp-json\/wp\/v2\/media\/153207"}],"wp:attachment":[{"href":"https:\/\/senoticias.com.br\/se\/wp-json\/wp\/v2\/media?parent=153206"}],"wp:term":[{"taxonomy":"category","embeddable":true,"href":"https:\/\/senoticias.com.br\/se\/wp-json\/wp\/v2\/categories?post=153206"},{"taxonomy":"post_tag","embeddable":true,"href":"https:\/\/senoticias.com.br\/se\/wp-json\/wp\/v2\/tags?post=153206"}],"curies":[{"name":"wp","href":"https:\/\/api.w.org\/{rel}","templated":true}]}}