{"id":153203,"date":"2026-09-04T10:41:41","date_gmt":"2026-09-04T13:41:41","guid":{"rendered":"https:\/\/senoticias.com.br\/se\/?p=153203"},"modified":"2026-09-04T10:41:41","modified_gmt":"2026-09-04T13:41:41","slug":"por-unanimidade-tre-se-defere-registro-de-candidatura-de-valmir-de-francisquinho-ao-governo-de-sergipe","status":"publish","type":"post","link":"https:\/\/senoticias.com.br\/se\/por-unanimidade-tre-se-defere-registro-de-candidatura-de-valmir-de-francisquinho-ao-governo-de-sergipe\/","title":{"rendered":"Por unanimidade, TRE-SE defere registro de candidatura de Valmir de Francisquinho ao Governo de Sergipe"},"content":{"rendered":"<p>O Tribunal Regional Eleitoral de Sergipe (TRE-SE) deferiu por unanimidade, nesta sexta-feira, 04, o registro de candidatura de Valmir de Francisquinho (Republicanos) e Priscila Felizola ao Governo de Sergipe. Com a decis\u00e3o oficializada hoje, o ex-prefeito de Itabaiana est\u00e1 devidamente registrado e apto para disputar o comando do Executivo estadual no pleito das Elei\u00e7\u00f5es 2026.<\/p>\n<p>A aprecia\u00e7\u00e3o da candidatura ocorreu ap\u00f3s o julgamento dos pedidos de impugna\u00e7\u00e3o apresentados contra a sua chapa. O julgamento seguiu o entendimento e a orienta\u00e7\u00e3o do Minist\u00e9rio P\u00fablico Eleitoral (MPE), que j\u00e1 havia emitido parecer favor\u00e1vel ao deferimento, destacando a aus\u00eancia de impedimentos legais para a participa\u00e7\u00e3o do ex-prefeito na disputa.<\/p>\n<div id=\"attachment_153204\" style=\"width: 594px\" class=\"wp-caption aligncenter\"><a href=\"https:\/\/senoticias.com.br\/se\/wp-content\/uploads\/2026\/09\/Valmir-SE-Noticias.jpeg\"><img loading=\"lazy\" decoding=\"async\" aria-describedby=\"caption-attachment-153204\" class=\"size-full wp-image-153204\" src=\"https:\/\/senoticias.com.br\/se\/wp-content\/uploads\/2026\/09\/Valmir-SE-Noticias.jpeg\" alt=\"\" width=\"584\" height=\"874\" srcset=\"https:\/\/senoticias.com.br\/se\/wp-content\/uploads\/2026\/09\/Valmir-SE-Noticias.jpeg 584w, https:\/\/senoticias.com.br\/se\/wp-content\/uploads\/2026\/09\/Valmir-SE-Noticias-200x300.jpeg 200w\" sizes=\"(max-width: 584px) 100vw, 584px\" \/><\/a><p id=\"caption-attachment-153204\" class=\"wp-caption-text\">TRE-SE defere registro de candidatura de Valmir de Francisquinho &#8211; Foto: ascom\/divulga\u00e7\u00e3o<\/p><\/div>\n<p>Para a defesa do candidato, a aprova\u00e7\u00e3o do registro consolida um resultado que j\u00e1 era aguardado.<\/p>\n<p><strong>A democracia sendo feita<\/strong><\/p>\n<p>Com a valida\u00e7\u00e3o oficial do registro pelo TRE-SE, Valmir de Francisquinho destacou a import\u00e2ncia da decis\u00e3o para o eleitorado sergipano. Em declara\u00e7\u00e3o sobre a vit\u00f3ria no tribunal, o candidato refor\u00e7ou que o julgamento devolve ao cidad\u00e3o a liberdade de escolha no processo eleitoral.<\/p>\n<p>\u201cAgora, o povo de Sergipe vai poder ver a democracia sendo feita. \u00c9 a repara\u00e7\u00e3o de uma escolha que foi barrada em 2022 de forma injusta, mas que hoje se consolida com a for\u00e7a da lei e o apoio popular\u201d, finalizou.<\/p>\n<p><strong><em>Acompanhe tamb\u00e9m o SE Not\u00edcias no\u00a0<a href=\"https:\/\/twitter.com\/Senoticias\" target=\"_blank\" rel=\"noreferrer noopener\">Twitter<\/a>,\u00a0<a href=\"https:\/\/www.facebook.com\/senoticias1\" target=\"_blank\" rel=\"noreferrer noopener\">Facebook<\/a>\u00a0e no\u00a0<a href=\"https:\/\/www.instagram.com\/senoticias\/\" target=\"_blank\" rel=\"noreferrer noopener\">Instagram<\/a><\/em><\/strong><\/p>\n<p>Por Ascom\/Valmir de Francisquinho<\/p>\n","protected":false},"excerpt":{"rendered":"<p>O Tribunal Regional Eleitoral de Sergipe (TRE-SE) deferiu por unanimidade, nesta sexta-feira, 04, o registro de candidatura de Valmir de Francisquinho (Republicanos) e Priscila Felizola ao Governo de Sergipe. Com a decis\u00e3o oficializada hoje, o ex-prefeito de Itabaiana est\u00e1 devidamente registrado e apto para disputar o comando do Executivo estadual no pleito das Elei\u00e7\u00f5es 2026. [&hellip;]<\/p>\n","protected":false},"author":6557,"featured_media":153204,"comment_status":"closed","ping_status":"closed","sticky":false,"template":"","format":"standard","meta":{"footnotes":""},"categories":[15,6],"tags":[41598,6106,36804],"class_list":{"0":"post-153203","1":"post","2":"type-post","3":"status-publish","4":"format-standard","5":"has-post-thumbnail","7":"category-destaques","8":"category-politica","9":"tag-eleicoes-2026","10":"tag-tre","11":"tag-valmir"},"_links":{"self":[{"href":"https:\/\/senoticias.com.br\/se\/wp-json\/wp\/v2\/posts\/153203"}],"collection":[{"href":"https:\/\/senoticias.com.br\/se\/wp-json\/wp\/v2\/posts"}],"about":[{"href":"https:\/\/senoticias.com.br\/se\/wp-json\/wp\/v2\/types\/post"}],"author":[{"embeddable":true,"href":"https:\/\/senoticias.com.br\/se\/wp-json\/wp\/v2\/users\/6557"}],"replies":[{"embeddable":true,"href":"https:\/\/senoticias.com.br\/se\/wp-json\/wp\/v2\/comments?post=153203"}],"version-history":[{"count":0,"href":"https:\/\/senoticias.com.br\/se\/wp-json\/wp\/v2\/posts\/153203\/revisions"}],"wp:featuredmedia":[{"embeddable":true,"href":"https:\/\/senoticias.com.br\/se\/wp-json\/wp\/v2\/media\/153204"}],"wp:attachment":[{"href":"https:\/\/senoticias.com.br\/se\/wp-json\/wp\/v2\/media?parent=153203"}],"wp:term":[{"taxonomy":"category","embeddable":true,"href":"https:\/\/senoticias.com.br\/se\/wp-json\/wp\/v2\/categories?post=153203"},{"taxonomy":"post_tag","embeddable":true,"href":"https:\/\/senoticias.com.br\/se\/wp-json\/wp\/v2\/tags?post=153203"}],"curies":[{"name":"wp","href":"https:\/\/api.w.org\/{rel}","templated":true}]}}