{"id":153202,"date":"2026-09-04T10:29:31","date_gmt":"2026-09-04T13:29:31","guid":{"rendered":"https:\/\/senoticias.com.br\/se\/?p=153202"},"modified":"2026-09-04T10:29:31","modified_gmt":"2026-09-04T13:29:31","slug":"policia-civil-prende-homem-em-flagrante-suspeito-de-abusar-sexualmente-de-cachorro-em-aracaju","status":"publish","type":"post","link":"https:\/\/senoticias.com.br\/se\/policia-civil-prende-homem-em-flagrante-suspeito-de-abusar-sexualmente-de-cachorro-em-aracaju\/","title":{"rendered":"Pol\u00edcia Civil prende homem em flagrante suspeito de abusar sexualmente de cachorro em Aracaju"},"content":{"rendered":"<p>A Delegacia Especializada de Prote\u00e7\u00e3o Animal e Meio Ambiente (Depama) prendeu em flagrante, nesta quinta-feira, 3, um homem de 47 anos suspeito de praticar um ato de natureza sexual contra um cachorro, em Aracaju.<\/p>\n<p>De acordo com as informa\u00e7\u00f5es policiais, o caso ocorreu em frente \u00e0 resid\u00eancia do indiv\u00edduo e foi registrado em v\u00eddeo por um vizinho. Ap\u00f3s receber as imagens, uma equipe da Depama foi imediatamente ao local e realizou a pris\u00e3o do homem.<\/p>\n<div id=\"attachment_94843\" style=\"width: 609px\" class=\"wp-caption aligncenter\"><a href=\"https:\/\/senoticias.com.br\/se\/wp-content\/uploads\/2016\/08\/Delegado-Hugo-Leonardo-SE-Noticias-e1470150361510.jpg\"><img loading=\"lazy\" decoding=\"async\" aria-describedby=\"caption-attachment-94843\" class=\"size-full wp-image-94843\" src=\"https:\/\/senoticias.com.br\/se\/wp-content\/uploads\/2016\/08\/Delegado-Hugo-Leonardo-SE-Noticias-e1470150361510.jpg\" alt=\"\" width=\"599\" height=\"429\" \/><\/a><p id=\"caption-attachment-94843\" class=\"wp-caption-text\">Depama prende em flagrante homem suspeito de praticar zoofilia contra cachorro em Aracaju &#8211; Foto: arquivo\/SSP\/SE<\/p><\/div>\n<p>O suspeito foi conduzido \u00e0 unidade policial, onde, durante o interrogat\u00f3rio, negou ter praticado qualquer ato de natureza sexual contra o animal. De acordo com o delegado Hugo Leonardo, na vers\u00e3o apresentada pelo detido, a situa\u00e7\u00e3o registrada nas imagens teria sido apenas uma \u201cbrincadeira\u201d com o cachorro.<\/p>\n<p>Diante dos fatos, foi lavrado o auto de pris\u00e3o em flagrante pelo crime de maus-tratos a animal. Ap\u00f3s os procedimentos legais, o homem foi encaminhado \u00e0 carceragem, permanecendo \u00e0 disposi\u00e7\u00e3o da Justi\u00e7a.<\/p>\n<p>O suspeito ser\u00e1 submetido \u00e0 audi\u00eancia de cust\u00f3dia, ocasi\u00e3o em que o Poder Judici\u00e1rio avaliar\u00e1 a manuten\u00e7\u00e3o ou n\u00e3o da pris\u00e3o.<\/p>\n<p><strong><em>Acompanhe tamb\u00e9m o SE Not\u00edcias no\u00a0<a href=\"https:\/\/twitter.com\/Senoticias\" target=\"_blank\" rel=\"noreferrer noopener\">Twitter<\/a>,\u00a0<a href=\"https:\/\/www.facebook.com\/senoticias1\" target=\"_blank\" rel=\"noreferrer noopener\">Facebook<\/a>\u00a0e no\u00a0<a href=\"https:\/\/www.instagram.com\/senoticias\/\" target=\"_blank\" rel=\"noreferrer noopener\">Instagram<\/a><\/em><\/strong><\/p>\n<p>Fonte: SSP\/SE<\/p>\n","protected":false},"excerpt":{"rendered":"<p>A Delegacia Especializada de Prote\u00e7\u00e3o Animal e Meio Ambiente (Depama) prendeu em flagrante, nesta quinta-feira, 3, um homem de 47 anos suspeito de praticar um ato de natureza sexual contra um cachorro, em Aracaju. De acordo com as informa\u00e7\u00f5es policiais, o caso ocorreu em frente \u00e0 resid\u00eancia do indiv\u00edduo e foi registrado em v\u00eddeo por [&hellip;]<\/p>\n","protected":false},"author":6557,"featured_media":94843,"comment_status":"closed","ping_status":"closed","sticky":false,"template":"","format":"standard","meta":{"footnotes":""},"categories":[15,7],"tags":[34337,45182,43612],"class_list":{"0":"post-153202","1":"post","2":"type-post","3":"status-publish","4":"format-standard","5":"has-post-thumbnail","7":"category-destaques","8":"category-policia","9":"tag-depama","10":"tag-suspeito-de-abusar-sexualmente","11":"tag-zoofilia"},"_links":{"self":[{"href":"https:\/\/senoticias.com.br\/se\/wp-json\/wp\/v2\/posts\/153202"}],"collection":[{"href":"https:\/\/senoticias.com.br\/se\/wp-json\/wp\/v2\/posts"}],"about":[{"href":"https:\/\/senoticias.com.br\/se\/wp-json\/wp\/v2\/types\/post"}],"author":[{"embeddable":true,"href":"https:\/\/senoticias.com.br\/se\/wp-json\/wp\/v2\/users\/6557"}],"replies":[{"embeddable":true,"href":"https:\/\/senoticias.com.br\/se\/wp-json\/wp\/v2\/comments?post=153202"}],"version-history":[{"count":0,"href":"https:\/\/senoticias.com.br\/se\/wp-json\/wp\/v2\/posts\/153202\/revisions"}],"wp:featuredmedia":[{"embeddable":true,"href":"https:\/\/senoticias.com.br\/se\/wp-json\/wp\/v2\/media\/94843"}],"wp:attachment":[{"href":"https:\/\/senoticias.com.br\/se\/wp-json\/wp\/v2\/media?parent=153202"}],"wp:term":[{"taxonomy":"category","embeddable":true,"href":"https:\/\/senoticias.com.br\/se\/wp-json\/wp\/v2\/categories?post=153202"},{"taxonomy":"post_tag","embeddable":true,"href":"https:\/\/senoticias.com.br\/se\/wp-json\/wp\/v2\/tags?post=153202"}],"curies":[{"name":"wp","href":"https:\/\/api.w.org\/{rel}","templated":true}]}}