{"id":153197,"date":"2026-09-03T11:47:30","date_gmt":"2026-09-03T14:47:30","guid":{"rendered":"https:\/\/senoticias.com.br\/se\/?p=153197"},"modified":"2026-09-03T11:47:30","modified_gmt":"2026-09-03T14:47:30","slug":"shopping-jardins-promove-encontros-ineditos-com-mamute-e-mamutinho-neste-fim-de-semana","status":"publish","type":"post","link":"https:\/\/senoticias.com.br\/se\/shopping-jardins-promove-encontros-ineditos-com-mamute-e-mamutinho-neste-fim-de-semana\/","title":{"rendered":"Shopping Jardins promove encontros in\u00e9ditos com Mamute e Mamutinho neste fim de semana"},"content":{"rendered":"<p>Mamute e Mamutinho chegam ao Shopping Jardins nesta sexta-feira, 4 de setembro, e at\u00e9 domingo, 6 de setembro, recebem os visitantes para fotos no Espa\u00e7o Jardins, pr\u00f3ximo \u00e0 Portaria B. Os encontros t\u00eam acesso gratuito e acontecem em sess\u00f5es de 20 minutos iniciadas \u00e0s 15h, 16h, 17h e 18h. As vagas s\u00e3o limitadas e as reservas devem ser feitas pelo aplicativo do shopping (Android e iOS).<\/p>\n<p>A a\u00e7\u00e3o integra a grade de eventos da exposi\u00e7\u00e3o &#8220;Gigantes do Gelo&#8221;, que desembarca em Aracaju nesta quinta-feira, 3 de setembro. A mostra re\u00fane 28 r\u00e9plicas de animais pr\u00e9-hist\u00f3ricos em tamanho real, que surpreendem pelo realismo. Quatorze delas s\u00e3o animatr\u00f4nicas, com movimentos e sons.<\/p>\n<div id=\"attachment_153198\" style=\"width: 610px\" class=\"wp-caption aligncenter\"><a href=\"https:\/\/senoticias.com.br\/se\/wp-content\/uploads\/2026\/09\/Mamutinho-Se-Noticias.jpg\"><img loading=\"lazy\" decoding=\"async\" aria-describedby=\"caption-attachment-153198\" class=\"size-full wp-image-153198\" src=\"https:\/\/senoticias.com.br\/se\/wp-content\/uploads\/2026\/09\/Mamutinho-Se-Noticias.jpg\" alt=\"\" width=\"600\" height=\"450\" srcset=\"https:\/\/senoticias.com.br\/se\/wp-content\/uploads\/2026\/09\/Mamutinho-Se-Noticias.jpg 600w, https:\/\/senoticias.com.br\/se\/wp-content\/uploads\/2026\/09\/Mamutinho-Se-Noticias-300x225.jpg 300w, https:\/\/senoticias.com.br\/se\/wp-content\/uploads\/2026\/09\/Mamutinho-Se-Noticias-45x35.jpg 45w\" sizes=\"(max-width: 600px) 100vw, 600px\" \/><\/a><p id=\"caption-attachment-153198\" class=\"wp-caption-text\"><br \/>Sess\u00f5es de fotos com mascotes da exposi\u00e7\u00e3o \u201cGigantes do Gelo\u201d t\u00eam acesso gratuito e acontecem de 4 a 6 de setembro &#8211; Foto: ascom\/divulga\u00e7\u00e3o<\/p><\/div>\n<p>Instalada na Pra\u00e7a de Eventos Ip\u00ea, em frente \u00e0 loja Riachuelo, e em outros pontos do Shopping Jardins, a atra\u00e7\u00e3o tem acesso gratuito e apresenta esp\u00e9cies que marcaram a Era Glacial, como o Gigantopitecus, de 5 metros de altura, o mamute de 4 metros, o tigre dente-de-sabre de 3 metros e o rinoceronte-lanudo de 4 metros. Todas as r\u00e9plicas contam com informa\u00e7\u00f5es sobre as esp\u00e9cies, ampliando o car\u00e1ter educativo da experi\u00eancia, aberta a crian\u00e7as, jovens, adultos e idosos.<\/p>\n<p>No per\u00edodo de 12 a 27 de setembro, a exposi\u00e7\u00e3o contar\u00e1 tamb\u00e9m com visitas guiadas aos fins de semana. A participa\u00e7\u00e3o ser\u00e1 gratuita, mediante agendamento pelo aplicativo.<\/p>\n<p><strong><em>Acompanhe tamb\u00e9m o SE Not\u00edcias no\u00a0<a href=\"https:\/\/twitter.com\/Senoticias\" target=\"_blank\" rel=\"noreferrer noopener\">Twitter<\/a>,\u00a0<a href=\"https:\/\/www.facebook.com\/senoticias1\" target=\"_blank\" rel=\"noreferrer noopener\">Facebook<\/a>\u00a0e no\u00a0<a href=\"https:\/\/www.instagram.com\/senoticias\/\" target=\"_blank\" rel=\"noreferrer noopener\">Instagram<\/a><\/em><\/strong><\/p>\n<p>Fonte: ascom\/divulga\u00e7\u00e3o<\/p>\n<p>&nbsp;<\/p>\n","protected":false},"excerpt":{"rendered":"<p>Mamute e Mamutinho chegam ao Shopping Jardins nesta sexta-feira, 4 de setembro, e at\u00e9 domingo, 6 de setembro, recebem os visitantes para fotos no Espa\u00e7o Jardins, pr\u00f3ximo \u00e0 Portaria B. Os encontros t\u00eam acesso gratuito e acontecem em sess\u00f5es de 20 minutos iniciadas \u00e0s 15h, 16h, 17h e 18h. As vagas s\u00e3o limitadas e as [&hellip;]<\/p>\n","protected":false},"author":6557,"featured_media":153198,"comment_status":"closed","ping_status":"closed","sticky":false,"template":"","format":"standard","meta":{"footnotes":""},"categories":[15,21],"tags":[45160,45181,4939],"class_list":{"0":"post-153197","1":"post","2":"type-post","3":"status-publish","4":"format-standard","5":"has-post-thumbnail","7":"category-destaques","8":"category-entretenimento","9":"tag-gigantes-do-gelo","10":"tag-mamute-e-mamutinho","11":"tag-shopping-jardins"},"_links":{"self":[{"href":"https:\/\/senoticias.com.br\/se\/wp-json\/wp\/v2\/posts\/153197"}],"collection":[{"href":"https:\/\/senoticias.com.br\/se\/wp-json\/wp\/v2\/posts"}],"about":[{"href":"https:\/\/senoticias.com.br\/se\/wp-json\/wp\/v2\/types\/post"}],"author":[{"embeddable":true,"href":"https:\/\/senoticias.com.br\/se\/wp-json\/wp\/v2\/users\/6557"}],"replies":[{"embeddable":true,"href":"https:\/\/senoticias.com.br\/se\/wp-json\/wp\/v2\/comments?post=153197"}],"version-history":[{"count":0,"href":"https:\/\/senoticias.com.br\/se\/wp-json\/wp\/v2\/posts\/153197\/revisions"}],"wp:featuredmedia":[{"embeddable":true,"href":"https:\/\/senoticias.com.br\/se\/wp-json\/wp\/v2\/media\/153198"}],"wp:attachment":[{"href":"https:\/\/senoticias.com.br\/se\/wp-json\/wp\/v2\/media?parent=153197"}],"wp:term":[{"taxonomy":"category","embeddable":true,"href":"https:\/\/senoticias.com.br\/se\/wp-json\/wp\/v2\/categories?post=153197"},{"taxonomy":"post_tag","embeddable":true,"href":"https:\/\/senoticias.com.br\/se\/wp-json\/wp\/v2\/tags?post=153197"}],"curies":[{"name":"wp","href":"https:\/\/api.w.org\/{rel}","templated":true}]}}