{"id":153193,"date":"2026-09-03T06:09:04","date_gmt":"2026-09-03T09:09:04","guid":{"rendered":"https:\/\/senoticias.com.br\/se\/?p=153193"},"modified":"2026-09-03T06:16:27","modified_gmt":"2026-09-03T09:16:27","slug":"vasco-bate-o-vitoria-mais-uma-vez-e-vai-a-semifinal-da-copa-do-brasil","status":"publish","type":"post","link":"https:\/\/senoticias.com.br\/se\/vasco-bate-o-vitoria-mais-uma-vez-e-vai-a-semifinal-da-copa-do-brasil\/","title":{"rendered":"Vasco ganha do Vit\u00f3ria e ser\u00e1 rival do Palmeiras na semifinal da Copa do Brasil"},"content":{"rendered":"<p>O Vasco est\u00e1 classificado para as semifinais da Copa do Brasil. Depois de vencer o Vit\u00f3ria por 1 a 0 no jogo de ida, o Cruzmaltino voltou a superar o advers\u00e1rio ppor 2 a 0 nesta quarta-feira, no Barrad\u00e3o, e garantiu a vaga entre os quatro melhores da competi\u00e7\u00e3o. Andr\u00e9s G\u00f3mez e Puma Rodr\u00edguez marcaram os gols da vit\u00f3ria vasca\u00edna.<\/p>\n<p><strong>Detalhes da semifinal<\/strong><\/p>\n<p>Nas semifinais do torneio, o Vasco ter\u00e1 o Palmeiras como advers\u00e1rio. O Verd\u00e3o garantiu a vaga ao empatar em 0 a 0 com o Santos, tamb\u00e9m nesta quarta, e avan\u00e7ar com um placar agregado de 3 a 0. Os jogos de ida da pr\u00f3xima fase da competi\u00e7\u00e3o est\u00e3o previstos para o dia 1\u00ba de novembro, enquanto as partidas de volta est\u00e3o marcadas para o dia 8 do mesmo m\u00eas.<\/p>\n<p>Na ida, o Gigante da Colina, mesmo com um homem a menos, bateu o Vit\u00f3ria por 1 a 0. Dessa forma, avan\u00e7a na competi\u00e7\u00e3o com um triunfo por 3 a 0 no placar agregado. O Vasco vai \u00e0 semifinal pelo terceiro ano consecutivo.<\/p>\n<p>O Cruz-Maltino, agora, volta a pensar no Campeonato Brasileiro. A equipe de Pedro Emanuel enfrentar\u00e1 o Fluminense no s\u00e1bado (5), a partir das 21h, no Maracan\u00e3.<\/p>\n<div id=\"attachment_153194\" style=\"width: 610px\" class=\"wp-caption aligncenter\"><a href=\"https:\/\/senoticias.com.br\/se\/wp-content\/uploads\/2026\/09\/Andrez-Rodrigues-SE-Noticias.jpg\"><img loading=\"lazy\" decoding=\"async\" aria-describedby=\"caption-attachment-153194\" class=\"size-full wp-image-153194\" src=\"https:\/\/senoticias.com.br\/se\/wp-content\/uploads\/2026\/09\/Andrez-Rodrigues-SE-Noticias.jpg\" alt=\"\" width=\"600\" height=\"960\" srcset=\"https:\/\/senoticias.com.br\/se\/wp-content\/uploads\/2026\/09\/Andrez-Rodrigues-SE-Noticias.jpg 600w, https:\/\/senoticias.com.br\/se\/wp-content\/uploads\/2026\/09\/Andrez-Rodrigues-SE-Noticias-188x300.jpg 188w\" sizes=\"(max-width: 600px) 100vw, 600px\" \/><\/a><p id=\"caption-attachment-153194\" class=\"wp-caption-text\">Vibra\u00e7\u00e3o de Andr\u00e9s G\u00f3mez &#8211; Matheus Lima | Vasco da Gama<\/p><\/div>\n<p><strong>O jogo<\/strong><\/p>\n<p>O Vit\u00f3ria teve mais posse de bola no primeiro tempo e apostou em bolas levantadas na \u00e1rea para trazer perigo \u00e0 meta defendida por L\u00e9o Jardim. O Le\u00e3o da Barra, por\u00e9m, n\u00e3o conseguiu balan\u00e7ar a rede.<\/p>\n<p>J\u00e1 o Vasco, mesmo com menos posse de bola, criou mais chances perigosas. A primeira veio aos 30 minutos, quando Lucas Piton retomou a posse e fez o cruzamento na medida para Spinelli, que finalizou de cabe\u00e7a e mandou a bola na trave.<\/p>\n<p>O centroavante, ali\u00e1s, teve uma nova chance de cabe\u00e7a. Desta vez, a marca\u00e7\u00e3o estava melhor em cima do argentino, que mandou direto para fora.<br \/>\nO Le\u00e3o da Barra conseguiu responder aos 43 minutos. Mateus Silva cobrou uma falta pelo lado esquerdo do ataque, a bola passou por todo mundo, e L\u00e9o Jardim foi obrigado a trabalhar.<\/p>\n<p>Logo depois, o Cruz-Maltino passou muito perto de abrir o placar. Piton tocou para Puma, que fez o cruzamento pelo lado esquerdo. Ramon Rique finalizou de cabe\u00e7a, e a bola saiu com perigo pela linha de fundo.<\/p>\n<p>Nos acr\u00e9scimos, Andr\u00e9s G\u00f3mez tamb\u00e9m passou perto de marcar. Ele invadiu a \u00e1rea pelo lado esquerdo, abriu para a perna direita e mandou a bola na rede pelo lado de fora.<\/p>\n<p>J\u00e1 na etapa complementar, o Vasco levou um grande susto. A bola foi levantada na \u00e1rea em cobran\u00e7a de falta, Luan C\u00e2ndido apareceu cabecear, e Cac\u00e1 ainda correu para empurrar para o fundo da rede. Por\u00e9m, a tecnologia do semiautom\u00e1tico entrou em a\u00e7\u00e3o e pegou o impedimento de Luan C\u00e2ndido no lance.<\/p>\n<p>Apesar do gol sofrido, o cen\u00e1rio do segundo tempo era de um Vit\u00f3ria que tinha muita dificuldade para ser perigoso. O Vasco, por sua vez, n\u00e3o tinha o mesmo volume de jogadas criadas como no primeiro tempo.<\/p>\n<p>Depois dos 30 minutos do segundo tempo, o Gigante da Colina teve v\u00e1rias boas chances. Na terceira, o gol saiu. Andr\u00e9s G\u00f3mez partiu do campo de defesa at\u00e9 o ataque, abriu para a perna esquerda, finalizou e fora da \u00e1rea e balan\u00e7ou a rede.<\/p>\n<p>Nos acr\u00e9scimos, o Cruz-Maltino ainda fez mais um. Puma tabelou com Colidio e, j\u00e1 dentro da \u00e1rea, finalizou cruzado para superar o goleiro Lucas Arcanjo e balan\u00e7ar a rede.<\/p>\n<p><strong><em>Acompanhe tamb\u00e9m o SE Not\u00edcias no\u00a0<a href=\"https:\/\/twitter.com\/Senoticias\" target=\"_blank\" rel=\"noreferrer noopener\">Twitter<\/a>,\u00a0<a href=\"https:\/\/www.facebook.com\/senoticias1\" target=\"_blank\" rel=\"noreferrer noopener\">Facebook<\/a>\u00a0e no\u00a0<a href=\"https:\/\/www.instagram.com\/senoticias\/\" target=\"_blank\" rel=\"noreferrer noopener\">Instagram<\/a><\/em><\/strong><\/p>\n<p>Fonte: Jornal O Dia<\/p>\n","protected":false},"excerpt":{"rendered":"<p>O Vasco est\u00e1 classificado para as semifinais da Copa do Brasil. Depois de vencer o Vit\u00f3ria por 1 a 0 no jogo de ida, o Cruzmaltino voltou a superar o advers\u00e1rio ppor 2 a 0 nesta quarta-feira, no Barrad\u00e3o, e garantiu a vaga entre os quatro melhores da competi\u00e7\u00e3o. Andr\u00e9s G\u00f3mez e Puma Rodr\u00edguez marcaram [&hellip;]<\/p>\n","protected":false},"author":6557,"featured_media":153194,"comment_status":"closed","ping_status":"closed","sticky":false,"template":"","format":"standard","meta":{"footnotes":""},"categories":[15,26],"tags":[5399,4870,45180],"class_list":{"0":"post-153193","1":"post","2":"type-post","3":"status-publish","4":"format-standard","5":"has-post-thumbnail","7":"category-destaques","8":"category-esportes","9":"tag-copa-do-brasil","10":"tag-vasco-da-gama","11":"tag-vasco-nas-semifinais"},"_links":{"self":[{"href":"https:\/\/senoticias.com.br\/se\/wp-json\/wp\/v2\/posts\/153193"}],"collection":[{"href":"https:\/\/senoticias.com.br\/se\/wp-json\/wp\/v2\/posts"}],"about":[{"href":"https:\/\/senoticias.com.br\/se\/wp-json\/wp\/v2\/types\/post"}],"author":[{"embeddable":true,"href":"https:\/\/senoticias.com.br\/se\/wp-json\/wp\/v2\/users\/6557"}],"replies":[{"embeddable":true,"href":"https:\/\/senoticias.com.br\/se\/wp-json\/wp\/v2\/comments?post=153193"}],"version-history":[{"count":0,"href":"https:\/\/senoticias.com.br\/se\/wp-json\/wp\/v2\/posts\/153193\/revisions"}],"wp:featuredmedia":[{"embeddable":true,"href":"https:\/\/senoticias.com.br\/se\/wp-json\/wp\/v2\/media\/153194"}],"wp:attachment":[{"href":"https:\/\/senoticias.com.br\/se\/wp-json\/wp\/v2\/media?parent=153193"}],"wp:term":[{"taxonomy":"category","embeddable":true,"href":"https:\/\/senoticias.com.br\/se\/wp-json\/wp\/v2\/categories?post=153193"},{"taxonomy":"post_tag","embeddable":true,"href":"https:\/\/senoticias.com.br\/se\/wp-json\/wp\/v2\/tags?post=153193"}],"curies":[{"name":"wp","href":"https:\/\/api.w.org\/{rel}","templated":true}]}}