{"id":153184,"date":"2026-09-02T06:20:13","date_gmt":"2026-09-02T09:20:13","guid":{"rendered":"https:\/\/senoticias.com.br\/se\/?p=153184"},"modified":"2026-09-02T06:20:13","modified_gmt":"2026-09-02T09:20:13","slug":"prefeitura-de-aracaju-recorre-de-liminar-que-autorizou-volta-da-vrs-ao-sistema-de-transporte-publico-coletivo-da-grande-aracaju","status":"publish","type":"post","link":"https:\/\/senoticias.com.br\/se\/prefeitura-de-aracaju-recorre-de-liminar-que-autorizou-volta-da-vrs-ao-sistema-de-transporte-publico-coletivo-da-grande-aracaju\/","title":{"rendered":"Prefeitura de Aracaju recorre de liminar que autorizou volta da VRS ao Sistema de Transporte P\u00fablico Coletivo da Grande\u00a0 Aracaju"},"content":{"rendered":"<p>&nbsp;<\/p>\n<p>A Prefeitura de Aracaju recorreu da decis\u00e3o liminar que determinou a retomada das opera\u00e7\u00f5es da Via\u00e7\u00e3o Roberto Santana (VRS) no Sistema de Transporte P\u00fablico Coletivo da Grande\u00a0 Aracaju. A informa\u00e7\u00e3o foi confirmada pelo Munic\u00edpio nesta ter\u00e7a-feira, 1\u00ba.<\/p>\n<p>Antes do impasse judicial, a VRS era respons\u00e1vel por 36 linhas do Sistema de Transporte P\u00fablico Coletivo de Aracaju e Regi\u00e3o Metropolitana.<\/p>\n<div id=\"attachment_153057\" style=\"width: 604px\" class=\"wp-caption aligncenter\"><a href=\"https:\/\/senoticias.com.br\/se\/wp-content\/uploads\/2026\/08\/onibus-da-VRS-SE-Noticias.jpeg\"><img loading=\"lazy\" decoding=\"async\" aria-describedby=\"caption-attachment-153057\" class=\"size-full wp-image-153057\" src=\"https:\/\/senoticias.com.br\/se\/wp-content\/uploads\/2026\/08\/onibus-da-VRS-SE-Noticias.jpeg\" alt=\"\" width=\"594\" height=\"461\" srcset=\"https:\/\/senoticias.com.br\/se\/wp-content\/uploads\/2026\/08\/onibus-da-VRS-SE-Noticias.jpeg 594w, https:\/\/senoticias.com.br\/se\/wp-content\/uploads\/2026\/08\/onibus-da-VRS-SE-Noticias-300x233.jpeg 300w, https:\/\/senoticias.com.br\/se\/wp-content\/uploads\/2026\/08\/onibus-da-VRS-SE-Noticias-45x35.jpeg 45w\" sizes=\"(max-width: 594px) 100vw, 594px\" \/><\/a><p id=\"caption-attachment-153057\" class=\"wp-caption-text\">A Prefeitura havia anunciado no dia 19 de agosto, a substitui\u00e7\u00e3o da VRS pela empresa Boa Vista &#8211; Foto: Or\u00e1cio Oliveira\/Se Not\u00edcias<\/p><\/div>\n<p>No dia 20 de agosto, mais de 100 \u00f4nibus da empresa VRS Transportes foram impedidos de circular em Aracaju. O bloqueio com viaturas da SMTT e da Guarda Municipal foi realizado um dia ap\u00f3s o an\u00fancio da Prefeitura de Aracaju, sobre a chegada de novos \u00f4nibus para operar pela empresa Boa Vista, que passou a integrar o sistema da capital e regi\u00e3o metropolitana.<\/p>\n<p>A gest\u00e3o municipal j\u00e1 havia informado que a troca de empresa ocorreu em raz\u00e3o de problemas operacionais da VRS. A substitui\u00e7\u00e3o est\u00e1 embasada no Decreto n\u00ba 8.042\/2025, assinado pela prefeita Em\u00edlia Corr\u00eaa, que estabelece novas regras para o tempo de vida \u00fatil e transi\u00e7\u00e3o para a opera\u00e7\u00e3o das empresas de transporte coletivo municipal. A norma pro\u00edbe a circula\u00e7\u00e3o de \u00f4nibus a combust\u00e3o com mais de 12 anos e ve\u00edculos el\u00e9tricos com mais de 15 anos de uso.<\/p>\n<p>No dia 24 de agosto, representantes e trabalhadores da VRS Transportes participaram de uma reuni\u00e3o com membros do Cons\u00f3rcio de Transporte Metropolitano. A reuni\u00e3o aconteceu no Pal\u00e1cio de Despachos, sede do governo do estado.<\/p>\n<p><strong><em>Acompanhe tamb\u00e9m o SE Not\u00edcias no\u00a0<a href=\"https:\/\/twitter.com\/Senoticias\" target=\"_blank\" rel=\"noreferrer noopener\">Twitter<\/a>,\u00a0<a href=\"https:\/\/www.facebook.com\/senoticias1\" target=\"_blank\" rel=\"noreferrer noopener\">Facebook<\/a>\u00a0e no\u00a0<a href=\"https:\/\/www.instagram.com\/senoticias\/\" target=\"_blank\" rel=\"noreferrer noopener\">Instagram<\/a><\/em><\/strong><\/p>\n<p>Fonte: Infonet, com informa\u00e7\u00f5es da prefeitura de Aracaju<\/p>\n","protected":false},"excerpt":{"rendered":"<p>&nbsp; A Prefeitura de Aracaju recorreu da decis\u00e3o liminar que determinou a retomada das opera\u00e7\u00f5es da Via\u00e7\u00e3o Roberto Santana (VRS) no Sistema de Transporte P\u00fablico Coletivo da Grande\u00a0 Aracaju. A informa\u00e7\u00e3o foi confirmada pelo Munic\u00edpio nesta ter\u00e7a-feira, 1\u00ba. Antes do impasse judicial, a VRS era respons\u00e1vel por 36 linhas do Sistema de Transporte P\u00fablico Coletivo [&hellip;]<\/p>\n","protected":false},"author":6557,"featured_media":153057,"comment_status":"closed","ping_status":"closed","sticky":false,"template":"","format":"standard","meta":{"footnotes":""},"categories":[15,6],"tags":[323,34304,45150],"class_list":{"0":"post-153184","1":"post","2":"type-post","3":"status-publish","4":"format-standard","5":"has-post-thumbnail","7":"category-destaques","8":"category-politica","9":"tag-regiao-metropolitana","10":"tag-transporte-publico-da-grande-aracaju","11":"tag-vrs"},"_links":{"self":[{"href":"https:\/\/senoticias.com.br\/se\/wp-json\/wp\/v2\/posts\/153184"}],"collection":[{"href":"https:\/\/senoticias.com.br\/se\/wp-json\/wp\/v2\/posts"}],"about":[{"href":"https:\/\/senoticias.com.br\/se\/wp-json\/wp\/v2\/types\/post"}],"author":[{"embeddable":true,"href":"https:\/\/senoticias.com.br\/se\/wp-json\/wp\/v2\/users\/6557"}],"replies":[{"embeddable":true,"href":"https:\/\/senoticias.com.br\/se\/wp-json\/wp\/v2\/comments?post=153184"}],"version-history":[{"count":0,"href":"https:\/\/senoticias.com.br\/se\/wp-json\/wp\/v2\/posts\/153184\/revisions"}],"wp:featuredmedia":[{"embeddable":true,"href":"https:\/\/senoticias.com.br\/se\/wp-json\/wp\/v2\/media\/153057"}],"wp:attachment":[{"href":"https:\/\/senoticias.com.br\/se\/wp-json\/wp\/v2\/media?parent=153184"}],"wp:term":[{"taxonomy":"category","embeddable":true,"href":"https:\/\/senoticias.com.br\/se\/wp-json\/wp\/v2\/categories?post=153184"},{"taxonomy":"post_tag","embeddable":true,"href":"https:\/\/senoticias.com.br\/se\/wp-json\/wp\/v2\/tags?post=153184"}],"curies":[{"name":"wp","href":"https:\/\/api.w.org\/{rel}","templated":true}]}}