{"id":153180,"date":"2026-09-02T10:37:30","date_gmt":"2026-09-02T13:37:30","guid":{"rendered":"https:\/\/senoticias.com.br\/se\/?p=153180"},"modified":"2026-09-02T11:04:51","modified_gmt":"2026-09-02T14:04:51","slug":"operacao-da-policia-federal-contra-abuso-sexual-infantil-cumpre-mandado-em-sergipe","status":"publish","type":"post","link":"https:\/\/senoticias.com.br\/se\/operacao-da-policia-federal-contra-abuso-sexual-infantil-cumpre-mandado-em-sergipe\/","title":{"rendered":"Opera\u00e7\u00e3o da Pol\u00edcia Federal contra abuso sexual infantil cumpre mandado em Sergipe"},"content":{"rendered":"<p>&nbsp;<\/p>\n<p>A Pol\u00edcia Federal cumpriu um mandado de busca e apreens\u00e3o no munic\u00edpio de Itabaianinha, em Sergipe, durante a Opera\u00e7\u00e3o Nacional Prote\u00e7\u00e3o Integral V, para identificar e responsabilizar investigados por crimes de abuso sexual contra crian\u00e7as e adolescentes. A a\u00e7\u00e3o policial ocorre nesta quarta-feira, 2, e durante a a\u00e7\u00e3o, foram apreendidos equipamentos eletr\u00f4nicos, que ser\u00e3o encaminhados para per\u00edcia.<\/p>\n<p>De acordo com o \u00f3rg\u00e3o, s\u00e3o cumpridos, simultaneamente, mandados de busca e apreens\u00e3o em 27 unidades da Federa\u00e7\u00e3o. A opera\u00e7\u00e3o \u00e9 coordenada pela Pol\u00edcia Federal e conta com a participa\u00e7\u00e3o de policiais federais e policiais civis.<\/p>\n<p>Durante o cumprimento das medidas judiciais, foram realizadas 31 pris\u00f5es em flagrante, cumpridos 13 mandados de pris\u00e3o preventiva, apreens\u00e3o de 3 menores e identificadas e resgatadas 2 v\u00edtimas de abuso. A opera\u00e7\u00e3o tem como foco a repress\u00e3o a crimes relacionados ao armazenamento, compartilhamento, comercializa\u00e7\u00e3o e produ\u00e7\u00e3o de material de abuso sexual infantojuvenil, com atua\u00e7\u00e3o integrada entre as for\u00e7as policiais.<\/p>\n<div id=\"attachment_153187\" style=\"width: 599px\" class=\"wp-caption aligncenter\"><a href=\"https:\/\/senoticias.com.br\/se\/wp-content\/uploads\/2026\/09\/Policia-Federal-SE-Noticias.jpeg\"><img loading=\"lazy\" decoding=\"async\" aria-describedby=\"caption-attachment-153187\" class=\"size-full wp-image-153187\" src=\"https:\/\/senoticias.com.br\/se\/wp-content\/uploads\/2026\/09\/Policia-Federal-SE-Noticias.jpeg\" alt=\"\" width=\"589\" height=\"559\" srcset=\"https:\/\/senoticias.com.br\/se\/wp-content\/uploads\/2026\/09\/Policia-Federal-SE-Noticias.jpeg 589w, https:\/\/senoticias.com.br\/se\/wp-content\/uploads\/2026\/09\/Policia-Federal-SE-Noticias-300x285.jpeg 300w\" sizes=\"(max-width: 589px) 100vw, 589px\" \/><\/a><p id=\"caption-attachment-153187\" class=\"wp-caption-text\"><br \/>Pol\u00edcia Federal cumpre mandados de busca e apreens\u00e3o no munic\u00edpio de Itabaianinha &#8211; Foto: PF\/SE<\/p><\/div>\n<p>Participaram desse esfor\u00e7o conjunto as Policiais Civis dos estados de Alagoas, Amazonas, Bahia, Distrito Federal, Esp\u00edrito Santo, Goi\u00e1s, Mato Grosso, Minas Gerais, Par\u00e1, Para\u00edba, Pernambuco, Piau\u00ed, Rio de Janeiro, Rio Grande do Sul, Rond\u00f4nia, Roraima, Santa Catarina, S\u00e3o Paulo, Sergipe e Tocantins.<\/p>\n<p><strong>Sobre a opera\u00e7\u00e3o<\/strong><\/p>\n<p>A Opera\u00e7\u00e3o Nacional Prote\u00e7\u00e3o Integral V d\u00e1 continuidade \u00e0s a\u00e7\u00f5es realizadas nas opera\u00e7\u00f5es nacionais Prote\u00e7\u00e3o Integral I, II, III e IV, deflagradas em 2025 e 2026, e na Opera\u00e7\u00e3o Nacional Guardi\u00e3o Digital, realizada em mar\u00e7o deste ano.<\/p>\n<p>Esse esfor\u00e7o tem por finalidade promover a integra\u00e7\u00e3o entre as for\u00e7as policiais federais e estaduais na persecu\u00e7\u00e3o penal de indiv\u00edduos envolvidos no armazenamento, compartilhamento, comercializa\u00e7\u00e3o e produ\u00e7\u00e3o de material de abuso sexual infantojuvenil. A deflagra\u00e7\u00e3o da opera\u00e7\u00e3o refor\u00e7a o compromisso institucional com a preven\u00e7\u00e3o e repress\u00e3o de crimes que atentam contra a dignidade sexual de crian\u00e7as e adolescentes, conferindo maior visibilidade \u00e0 necessidade de prote\u00e7\u00e3o integral desse p\u00fablico vulner\u00e1vel.<\/p>\n<p><strong>Alertas da Pol\u00edcia Federal<\/strong><\/p>\n<p>A Pol\u00edcia Federal alerta aos pais e aos respons\u00e1veis sobre a import\u00e2ncia de monitorar e orientar seus filhos no mundo virtual e f\u00edsico, protegendo-os dos riscos de abusos sexuais. Conversar abertamente sobre os perigos do mundo virtual, explicar como utilizar redes sociais, jogos e aplicativos de forma segura e acompanhar de perto as atividades online dos jovens s\u00e3o medidas essenciais de prote\u00e7\u00e3o. Estar atento a mudan\u00e7as de comportamento, como isolamento repentino ou segredo em rela\u00e7\u00e3o ao uso do celular e do computador, pode ajudar a identificar situa\u00e7\u00f5es de risco.<\/p>\n<p>\u00c9 igualmente importante ensinar \u00e0s crian\u00e7as e adolescentes como agir diante de contatos inadequados em ambientes virtuais, refor\u00e7ando que podem e devem procurar ajuda. A preven\u00e7\u00e3o \u00e9 a maneira mais eficaz de garantir a seguran\u00e7a e o bem-estar de crian\u00e7as e adolescentes, e a informa\u00e7\u00e3o continua sendo um instrumento capaz de salvar vidas.<\/p>\n<p><strong><em>Acompanhe tamb\u00e9m o SE Not\u00edcias no\u00a0<a href=\"https:\/\/twitter.com\/Senoticias\" target=\"_blank\" rel=\"noreferrer noopener\">Twitter<\/a>,\u00a0<a href=\"https:\/\/www.facebook.com\/senoticias1\" target=\"_blank\" rel=\"noreferrer noopener\">Facebook<\/a>\u00a0e no\u00a0<a href=\"https:\/\/www.instagram.com\/senoticias\/\" target=\"_blank\" rel=\"noreferrer noopener\">Instagram<\/a><\/em><\/strong><\/p>\n<p>Ascom\/PF\/SE<\/p>\n","protected":false},"excerpt":{"rendered":"<p>&nbsp; A Pol\u00edcia Federal cumpriu um mandado de busca e apreens\u00e3o no munic\u00edpio de Itabaianinha, em Sergipe, durante a Opera\u00e7\u00e3o Nacional Prote\u00e7\u00e3o Integral V, para identificar e responsabilizar investigados por crimes de abuso sexual contra crian\u00e7as e adolescentes. A a\u00e7\u00e3o policial ocorre nesta quarta-feira, 2, e durante a a\u00e7\u00e3o, foram apreendidos equipamentos eletr\u00f4nicos, que ser\u00e3o [&hellip;]<\/p>\n","protected":false},"author":6557,"featured_media":153187,"comment_status":"closed","ping_status":"closed","sticky":false,"template":"","format":"standard","meta":{"footnotes":""},"categories":[15,7,1],"tags":[38576,5084,45176,45177],"class_list":{"0":"post-153180","1":"post","2":"type-post","3":"status-publish","4":"format-standard","5":"has-post-thumbnail","7":"category-destaques","8":"category-policia","9":"category-sem-categoria","10":"tag-abuso-sexual-infantil","11":"tag-operacao-da-policia-federal","12":"tag-operacao-nacional-protecao-integral-v","13":"tag-protecao-integral-v"},"_links":{"self":[{"href":"https:\/\/senoticias.com.br\/se\/wp-json\/wp\/v2\/posts\/153180"}],"collection":[{"href":"https:\/\/senoticias.com.br\/se\/wp-json\/wp\/v2\/posts"}],"about":[{"href":"https:\/\/senoticias.com.br\/se\/wp-json\/wp\/v2\/types\/post"}],"author":[{"embeddable":true,"href":"https:\/\/senoticias.com.br\/se\/wp-json\/wp\/v2\/users\/6557"}],"replies":[{"embeddable":true,"href":"https:\/\/senoticias.com.br\/se\/wp-json\/wp\/v2\/comments?post=153180"}],"version-history":[{"count":0,"href":"https:\/\/senoticias.com.br\/se\/wp-json\/wp\/v2\/posts\/153180\/revisions"}],"wp:featuredmedia":[{"embeddable":true,"href":"https:\/\/senoticias.com.br\/se\/wp-json\/wp\/v2\/media\/153187"}],"wp:attachment":[{"href":"https:\/\/senoticias.com.br\/se\/wp-json\/wp\/v2\/media?parent=153180"}],"wp:term":[{"taxonomy":"category","embeddable":true,"href":"https:\/\/senoticias.com.br\/se\/wp-json\/wp\/v2\/categories?post=153180"},{"taxonomy":"post_tag","embeddable":true,"href":"https:\/\/senoticias.com.br\/se\/wp-json\/wp\/v2\/tags?post=153180"}],"curies":[{"name":"wp","href":"https:\/\/api.w.org\/{rel}","templated":true}]}}