{"id":153179,"date":"2026-09-01T14:45:56","date_gmt":"2026-09-01T17:45:56","guid":{"rendered":"https:\/\/senoticias.com.br\/se\/?p=153179"},"modified":"2026-09-01T14:45:56","modified_gmt":"2026-09-01T17:45:56","slug":"desfile-da-independencia-smtt-altera-itinerarios-do-transporte-coletivo-na-segunda-feira-7","status":"publish","type":"post","link":"https:\/\/senoticias.com.br\/se\/desfile-da-independencia-smtt-altera-itinerarios-do-transporte-coletivo-na-segunda-feira-7\/","title":{"rendered":"Desfile da Independ\u00eancia: SMTT altera itiner\u00e1rios do transporte coletivo na segunda-feira, 7"},"content":{"rendered":"<p>A Prefeitura de Aracaju, por meio da Superintend\u00eancia Municipal de Transportes e Tr\u00e2nsito (SMTT), realizar\u00e1 mudan\u00e7as tempor\u00e1rias no tr\u00e2nsito e nos itiner\u00e1rios do transporte coletivo na pr\u00f3xima segunda-feira, 7 de setembro, em raz\u00e3o do Desfile C\u00edvico da Independ\u00eancia. Para a realiza\u00e7\u00e3o do evento, o tr\u00e1fego de ve\u00edculos na avenida Bar\u00e3o de Maruim ser\u00e1 interditado, assim como em um trecho da avenida Ivo do Prado, entre a Travessa Jos\u00e9 de Faro, nas proximidades da Assembleia Legislativa, e a avenida Augusto Maynard.<\/p>\n<div id=\"attachment_152730\" style=\"width: 610px\" class=\"wp-caption aligncenter\"><a href=\"https:\/\/senoticias.com.br\/se\/wp-content\/uploads\/2026\/07\/Onibus-SE-Noticias-e1784917002629.jpeg\"><img loading=\"lazy\" decoding=\"async\" aria-describedby=\"caption-attachment-152730\" class=\"size-full wp-image-152730\" src=\"https:\/\/senoticias.com.br\/se\/wp-content\/uploads\/2026\/07\/Onibus-SE-Noticias-e1784917002629.jpeg\" alt=\"\" width=\"600\" height=\"800\" \/><\/a><p id=\"caption-attachment-152730\" class=\"wp-caption-text\">SMTT altera itiner\u00e1rios do transporte coletivo na segunda-feira, 7 &#8211; Foto: arquivo\/SE Not\u00edcias<\/p><\/div>\n<p>As interdi\u00e7\u00f5es est\u00e3o previstas para ocorrer das 5h30 \u00e0s 18h. Durante esse per\u00edodo, a SMTT far\u00e1 altera\u00e7\u00f5es provis\u00f3rias nos itiner\u00e1rios das linhas de \u00f4nibus que circulam pelas avenidas Bar\u00e3o de Maruim e Ivo do Prado. As adequa\u00e7\u00f5es foram planejadas para garantir a continuidade do atendimento aos passageiros e manter a cobertura do transporte coletivo na regi\u00e3o central da cidade.<\/p>\n<p>Com os bloqueios, os \u00f4nibus utilizar\u00e3o rotas alternativas para contornar as \u00e1reas interditadas, evitando a interrup\u00e7\u00e3o do servi\u00e7o e garantindo que a popula\u00e7\u00e3o continue contando com op\u00e7\u00f5es de deslocamento durante a realiza\u00e7\u00e3o do desfile.<\/p>\n<p><strong>Confira as linhas que ter\u00e3o seus itiner\u00e1rios alterados:<\/strong><\/p>\n<p>* 001 \u2013 Augusto Franco \/ Bugio<br \/>\n* 002 \u2013 Fernando Collor \/ D.I.A.<br \/>\n* 003 \u2013 Jo\u00e3o Alves \/ Orlando Dantas<br \/>\n* 004 \u2013 Santa Maria \/ Mercado<br \/>\n* 007 \u2013 Fernando Collor \/ Atalaia<br \/>\n* 008 \u2013 Porto Sul \/ Bairro Industrial<br \/>\n* 031 \u2013 Eduardo Gomes \/ Centro via Desembargador Maynard<br \/>\n* 032-1 \u2013 Tijuquinha \/ Centro 01 via Osvaldo Aranha<br \/>\n* 033 \u2013 Terminal Rodovi\u00e1rio \/ Centro via Desembargador Maynard<br \/>\n* 051 \u2013 Atalaia \/ Centro<br \/>\n* 061 \u2013 Marcos Freire I e III \/ Centro<br \/>\n* 200 CIC1 \u2013 Circular Ind\u00fastria e Com\u00e9rcio 01<br \/>\n* 200 CIC2 \u2013 Circular Ind\u00fastria e Com\u00e9rcio 02<br \/>\n* 300 \u2013 Circular Zona Oeste 01<br \/>\n* 300 \u2013 Circular Zona Oeste 02<br \/>\n* 701 \u2013 Jardim Atl\u00e2ntico \/ Mercado via Shopping Riomar<br \/>\n* 702 \u2013 Augusto Franco \/ Mercado via Beira Mar<br \/>\n* 709 \u2013 D.I.A. \/ Centro via Cl\u00ednicas<br \/>\n* 715 \u2013 Tijuquinha \/ Centro via Desembargador Maynard<br \/>\n* 717 \u2013 Mosqueiro \/ Mercado via Beira Mar<br \/>\nLinhas: 001 e 002<\/p>\n<p>Sentido Sul\/Norte: Av. Hermes Fontes, Av. Pedro Calazans, Rua Propri\u00e1, Trav. Benjamin Constant, Av. Rio Branco.<\/p>\n<p>Sentido Norte\/Sul: Av. Rio Branco, P\u00e7. Fausto Cardoso, Trav. Jos\u00e9 de Faro, P\u00e7. Ol\u00edmpio Campos, Rua Itaporanga, Av. Pedro Calazans, Av. Hermes Fontes.<\/p>\n<p><strong>Linhas: 031, 300-1 e 715<\/strong><\/p>\n<p>Sentido Oeste\/Centro: Av. Des. Maynard, Av. Pedro Calazans (\u00e0 esquerda), Rua Propri\u00e1, Trav. Benjamin Constant, Av. Rio Branco.<\/p>\n<p>Sentido Centro\/Oeste: Rua Capela, P\u00e7. Ol\u00edmpio Campos, Rua Itaporanga, Av. Pedro Calazans, Av. Des. Maynard.<\/p>\n<p><strong>Linha: 061<\/strong><\/p>\n<p>Sentido Centro\/Norte: Rua Capela, Rua Propri\u00e1, Trav. Benjamin Constant, Av. Rio Branco.<\/p>\n<p><strong>Linha: 032-1<\/strong><\/p>\n<p>Sentido Oeste\/Centro: Rua Laranjeiras, Rua Capela, Rua Propri\u00e1, Trav. Benjamin Constant, Av. Rio Branco.<\/p>\n<p><strong>Linha: 200 CIC2<\/strong><\/p>\n<p>Sentido Norte\/Sul: Av. Rio Branco, P\u00e7. Fausto Cardoso, Trav. Jos\u00e9 de Faro, P\u00e7. Ol\u00edmpio Campos, Rua Itaporanga, Av. Pedro Calazans, Av. Hermes Fontes, Av. Enos Sadock de S\u00e1, Rua Dom Bosco, Av. Dr. Edelzio Vieira de Melo, Rua Zaqueu Brand\u00e3o, Rua Cel. Stanley da Silveira, Rua Guilhermino Rezende.<\/p>\n<p><strong>Linha: 709<\/strong><\/p>\n<p>Sentido Centro\/Sul: Av. Rio Branco, P\u00e7. Fausto Cardoso, Trav. Jos\u00e9 de Faro, P\u00e7. Ol\u00edmpio Campos, Rua Itaporanga, Av. Pedro Calazans, Av. Hermes Fontes, Av. Enos Sadock de S\u00e1, Rua Dom Bosco, Av. Dr. Edelzio Vieira de Melo, Rua Zaqueu Brand\u00e3o, Rua Cel. Stanley da Silveira, Rua Guilhermino Rezende.<\/p>\n<p><strong>Linhas: 003, 004, 007, 008, 051, 701, 702 e 717<\/strong><\/p>\n<p>Sentido Norte\/Sul: Av. Rio Branco, P\u00e7. Fausto Cardoso, Trav. Jos\u00e9 de Faro, P\u00e7. Ol\u00edmpio Campos, Rua Itaporanga, Av. Pedro Calazans, Av. Hermes Fontes, Av. Enos Sadock de S\u00e1, Rua Dom Bosco, Av. Dr. Edelzio Vieira de Melo, Rua Zaqueu Brand\u00e3o, Rua Cel. Stanley da Silveira, Av. Augusto Maynard, Av. Beira Mar.<\/p>\n<p>Sentido Sul\/ Norte: Av. Gov. Paulo Barreto de Menezes, Av. Augusto Maynard,Av. Gon\u00e7alo Rolemberg, Largo Carro Quebrado, Av. Dr. Edezio Vieira de Melo, Av. Hermes Fontes.<\/p>\n<p><strong>Linha: 300-2<\/strong><\/p>\n<p>Sentido Norte\/Sul: Av. Rio Branco, P\u00e7. Fausto Cardoso, Trav. Jos\u00e9 de Faro, P\u00e7. Ol\u00edmpio Campos, Rua Itaporanga, Av. Pedro Calazans, Av. Des. Maynard.<\/p>\n<p><strong><em>Acompanhe tamb\u00e9m o SE Not\u00edcias no\u00a0<a href=\"https:\/\/twitter.com\/Senoticias\" target=\"_blank\" rel=\"noreferrer noopener\">Twitter<\/a>,\u00a0<a href=\"https:\/\/www.facebook.com\/senoticias1\" target=\"_blank\" rel=\"noreferrer noopener\">Facebook<\/a>\u00a0e no\u00a0<a href=\"https:\/\/www.instagram.com\/senoticias\/\" target=\"_blank\" rel=\"noreferrer noopener\">Instagram<\/a><\/em><\/strong><\/p>\n<p>Fonte: SMTT\/AJU<\/p>\n","protected":false},"excerpt":{"rendered":"<p>A Prefeitura de Aracaju, por meio da Superintend\u00eancia Municipal de Transportes e Tr\u00e2nsito (SMTT), realizar\u00e1 mudan\u00e7as tempor\u00e1rias no tr\u00e2nsito e nos itiner\u00e1rios do transporte coletivo na pr\u00f3xima segunda-feira, 7 de setembro, em raz\u00e3o do Desfile C\u00edvico da Independ\u00eancia. Para a realiza\u00e7\u00e3o do evento, o tr\u00e1fego de ve\u00edculos na avenida Bar\u00e3o de Maruim ser\u00e1 interditado, assim [&hellip;]<\/p>\n","protected":false},"author":6557,"featured_media":153057,"comment_status":"closed","ping_status":"closed","sticky":false,"template":"","format":"standard","meta":{"footnotes":""},"categories":[15,6],"tags":[45175,14875],"class_list":{"0":"post-153179","1":"post","2":"type-post","3":"status-publish","4":"format-standard","5":"has-post-thumbnail","7":"category-destaques","8":"category-politica","9":"tag-desfile-da-independencia","10":"tag-transporte-coletivo"},"_links":{"self":[{"href":"https:\/\/senoticias.com.br\/se\/wp-json\/wp\/v2\/posts\/153179"}],"collection":[{"href":"https:\/\/senoticias.com.br\/se\/wp-json\/wp\/v2\/posts"}],"about":[{"href":"https:\/\/senoticias.com.br\/se\/wp-json\/wp\/v2\/types\/post"}],"author":[{"embeddable":true,"href":"https:\/\/senoticias.com.br\/se\/wp-json\/wp\/v2\/users\/6557"}],"replies":[{"embeddable":true,"href":"https:\/\/senoticias.com.br\/se\/wp-json\/wp\/v2\/comments?post=153179"}],"version-history":[{"count":0,"href":"https:\/\/senoticias.com.br\/se\/wp-json\/wp\/v2\/posts\/153179\/revisions"}],"wp:featuredmedia":[{"embeddable":true,"href":"https:\/\/senoticias.com.br\/se\/wp-json\/wp\/v2\/media\/153057"}],"wp:attachment":[{"href":"https:\/\/senoticias.com.br\/se\/wp-json\/wp\/v2\/media?parent=153179"}],"wp:term":[{"taxonomy":"category","embeddable":true,"href":"https:\/\/senoticias.com.br\/se\/wp-json\/wp\/v2\/categories?post=153179"},{"taxonomy":"post_tag","embeddable":true,"href":"https:\/\/senoticias.com.br\/se\/wp-json\/wp\/v2\/tags?post=153179"}],"curies":[{"name":"wp","href":"https:\/\/api.w.org\/{rel}","templated":true}]}}