{"id":153177,"date":"2026-09-01T10:39:31","date_gmt":"2026-09-01T13:39:31","guid":{"rendered":"https:\/\/senoticias.com.br\/se\/?p=153177"},"modified":"2026-09-01T10:39:31","modified_gmt":"2026-09-01T13:39:31","slug":"fe-e-louvor-tobias-barreto-realiza-mais-uma-edicao-do-celebra-tobias","status":"publish","type":"post","link":"https:\/\/senoticias.com.br\/se\/fe-e-louvor-tobias-barreto-realiza-mais-uma-edicao-do-celebra-tobias\/","title":{"rendered":"F\u00e9 e louvor: Tobias Barreto realiza mais uma edi\u00e7\u00e3o do \u2018Celebra Tobias\u2019"},"content":{"rendered":"<p>A cidade de Tobias Barreto, localizada no Centro-Sul de Sergipe, j\u00e1 se prepara para vivenciar momentos de profunda espiritualidade no pr\u00f3ximo dia 12 de setembro. A Pra\u00e7a do Cruzeiro sediar\u00e1 mais uma edi\u00e7\u00e3o do tradicional festival gospel \u2018Celebra Tobias\u2019, com in\u00edcio marcado para \u00e0s 19h.<\/p>\n<p>O evento, que tem entrada totalmente gratuita, surge com o prop\u00f3sito de promover a unidade crist\u00e3 e reunir pessoas de diversas origens em uma noite de restaura\u00e7\u00e3o, f\u00e9 e louvor.<\/p>\n<div id=\"attachment_153178\" style=\"width: 515px\" class=\"wp-caption aligncenter\"><a href=\"https:\/\/senoticias.com.br\/se\/wp-content\/uploads\/2026\/09\/Cantora-Gabriela-Rocha-SE-Noticias.jpeg\"><img loading=\"lazy\" decoding=\"async\" aria-describedby=\"caption-attachment-153178\" class=\"size-full wp-image-153178\" src=\"https:\/\/senoticias.com.br\/se\/wp-content\/uploads\/2026\/09\/Cantora-Gabriela-Rocha-SE-Noticias.jpeg\" alt=\"\" width=\"505\" height=\"335\" srcset=\"https:\/\/senoticias.com.br\/se\/wp-content\/uploads\/2026\/09\/Cantora-Gabriela-Rocha-SE-Noticias.jpeg 505w, https:\/\/senoticias.com.br\/se\/wp-content\/uploads\/2026\/09\/Cantora-Gabriela-Rocha-SE-Noticias-300x199.jpeg 300w, https:\/\/senoticias.com.br\/se\/wp-content\/uploads\/2026\/09\/Cantora-Gabriela-Rocha-SE-Noticias-90x60.jpeg 90w, https:\/\/senoticias.com.br\/se\/wp-content\/uploads\/2026\/09\/Cantora-Gabriela-Rocha-SE-Noticias-180x120.jpeg 180w, https:\/\/senoticias.com.br\/se\/wp-content\/uploads\/2026\/09\/Cantora-Gabriela-Rocha-SE-Noticias-95x64.jpeg 95w\" sizes=\"(max-width: 505px) 100vw, 505px\" \/><\/a><p id=\"caption-attachment-153178\" class=\"wp-caption-text\">A grande atra\u00e7\u00e3o da noite ser\u00e1 a cantora Gabriela Rocha &#8211; Foto: ascom\/divulga\u00e7\u00e3o<\/p><\/div>\n<p>A grande atra\u00e7\u00e3o da noite ser\u00e1 a cantora Gabriela Rocha, um dos maiores nomes da m\u00fasica crist\u00e3 nacional, que promete emocionar o p\u00fablico com seus grandes sucessos. A programa\u00e7\u00e3o musical conta ainda com as apresenta\u00e7\u00f5es do Minist\u00e9rio de Louvor Uma S\u00f3 Voz, compondo um ambiente planejado para ser acolhedor, transformador e marcante.<\/p>\n<p><strong><em>Acompanhe tamb\u00e9m o SE Not\u00edcias no\u00a0<a href=\"https:\/\/twitter.com\/Senoticias\" target=\"_blank\" rel=\"noreferrer noopener\">Twitter<\/a>,\u00a0<a href=\"https:\/\/www.facebook.com\/senoticias1\" target=\"_blank\" rel=\"noreferrer noopener\">Facebook<\/a>\u00a0e no\u00a0<a href=\"https:\/\/www.instagram.com\/senoticias\/\" target=\"_blank\" rel=\"noreferrer noopener\">Instagram<\/a><\/em><\/strong><\/p>\n<p>Da Assessoria de Imprensa<\/p>\n","protected":false},"excerpt":{"rendered":"<p>A cidade de Tobias Barreto, localizada no Centro-Sul de Sergipe, j\u00e1 se prepara para vivenciar momentos de profunda espiritualidade no pr\u00f3ximo dia 12 de setembro. A Pra\u00e7a do Cruzeiro sediar\u00e1 mais uma edi\u00e7\u00e3o do tradicional festival gospel \u2018Celebra Tobias\u2019, com in\u00edcio marcado para \u00e0s 19h. O evento, que tem entrada totalmente gratuita, surge com o [&hellip;]<\/p>\n","protected":false},"author":6557,"featured_media":153178,"comment_status":"closed","ping_status":"closed","sticky":false,"template":"","format":"standard","meta":{"footnotes":""},"categories":[15,21],"tags":[45173,45174,468],"class_list":{"0":"post-153177","1":"post","2":"type-post","3":"status-publish","4":"format-standard","5":"has-post-thumbnail","7":"category-destaques","8":"category-entretenimento","9":"tag-cantora-gabriela-rocha","10":"tag-fe-e-louvor","11":"tag-tobias-barreto"},"_links":{"self":[{"href":"https:\/\/senoticias.com.br\/se\/wp-json\/wp\/v2\/posts\/153177"}],"collection":[{"href":"https:\/\/senoticias.com.br\/se\/wp-json\/wp\/v2\/posts"}],"about":[{"href":"https:\/\/senoticias.com.br\/se\/wp-json\/wp\/v2\/types\/post"}],"author":[{"embeddable":true,"href":"https:\/\/senoticias.com.br\/se\/wp-json\/wp\/v2\/users\/6557"}],"replies":[{"embeddable":true,"href":"https:\/\/senoticias.com.br\/se\/wp-json\/wp\/v2\/comments?post=153177"}],"version-history":[{"count":0,"href":"https:\/\/senoticias.com.br\/se\/wp-json\/wp\/v2\/posts\/153177\/revisions"}],"wp:featuredmedia":[{"embeddable":true,"href":"https:\/\/senoticias.com.br\/se\/wp-json\/wp\/v2\/media\/153178"}],"wp:attachment":[{"href":"https:\/\/senoticias.com.br\/se\/wp-json\/wp\/v2\/media?parent=153177"}],"wp:term":[{"taxonomy":"category","embeddable":true,"href":"https:\/\/senoticias.com.br\/se\/wp-json\/wp\/v2\/categories?post=153177"},{"taxonomy":"post_tag","embeddable":true,"href":"https:\/\/senoticias.com.br\/se\/wp-json\/wp\/v2\/tags?post=153177"}],"curies":[{"name":"wp","href":"https:\/\/api.w.org\/{rel}","templated":true}]}}