{"id":153170,"date":"2026-09-01T05:26:24","date_gmt":"2026-09-01T08:26:24","guid":{"rendered":"https:\/\/senoticias.com.br\/se\/?p=153170"},"modified":"2026-09-01T05:26:24","modified_gmt":"2026-09-01T08:26:24","slug":"alcolumbre-indica-rodrigo-pacheco-para-vaga-no-tribunal-de-contas-da-uniao","status":"publish","type":"post","link":"https:\/\/senoticias.com.br\/se\/alcolumbre-indica-rodrigo-pacheco-para-vaga-no-tribunal-de-contas-da-uniao\/","title":{"rendered":"Alcolumbre indica Rodrigo Pacheco para vaga no Tribunal de Contas da Uni\u00e3o"},"content":{"rendered":"<p>&nbsp;<\/p>\n<p>O presidente do Senado, Davi Alcolumbre (Uni\u00e3o Brasil-AP), indicou nesta segunda-feira (31) o senador Rodrigo Pacheco (PSB-MG), para o Tribunal de Contas da Uni\u00e3o (TCU). A vaga foi aberta com a sa\u00edda antecipada do ministro Bruno Dantas.<\/p>\n<p>Bruno Dantas decidiu formalizar sua sa\u00edda do cargo, em of\u00edcio encaminhado nesta segunda-feira (31) ao presidente da Corte, Vital do R\u00eago Filho.<\/p>\n<p>De acordo com a publica\u00e7\u00e3o do g1, a indica\u00e7\u00e3o foi assinada pelo presidente do Senado e por 19 senadores, incluindo a l\u00edder do governo no Senado, Teresa Leit\u00e3o (PT-PE), e o l\u00edder da oposi\u00e7\u00e3o no Senado, Rog\u00e9rio Marinho (PL-RN).<\/p>\n<div id=\"attachment_153172\" style=\"width: 601px\" class=\"wp-caption aligncenter\"><a href=\"https:\/\/senoticias.com.br\/se\/wp-content\/uploads\/2026\/09\/Rodrigo-Pacheco-SE-Noticias.jpeg\"><img loading=\"lazy\" decoding=\"async\" aria-describedby=\"caption-attachment-153172\" class=\"size-full wp-image-153172\" src=\"https:\/\/senoticias.com.br\/se\/wp-content\/uploads\/2026\/09\/Rodrigo-Pacheco-SE-Noticias.jpeg\" alt=\"\" width=\"591\" height=\"394\" srcset=\"https:\/\/senoticias.com.br\/se\/wp-content\/uploads\/2026\/09\/Rodrigo-Pacheco-SE-Noticias.jpeg 591w, https:\/\/senoticias.com.br\/se\/wp-content\/uploads\/2026\/09\/Rodrigo-Pacheco-SE-Noticias-300x200.jpeg 300w, https:\/\/senoticias.com.br\/se\/wp-content\/uploads\/2026\/09\/Rodrigo-Pacheco-SE-Noticias-90x60.jpeg 90w, https:\/\/senoticias.com.br\/se\/wp-content\/uploads\/2026\/09\/Rodrigo-Pacheco-SE-Noticias-180x120.jpeg 180w, https:\/\/senoticias.com.br\/se\/wp-content\/uploads\/2026\/09\/Rodrigo-Pacheco-SE-Noticias-95x64.jpeg 95w\" sizes=\"(max-width: 591px) 100vw, 591px\" \/><\/a><p id=\"caption-attachment-153172\" class=\"wp-caption-text\">O senador Rodrigo Pacheco (PSD-MG). \u2014 Foto: Edilson Rodrigues\/Ag\u00eancia Senado<\/p><\/div>\n<p>O cargo de ministro do TCU funciona no mesmo formato do STF: o indicado e aprovado pelo Senado permanece no cargo at\u00e9 a aposentadoria compuls\u00f3ria, aos 75 anos, caso n\u00e3o decida deixar o cargo antes.<\/p>\n<p>Em nota e v\u00eddeo divulgados nesta segunda, Bruno Dantas afirmou que decidiu deixar o cargo para se dedicar a &#8220;novos projetos&#8221; e disse encerrar o ciclo no tribunal com a convic\u00e7\u00e3o de que &#8220;a rotatividade nos altos cargos do pa\u00eds \u00e9 uma virtude&#8221;.<\/p>\n<p>A vaga de Bruno Dantas \u00e9 da cota de indica\u00e7\u00e3o do Senado Federal. Segundo o blog do Valdo Cruz, Alcolumbre, estava esperando apenas a formaliza\u00e7\u00e3o da decis\u00e3o de Bruno Dantas para articular a ida de Rodrigo Pacheco para o TCU.<\/p>\n<p>Agora, a indica\u00e7\u00e3o deve ser encaminhada para a Comiss\u00e3o de Assuntos Econ\u00f4micos (CAE) do Senado, onde Pacheco passar\u00e1 por uma sabatina e ter\u00e1 que ter o nome aprovado pelos senadores.<\/p>\n<p>Em seguida, a indica\u00e7\u00e3o passar\u00e1 por vota\u00e7\u00e3o no plen\u00e1rio da Casa. A expectativa \u00e9 que o nome seja analisado nesta quarta-feira (2). Al\u00e9m disso, o candidato ainda precisa ser aprovado na C\u00e2mara dos Deputados.<\/p>\n<p>Caso o nome seja aprovado nas duas casas, o presidente da Rep\u00fablica nomeia o novo ministro.<\/p>\n<p>O presidente do Senado tamb\u00e9m apresentou um requerimento de urg\u00eancia para que a indica\u00e7\u00e3o siga para o plen\u00e1rio sem passar por sabatina na CAE. Recentemente, o ex-deputado federal Jhonathan de Jesus tamb\u00e9m foi indicado ao cargo pela C\u00e2mara dos Deputados sem que passasse por sabatina.<\/p>\n<p>Alcolumbre defendia a indica\u00e7\u00e3o de Rodrigo Pacheco para uma vaga no Supremo Tribunal Federal (STF), aberta com a aposentadoria do ministro Lu\u00eds Roberto Barroso. O presidente Luiz In\u00e1cio Lula da Silva (PT), no entanto, optou por indicar o ent\u00e3o advogado-geral da Uni\u00e3o, Jorge Messias, que acabou rejeitado pelo Senado.<\/p>\n<p>Ap\u00f3s a derrota do indicado, Lula se afastou politicamente de Alcolumbre por considerar que o presidente do Senado atuou para inviabilizar a aprova\u00e7\u00e3o de Messias.<\/p>\n<p><strong>Neste m\u00eas, por\u00e9m, os dois retomaram o di\u00e1logo.<\/strong><\/p>\n<p>A aproxima\u00e7\u00e3o ocorre em um momento em que o governo busca apoio para avan\u00e7ar com pautas consideradas priorit\u00e1rias no Congresso durante o ano eleitoral, entre elas as propostas de emenda \u00e0 Constitui\u00e7\u00e3o (PECs) que tratam do fim da escala 6&#215;1 e da seguran\u00e7a p\u00fablica, al\u00e9m da medida provis\u00f3ria que extingue a chamada taxa das blusinhas.<\/p>\n<p><strong><em>Acompanhe tamb\u00e9m o SE Not\u00edcias no\u00a0<a href=\"https:\/\/twitter.com\/Senoticias\" target=\"_blank\" rel=\"noreferrer noopener\">Twitter<\/a>,\u00a0<a href=\"https:\/\/www.facebook.com\/senoticias1\" target=\"_blank\" rel=\"noreferrer noopener\">Facebook<\/a>\u00a0e no\u00a0<a href=\"https:\/\/www.instagram.com\/senoticias\/\" target=\"_blank\" rel=\"noreferrer noopener\">Instagram<\/a><\/em><\/strong><\/p>\n<p>Fonte: G1<\/p>\n","protected":false},"excerpt":{"rendered":"<p>&nbsp; O presidente do Senado, Davi Alcolumbre (Uni\u00e3o Brasil-AP), indicou nesta segunda-feira (31) o senador Rodrigo Pacheco (PSB-MG), para o Tribunal de Contas da Uni\u00e3o (TCU). A vaga foi aberta com a sa\u00edda antecipada do ministro Bruno Dantas. Bruno Dantas decidiu formalizar sua sa\u00edda do cargo, em of\u00edcio encaminhado nesta segunda-feira (31) ao presidente da [&hellip;]<\/p>\n","protected":false},"author":6557,"featured_media":153172,"comment_status":"closed","ping_status":"closed","sticky":false,"template":"","format":"standard","meta":{"footnotes":""},"categories":[15,6],"tags":[16259,6391,7111],"class_list":{"0":"post-153170","1":"post","2":"type-post","3":"status-publish","4":"format-standard","5":"has-post-thumbnail","7":"category-destaques","8":"category-politica","9":"tag-rodrigo-pacheco","10":"tag-tcu","11":"tag-tribunal-de-contas-da-uniao"},"_links":{"self":[{"href":"https:\/\/senoticias.com.br\/se\/wp-json\/wp\/v2\/posts\/153170"}],"collection":[{"href":"https:\/\/senoticias.com.br\/se\/wp-json\/wp\/v2\/posts"}],"about":[{"href":"https:\/\/senoticias.com.br\/se\/wp-json\/wp\/v2\/types\/post"}],"author":[{"embeddable":true,"href":"https:\/\/senoticias.com.br\/se\/wp-json\/wp\/v2\/users\/6557"}],"replies":[{"embeddable":true,"href":"https:\/\/senoticias.com.br\/se\/wp-json\/wp\/v2\/comments?post=153170"}],"version-history":[{"count":0,"href":"https:\/\/senoticias.com.br\/se\/wp-json\/wp\/v2\/posts\/153170\/revisions"}],"wp:featuredmedia":[{"embeddable":true,"href":"https:\/\/senoticias.com.br\/se\/wp-json\/wp\/v2\/media\/153172"}],"wp:attachment":[{"href":"https:\/\/senoticias.com.br\/se\/wp-json\/wp\/v2\/media?parent=153170"}],"wp:term":[{"taxonomy":"category","embeddable":true,"href":"https:\/\/senoticias.com.br\/se\/wp-json\/wp\/v2\/categories?post=153170"},{"taxonomy":"post_tag","embeddable":true,"href":"https:\/\/senoticias.com.br\/se\/wp-json\/wp\/v2\/tags?post=153170"}],"curies":[{"name":"wp","href":"https:\/\/api.w.org\/{rel}","templated":true}]}}