{"id":153163,"date":"2026-08-31T17:53:37","date_gmt":"2026-08-31T20:53:37","guid":{"rendered":"https:\/\/senoticias.com.br\/se\/?p=153163"},"modified":"2026-08-31T17:53:37","modified_gmt":"2026-08-31T20:53:37","slug":"homem-e-preso-suspeito-de-manter-companheira-e-recem-nascido-em-carcere-privado-em-aracaju","status":"publish","type":"post","link":"https:\/\/senoticias.com.br\/se\/homem-e-preso-suspeito-de-manter-companheira-e-recem-nascido-em-carcere-privado-em-aracaju\/","title":{"rendered":"Homem \u00e9 preso suspeito de manter companheira e rec\u00e9m-nascido em c\u00e1rcere privado, em Aracaju"},"content":{"rendered":"<p>O Batalh\u00e3o de Pol\u00edcia de Radiopatrulha (BPRp) conduziu um homem \u00e0 delegacia ap\u00f3s atender uma ocorr\u00eancia de viol\u00eancia dom\u00e9stica contra a mulher, na noite desse s\u00e1bado, 29, no Bairro Porto Dantas, Zona Norte de Aracaju.<\/p>\n<p>Segundo relatos colhidos no local da ocorr\u00eancia, a filha da v\u00edtima teria presenciado o companheiro da m\u00e3e desferir um soco no rosto dela. Ao tentar intervir, a jovem relatou que o suspeito teria corrido atr\u00e1s dela pela via p\u00fablica, levando-a a pedir ajuda aos vizinhos.<\/p>\n<p>Com a chegada dos policiais, o homem foi localizado e abordado. Aos militares, ele negou ter agredido a companheira e apresentou outra vers\u00e3o para os fatos.<\/p>\n<div id=\"attachment_153164\" style=\"width: 601px\" class=\"wp-caption aligncenter\"><a href=\"https:\/\/senoticias.com.br\/se\/wp-content\/uploads\/2026\/08\/Carcere-privado-SE-Noticias.jpeg\"><img loading=\"lazy\" decoding=\"async\" aria-describedby=\"caption-attachment-153164\" class=\"size-full wp-image-153164\" src=\"https:\/\/senoticias.com.br\/se\/wp-content\/uploads\/2026\/08\/Carcere-privado-SE-Noticias.jpeg\" alt=\"\" width=\"591\" height=\"443\" srcset=\"https:\/\/senoticias.com.br\/se\/wp-content\/uploads\/2026\/08\/Carcere-privado-SE-Noticias.jpeg 591w, https:\/\/senoticias.com.br\/se\/wp-content\/uploads\/2026\/08\/Carcere-privado-SE-Noticias-300x225.jpeg 300w, https:\/\/senoticias.com.br\/se\/wp-content\/uploads\/2026\/08\/Carcere-privado-SE-Noticias-45x35.jpeg 45w\" sizes=\"(max-width: 591px) 100vw, 591px\" \/><\/a><p id=\"caption-attachment-153164\" class=\"wp-caption-text\"><br \/>Na ocasi\u00e3o, filha da v\u00edtima presenciou a a\u00e7\u00e3o e foi perseguida pelo companheiro da m\u00e3e &#8211; Foto: PM\/SE<\/p><\/div>\n<p>A v\u00edtima, por sua vez, confirmou ter sido agredida pelo companheiro e relatou aos policiais que ele tamb\u00e9m teria perseguido sua filha com a inten\u00e7\u00e3o de agredi-la.<\/p>\n<p>Diante das circunst\u00e2ncias e da necessidade de apura\u00e7\u00e3o dos fatos pela autoridade policial competente, os envolvidos foram conduzidos \u00e0 Delegacia Especializada, onde foram adotados os procedimentos legais cab\u00edveis.<\/p>\n<p><strong><em>Acompanhe tamb\u00e9m o SE Not\u00edcias no\u00a0<a href=\"https:\/\/twitter.com\/Senoticias\" target=\"_blank\" rel=\"noreferrer noopener\">Twitter<\/a>,\u00a0<a href=\"https:\/\/www.facebook.com\/senoticias1\" target=\"_blank\" rel=\"noreferrer noopener\">Facebook<\/a>\u00a0e no\u00a0<a href=\"https:\/\/www.instagram.com\/senoticias\/\" target=\"_blank\" rel=\"noreferrer noopener\">Instagram<\/a><\/em><\/strong><\/p>\n<p>Fonte: Ascom\/PMSE<\/p>\n","protected":false},"excerpt":{"rendered":"<p>O Batalh\u00e3o de Pol\u00edcia de Radiopatrulha (BPRp) conduziu um homem \u00e0 delegacia ap\u00f3s atender uma ocorr\u00eancia de viol\u00eancia dom\u00e9stica contra a mulher, na noite desse s\u00e1bado, 29, no Bairro Porto Dantas, Zona Norte de Aracaju. Segundo relatos colhidos no local da ocorr\u00eancia, a filha da v\u00edtima teria presenciado o companheiro da m\u00e3e desferir um soco [&hellip;]<\/p>\n","protected":false},"author":6557,"featured_media":153164,"comment_status":"closed","ping_status":"closed","sticky":false,"template":"","format":"standard","meta":{"footnotes":""},"categories":[15,7],"tags":[15817,4605,2182],"class_list":{"0":"post-153163","1":"post","2":"type-post","3":"status-publish","4":"format-standard","5":"has-post-thumbnail","7":"category-destaques","8":"category-policia","9":"tag-carcere-privado","10":"tag-homem-preso","11":"tag-pmse"},"_links":{"self":[{"href":"https:\/\/senoticias.com.br\/se\/wp-json\/wp\/v2\/posts\/153163"}],"collection":[{"href":"https:\/\/senoticias.com.br\/se\/wp-json\/wp\/v2\/posts"}],"about":[{"href":"https:\/\/senoticias.com.br\/se\/wp-json\/wp\/v2\/types\/post"}],"author":[{"embeddable":true,"href":"https:\/\/senoticias.com.br\/se\/wp-json\/wp\/v2\/users\/6557"}],"replies":[{"embeddable":true,"href":"https:\/\/senoticias.com.br\/se\/wp-json\/wp\/v2\/comments?post=153163"}],"version-history":[{"count":0,"href":"https:\/\/senoticias.com.br\/se\/wp-json\/wp\/v2\/posts\/153163\/revisions"}],"wp:featuredmedia":[{"embeddable":true,"href":"https:\/\/senoticias.com.br\/se\/wp-json\/wp\/v2\/media\/153164"}],"wp:attachment":[{"href":"https:\/\/senoticias.com.br\/se\/wp-json\/wp\/v2\/media?parent=153163"}],"wp:term":[{"taxonomy":"category","embeddable":true,"href":"https:\/\/senoticias.com.br\/se\/wp-json\/wp\/v2\/categories?post=153163"},{"taxonomy":"post_tag","embeddable":true,"href":"https:\/\/senoticias.com.br\/se\/wp-json\/wp\/v2\/tags?post=153163"}],"curies":[{"name":"wp","href":"https:\/\/api.w.org\/{rel}","templated":true}]}}