{"id":153159,"date":"2026-08-31T11:31:01","date_gmt":"2026-08-31T14:31:01","guid":{"rendered":"https:\/\/senoticias.com.br\/se\/?p=153159"},"modified":"2026-08-31T11:44:43","modified_gmt":"2026-08-31T14:44:43","slug":"mae-e-presa-suspeita-de-envolvimento-na-morte-da-propria-filha-de-6-anos-no-interior-de-sergipe","status":"publish","type":"post","link":"https:\/\/senoticias.com.br\/se\/mae-e-presa-suspeita-de-envolvimento-na-morte-da-propria-filha-de-6-anos-no-interior-de-sergipe\/","title":{"rendered":"M\u00e3e \u00e9 presa suspeita de envolvimento na morte da pr\u00f3pria filha de 6 anos no interior de Sergipe"},"content":{"rendered":"<p>&nbsp;<\/p>\n<p>A Pol\u00edcia Militar, por meio da 3\u00aa Companhia do 6\u00ba Batalh\u00e3o de Pol\u00edcia Militar (3\u00aa Cia\/6\u00ba BPM), prendeu, na sexta-feira, 28, uma mulher de 34 anos suspeita de envolvimento na morte da pr\u00f3pria filha, de seis anos, identificada como Hannah Valentina Fernandes O\u2019Regan, no povoado Matinha, zona rural de Umba\u00faba, distante cerca de 100 quil\u00f4metros de Aracaju. A mulher foi localizada no interior da resid\u00eancia onde ocorreu o fato e, ap\u00f3s ser conduzida \u00e0 Delegacia de Umba\u00faba, teve a pris\u00e3o em flagrante formalizada pela Pol\u00edcia Civil.<\/p>\n<p>A equipe policial foi acionada para averiguar uma ocorr\u00eancia inicialmente comunicada como tentativa de homic\u00eddio, envolvendo uma crian\u00e7a que teria sido v\u00edtima de envenenamento. No local, os militares encontraram v\u00e1rias pessoas em frente \u00e0 resid\u00eancia e localizaram a mulher sentada no ch\u00e3o da sala, com curativos na regi\u00e3o dos pulsos e visivelmente abalada. Ela recebia atendimento de uma equipe do Servi\u00e7o de Atendimento M\u00f3vel de Urg\u00eancia (Samu), que constatou o \u00f3bito da crian\u00e7a.<\/p>\n<div id=\"attachment_153161\" style=\"width: 503px\" class=\"wp-caption aligncenter\"><a href=\"https:\/\/senoticias.com.br\/se\/wp-content\/uploads\/2026\/08\/Crianca-SE-Noticias.jpeg\"><img loading=\"lazy\" decoding=\"async\" aria-describedby=\"caption-attachment-153161\" class=\"size-full wp-image-153161\" src=\"https:\/\/senoticias.com.br\/se\/wp-content\/uploads\/2026\/08\/Crianca-SE-Noticias.jpeg\" alt=\"\" width=\"493\" height=\"359\" srcset=\"https:\/\/senoticias.com.br\/se\/wp-content\/uploads\/2026\/08\/Crianca-SE-Noticias.jpeg 493w, https:\/\/senoticias.com.br\/se\/wp-content\/uploads\/2026\/08\/Crianca-SE-Noticias-300x218.jpeg 300w, https:\/\/senoticias.com.br\/se\/wp-content\/uploads\/2026\/08\/Crianca-SE-Noticias-278x202.jpeg 278w\" sizes=\"(max-width: 493px) 100vw, 493px\" \/><\/a><p id=\"caption-attachment-153161\" class=\"wp-caption-text\">M\u00e3e \u00e9 presa suspeita de envolvimento na morte da pr\u00f3pria filha &#8211; Foto: arquivo\/fam\u00edlia<\/p><\/div>\n<p>O Instituto M\u00e9dico-Legal (IML) e a per\u00edcia criminal foram acionados para a realiza\u00e7\u00e3o dos procedimentos t\u00e9cnicos. A mulher foi encaminhada a uma unidade de sa\u00fade para avalia\u00e7\u00e3o m\u00e9dica e, posteriormente, apresentada \u00e0 Delegacia de Umba\u00faba.<\/p>\n<p>Ap\u00f3s as dilig\u00eancias iniciais, a Pol\u00edcia Civil formalizou o Auto de Pris\u00e3o em Flagrante e apresentou o caso ao Poder Judici\u00e1rio. Durante a audi\u00eancia de cust\u00f3dia, foi determinada a interna\u00e7\u00e3o hospitalar de natureza cautelar da investigada em uma unidade de sa\u00fade integrante da Rede de Aten\u00e7\u00e3o Psicossocial (RAPS).<\/p>\n<p>A investiga\u00e7\u00e3o permanece sob responsabilidade da Delegacia de Umba\u00faba, que prossegue com as dilig\u00eancias para esclarecer as circunst\u00e2ncias da morte da crian\u00e7a e apurar eventual responsabilidade pelos fatos.<\/p>\n<p><strong><em>Acompanhe tamb\u00e9m o SE Not\u00edcias no\u00a0<a href=\"https:\/\/twitter.com\/Senoticias\" target=\"_blank\" rel=\"noreferrer noopener\">Twitter<\/a>,\u00a0<a href=\"https:\/\/www.facebook.com\/senoticias1\" target=\"_blank\" rel=\"noreferrer noopener\">Facebook<\/a>\u00a0e no\u00a0<a href=\"https:\/\/www.instagram.com\/senoticias\/\" target=\"_blank\" rel=\"noreferrer noopener\">Instagram<\/a><\/em><\/strong><\/p>\n<p>Reda\u00e7\u00e3o, com informa\u00e7\u00f5es da PMSE<\/p>\n","protected":false},"excerpt":{"rendered":"<p>&nbsp; A Pol\u00edcia Militar, por meio da 3\u00aa Companhia do 6\u00ba Batalh\u00e3o de Pol\u00edcia Militar (3\u00aa Cia\/6\u00ba BPM), prendeu, na sexta-feira, 28, uma mulher de 34 anos suspeita de envolvimento na morte da pr\u00f3pria filha, de seis anos, identificada como Hannah Valentina Fernandes O\u2019Regan, no povoado Matinha, zona rural de Umba\u00faba, distante cerca de 100 [&hellip;]<\/p>\n","protected":false},"author":6557,"featured_media":153161,"comment_status":"closed","ping_status":"closed","sticky":false,"template":"","format":"standard","meta":{"footnotes":""},"categories":[15,7,1],"tags":[45172,45171,5451],"class_list":{"0":"post-153159","1":"post","2":"type-post","3":"status-publish","4":"format-standard","5":"has-post-thumbnail","7":"category-destaques","8":"category-policia","9":"category-sem-categoria","10":"tag-mae-e-presa","11":"tag-morte-da-propria-filha","12":"tag-umbauba"},"_links":{"self":[{"href":"https:\/\/senoticias.com.br\/se\/wp-json\/wp\/v2\/posts\/153159"}],"collection":[{"href":"https:\/\/senoticias.com.br\/se\/wp-json\/wp\/v2\/posts"}],"about":[{"href":"https:\/\/senoticias.com.br\/se\/wp-json\/wp\/v2\/types\/post"}],"author":[{"embeddable":true,"href":"https:\/\/senoticias.com.br\/se\/wp-json\/wp\/v2\/users\/6557"}],"replies":[{"embeddable":true,"href":"https:\/\/senoticias.com.br\/se\/wp-json\/wp\/v2\/comments?post=153159"}],"version-history":[{"count":0,"href":"https:\/\/senoticias.com.br\/se\/wp-json\/wp\/v2\/posts\/153159\/revisions"}],"wp:featuredmedia":[{"embeddable":true,"href":"https:\/\/senoticias.com.br\/se\/wp-json\/wp\/v2\/media\/153161"}],"wp:attachment":[{"href":"https:\/\/senoticias.com.br\/se\/wp-json\/wp\/v2\/media?parent=153159"}],"wp:term":[{"taxonomy":"category","embeddable":true,"href":"https:\/\/senoticias.com.br\/se\/wp-json\/wp\/v2\/categories?post=153159"},{"taxonomy":"post_tag","embeddable":true,"href":"https:\/\/senoticias.com.br\/se\/wp-json\/wp\/v2\/tags?post=153159"}],"curies":[{"name":"wp","href":"https:\/\/api.w.org\/{rel}","templated":true}]}}