{"id":153156,"date":"2026-08-31T10:04:22","date_gmt":"2026-08-31T13:04:22","guid":{"rendered":"https:\/\/senoticias.com.br\/se\/?p=153156"},"modified":"2026-08-31T10:12:54","modified_gmt":"2026-08-31T13:12:54","slug":"pesquisa-btg-nexus-lula-tem-39-das-intencoes-de-voto-no-1o-turno-flavio-33","status":"publish","type":"post","link":"https:\/\/senoticias.com.br\/se\/pesquisa-btg-nexus-lula-tem-39-das-intencoes-de-voto-no-1o-turno-flavio-33\/","title":{"rendered":"Pesquisa BTG-Nexus: Lula tem 39% das inten\u00e7\u00f5es de voto no 1\u00ba turno; Fl\u00e1vio, 33%"},"content":{"rendered":"<p>Na primeira pesquisa BTG-Nexus ap\u00f3s as sabatinas da TV Globo, o candidato\u00a0Luiz In\u00e1cio Lula da Silva (PT)\u00a0aparece com 39% das inten\u00e7\u00f5es de voto no primeiro turno enquanto Fl\u00e1vio Bolsonaro (PL)\u00a0tem 33%. O escritor Augusto Cury (Avante) assumiu a terceira posi\u00e7\u00e3o, com 11%, segundo o levantamento divulgado nesta segunda-feira, 31.\u00a0A\u00a0margem de erro \u00e9 de 2 pontos percentuais para mais ou para menos. (veja os n\u00fameros abaixo).<\/p>\n<p>Momento da Decis\u00e3o vai colocar frente a frente os principais candidatos \u00e0 Presid\u00eancia no dia 14 de setembro, \u00e0s 22h, em debate promovido pelo Terra e outros 10 ve\u00edculos<\/p>\n<div id=\"attachment_153157\" style=\"width: 610px\" class=\"wp-caption aligncenter\"><a href=\"https:\/\/senoticias.com.br\/se\/wp-content\/uploads\/2026\/08\/Pesquisa-BTG-Nexus-SE-Noticias.jpeg\"><img loading=\"lazy\" decoding=\"async\" aria-describedby=\"caption-attachment-153157\" class=\"size-full wp-image-153157\" src=\"https:\/\/senoticias.com.br\/se\/wp-content\/uploads\/2026\/08\/Pesquisa-BTG-Nexus-SE-Noticias.jpeg\" alt=\"\" width=\"600\" height=\"400\" srcset=\"https:\/\/senoticias.com.br\/se\/wp-content\/uploads\/2026\/08\/Pesquisa-BTG-Nexus-SE-Noticias.jpeg 600w, https:\/\/senoticias.com.br\/se\/wp-content\/uploads\/2026\/08\/Pesquisa-BTG-Nexus-SE-Noticias-300x200.jpeg 300w, https:\/\/senoticias.com.br\/se\/wp-content\/uploads\/2026\/08\/Pesquisa-BTG-Nexus-SE-Noticias-90x60.jpeg 90w, https:\/\/senoticias.com.br\/se\/wp-content\/uploads\/2026\/08\/Pesquisa-BTG-Nexus-SE-Noticias-180x120.jpeg 180w, https:\/\/senoticias.com.br\/se\/wp-content\/uploads\/2026\/08\/Pesquisa-BTG-Nexus-SE-Noticias-95x64.jpeg 95w\" sizes=\"(max-width: 600px) 100vw, 600px\" \/><\/a><p id=\"caption-attachment-153157\" class=\"wp-caption-text\"><br \/>Pesquisa BTG-Nexus: Lula tem 39% das inten\u00e7\u00f5es de voto no 1\u00ba turno; Fl\u00e1vio, 33% &#8211; Foto: Foto: Wilton Junior\/Estad\u00e3o<\/p><\/div>\n<p>Na \u00faltima pesquisa, de 24 de agosto, Lula e Fl\u00e1vio estavam empatados tecnicamente. O candidato \u00e0 reelei\u00e7\u00e3o tinha 41% das inten\u00e7\u00f5es de voto enquanto Fl\u00e1vio havia marcado 37%.<\/p>\n<p>Se o empate t\u00e9cnico n\u00e3o ocorre mais em primeiro turno, ele persiste no segundo turno, assim como no confronto entre o petista e Ronaldo Caiado (PSD). (veja os n\u00fameros abaixo)<\/p>\n<p>Ap\u00f3s as sabatinas, a rejei\u00e7\u00e3o aos candidatos Renan Santos (Miss\u00e3o),\u00a0Ronaldo Caiado (PSD) e\u00a0Romeu Zema (Novo) cresceu al\u00e9m da margem de erro, com\u00a040%, 37% e 41%,\u00a0respectivamente, dos eleitores que n\u00e3o votariam neles de jeito nenhum. (veja os n\u00fameros)<\/p>\n<p>A pesquisa BTG\/Nexus ouviu, por telefone, 2.005 eleitores com 16 anos ou mais em todo o territ\u00f3rio nacional. O intervalo de confian\u00e7a \u00e9 de 95%.<\/p>\n<p>O levantamento, registrado no TSE sob o protocolo BR-08900\/2026, foi realizado entre os dias 28 e 30 de agosto, per\u00edodo que j\u00e1 abarca as sabatinas da Globo, promovidas entre 24 e 29 de agosto. A pesquisa tamb\u00e9m foi a primeira do instituto ap\u00f3s\u00a0o esvaziado debate da TV Bandeirantes, realizado em 23 de agosto, e o in\u00edcio do hor\u00e1rio eleitoral &#8212; o primeiro programa dos candidatos a presidente foi veiculado em 29 de agosto.<\/p>\n<p><strong>Veja os n\u00fameros da simula\u00e7\u00e3o de 1\u00ba turno:<\/strong><\/p>\n<p>Lula (PT): 39%\u00a0(em 24 de agosto, eram 41%)<br \/>\nFl\u00e1vio Bolsonaro (PL): 33%\u00a0(em 24\u00a0de agosto, eram 37%)<br \/>\nEscritor Augusto Cury (Avante): 11% (em 24\u00a0de agosto, eram 2%)<br \/>\nRonaldo Caiado (PSD): 5%\u00a0(em 24\u00a0de agosto, eram 5%)<br \/>\nRenan Santos (Miss\u00e3o): 3%\u00a0(em 24\u00a0de agosto, eram 3%)<br \/>\nRomeu Zema (Novo): 1%\u00a0(em 24\u00a0de agosto, eram 3%)<br \/>\nSamara Martins (UP): 1% (em 24\u00a0de agosto, era\u00a01%)<br \/>\nRui Costa Pimenta (PCO): 0% (em 24 de agosto, era\u00a00%)<br \/>\nHertz Dias (PSTU): 0% (em 24\u00a0de agosto, era\u00a00%)<br \/>\nEdmilson Costa (PCB): 0% (em 24\u00a0de agosto, era\u00a00%)<br \/>\nVeterin\u00e1rio Wilson Grassi (Democrata): 0%\u00a0(em 24\u00a0de agosto, era\u00a00%)<br \/>\nClariana Bar\u00e3o (DC): 0%\u00a0(em 24\u00a0de agosto, era\u00a00%)<br \/>\nNenhum\/branco\/nulo: 3% (em 24\u00a0de agosto, eram 5%)<br \/>\nN\u00e3o sabe\/n\u00e3o respondeu: 3% (em 24\u00a0de agosto, eram 3%)<\/p>\n<p><strong>Cen\u00e1rio 2 de 1\u00ba turno<br \/>\n<\/strong><br \/>\nA pesquisa BTG\/Nexus tamb\u00e9m realizou um segundo cen\u00e1rio de inten\u00e7\u00e3o de voto no primeiro turno com a presen\u00e7a do candidato Pablo Mar\u00e7al (PRTB). O pol\u00edtico, por\u00e9m, est\u00e1\u00a0ineleg\u00edvel pela Justi\u00e7a Eleitoral, mas registrou a candidatura a presidente no limite do prazo, em 15 de agosto.<\/p>\n<p><strong>Veja os n\u00fameros da simula\u00e7\u00e3o de 1\u00ba turno, com Mar\u00e7al:<\/strong><\/p>\n<p>Lula (PT): 37% (em 24 de agosto, eram 40%)<br \/>\nFl\u00e1vio Bolsonaro (PL): 31% (em 24 de agosto, eram 34%)<br \/>\nEscritor Augusto Cury (Avante):\u00a011%\u00a0 (em 24 de agosto, eram 2%)<br \/>\nRonaldo Caiado (PSD): 6% (em 24 de agosto, eram 5%)<br \/>\nPablo Mar\u00e7al (PRTB): 3% (em 24 de agosto, eram 4%)<br \/>\nRenan Santos (Miss\u00e3o): 3% (em 24 de agosto, eram 3%)<br \/>\nRomeu Zema (Novo): 2% (em 24 de agosto, eram 2%)<br \/>\nSamara Martins (UP): 1% (em 24 de agosto, era 1%)<br \/>\nVeterin\u00e1rio Wilson Grassi (Democrata):\u00a01% (em 24 de agosto, era 0%)<br \/>\nRui Costa Pimenta (PCO): 0% (em 24 de agosto, era 1%)<br \/>\nClariana Bar\u00e3o (DC): 0% (em 24 de agosto, era 1%)<br \/>\nHertz Dias (PSTU): 0% (em 24 de agosto, era 0%)<br \/>\nEdmilson Costa (PCB): 0% (em 24 de agosto, era 0%)<br \/>\nNenhum\/branco\/nulo: 3% (em 24 de agosto, eram 4%)<br \/>\nN\u00e3o sabe\/n\u00e3o respondeu: 2% (em 24 de agosto, eram 3%)<\/p>\n<p><strong>Segundo turno<br \/>\n<\/strong><br \/>\nA pesquisa BTG-Nexus tamb\u00e9m simulou eventuais disputas de segundo turno de Lula com os outros.<\/p>\n<p>H\u00e1 empate t\u00e9cnico do petista no confronto com Fl\u00e1vio e Caiado. J\u00e1 contra Zema e Renan Santos, o candidato \u00e0 reelei\u00e7\u00e3o venceria. N\u00e3o foi testado eventual cen\u00e1rio de segundo turno entre Lula e Cury.<\/p>\n<p><strong>Veja os n\u00fameros da simula\u00e7\u00e3o de 2\u00ba turno:<\/strong><\/p>\n<p>Lula x Fl\u00e1vio Bolsonaro<br \/>\nLula: 46%\u00a0(em 24 de agosto, eram 46%)<br \/>\nFl\u00e1vio Bolsonaro:\u00a045% (em 24 de agosto, eram 45%)<br \/>\nNenhum\/branco\/nulo:\u00a08% (em 24 de agosto, eram 8%)<br \/>\nN\u00e3o sabe\/n\u00e3o respondeu: 1% (em 24 de agosto, era 1%)<\/p>\n<p><strong><em>Acompanhe tamb\u00e9m o SE Not\u00edcias no\u00a0<a href=\"https:\/\/twitter.com\/Senoticias\" target=\"_blank\" rel=\"noreferrer noopener\">Twitter<\/a>,\u00a0<a href=\"https:\/\/www.facebook.com\/senoticias1\" target=\"_blank\" rel=\"noreferrer noopener\">Facebook<\/a>\u00a0e no\u00a0<a href=\"https:\/\/www.instagram.com\/senoticias\/\" target=\"_blank\" rel=\"noreferrer noopener\">Instagram<\/a><\/em><\/strong><\/p>\n<p>Para ler a mat\u00e9ria completa, clique <a href=\"https:\/\/www.terra.com.br\/noticias\/eleicoes\/pesquisas\/pesquisa-btg-nexus-lula-tem-39-das-intencoes-de-voto-no-1-turno-flavio-33,5c190edc45dadfad7c209d0fb7429956m85j1h6m.html\"><strong>AQUI<\/strong><\/a><\/p>\n","protected":false},"excerpt":{"rendered":"<p>Na primeira pesquisa BTG-Nexus ap\u00f3s as sabatinas da TV Globo, o candidato\u00a0Luiz In\u00e1cio Lula da Silva (PT)\u00a0aparece com 39% das inten\u00e7\u00f5es de voto no primeiro turno enquanto Fl\u00e1vio Bolsonaro (PL)\u00a0tem 33%. O escritor Augusto Cury (Avante) assumiu a terceira posi\u00e7\u00e3o, com 11%, segundo o levantamento divulgado nesta segunda-feira, 31.\u00a0A\u00a0margem de erro \u00e9 de 2 pontos [&hellip;]<\/p>\n","protected":false},"author":6557,"featured_media":153157,"comment_status":"closed","ping_status":"closed","sticky":false,"template":"","format":"standard","meta":{"footnotes":""},"categories":[15,6,1],"tags":[41598,45170],"class_list":{"0":"post-153156","1":"post","2":"type-post","3":"status-publish","4":"format-standard","5":"has-post-thumbnail","7":"category-destaques","8":"category-politica","9":"category-sem-categoria","10":"tag-eleicoes-2026","11":"tag-pesquisa-btg-nexus"},"_links":{"self":[{"href":"https:\/\/senoticias.com.br\/se\/wp-json\/wp\/v2\/posts\/153156"}],"collection":[{"href":"https:\/\/senoticias.com.br\/se\/wp-json\/wp\/v2\/posts"}],"about":[{"href":"https:\/\/senoticias.com.br\/se\/wp-json\/wp\/v2\/types\/post"}],"author":[{"embeddable":true,"href":"https:\/\/senoticias.com.br\/se\/wp-json\/wp\/v2\/users\/6557"}],"replies":[{"embeddable":true,"href":"https:\/\/senoticias.com.br\/se\/wp-json\/wp\/v2\/comments?post=153156"}],"version-history":[{"count":0,"href":"https:\/\/senoticias.com.br\/se\/wp-json\/wp\/v2\/posts\/153156\/revisions"}],"wp:featuredmedia":[{"embeddable":true,"href":"https:\/\/senoticias.com.br\/se\/wp-json\/wp\/v2\/media\/153157"}],"wp:attachment":[{"href":"https:\/\/senoticias.com.br\/se\/wp-json\/wp\/v2\/media?parent=153156"}],"wp:term":[{"taxonomy":"category","embeddable":true,"href":"https:\/\/senoticias.com.br\/se\/wp-json\/wp\/v2\/categories?post=153156"},{"taxonomy":"post_tag","embeddable":true,"href":"https:\/\/senoticias.com.br\/se\/wp-json\/wp\/v2\/tags?post=153156"}],"curies":[{"name":"wp","href":"https:\/\/api.w.org\/{rel}","templated":true}]}}