{"id":151895,"date":"2026-05-03T11:55:33","date_gmt":"2026-05-03T14:55:33","guid":{"rendered":"https:\/\/senoticias.com.br\/se\/?p=151895"},"modified":"2026-05-03T12:01:21","modified_gmt":"2026-05-03T15:01:21","slug":"sobe-para-6-numero-de-mortos-e-mais-de-1-600-pessoas-ficam-desabrigadas-em-temporal-os-nomes-das-vitimas","status":"publish","type":"post","link":"https:\/\/senoticias.com.br\/se\/sobe-para-6-numero-de-mortos-e-mais-de-1-600-pessoas-ficam-desabrigadas-em-temporal-os-nomes-das-vitimas\/","title":{"rendered":"Sobe para 6 n\u00famero de mortos e mais de 1.600 pessoas ficam desabrigadas em temporal; os nomes das v\u00edtimas"},"content":{"rendered":"<p>Seis pessoas morreram no Grande Recife em acidentes provocados pelo temporal que atingiu a regi\u00e3o desde o feriado do Dia do Trabalhador, na sexta-feira (1\u00ba). Cinco delas foram mortas em deslizamentos de barreiras na Zona Norte da capital e em Olinda enquanto a sexta foi arrastada por uma correnteza em S\u00e3o Louren\u00e7o da Mata, na Regi\u00e3o Metropolitana.<\/p>\n<p>A governadora de Pernambuco, Raquel Lyra, decretou, na noite do \u00faltimo s\u00e1bado (2), situa\u00e7\u00e3o de emerg\u00eancia em 27 munic\u00edpios atingidos pelas fortes chuvas que atingem o Estado. O decreto foi publicado em edi\u00e7\u00e3o extra do Di\u00e1rio Oficial e tem validade de 180 dias.<\/p>\n<p>A medida permite acelerar a execu\u00e7\u00e3o de a\u00e7\u00f5es emergenciais, al\u00e9m de facilitar a solicita\u00e7\u00e3o de apoio e recursos junto ao governo federal para assist\u00eancia \u00e0s \u00e1reas afetadas.<\/p>\n<div id=\"attachment_151896\" style=\"width: 601px\" class=\"wp-caption aligncenter\"><a href=\"https:\/\/senoticias.com.br\/se\/wp-content\/uploads\/2026\/05\/Mortos-em-Pernambuco-SE-Noticias.jpg\"><img loading=\"lazy\" decoding=\"async\" aria-describedby=\"caption-attachment-151896\" class=\"size-full wp-image-151896\" src=\"https:\/\/senoticias.com.br\/se\/wp-content\/uploads\/2026\/05\/Mortos-em-Pernambuco-SE-Noticias.jpg\" alt=\"\" width=\"591\" height=\"333\" srcset=\"https:\/\/senoticias.com.br\/se\/wp-content\/uploads\/2026\/05\/Mortos-em-Pernambuco-SE-Noticias.jpg 591w, https:\/\/senoticias.com.br\/se\/wp-content\/uploads\/2026\/05\/Mortos-em-Pernambuco-SE-Noticias-300x169.jpg 300w\" sizes=\"(max-width: 591px) 100vw, 591px\" \/><\/a><p id=\"caption-attachment-151896\" class=\"wp-caption-text\"><br \/>Jaqueline Soares e seus filhos, Riquelmy e Maria Helena, morreram em deslizamento de barreira no Recife \u2014 Foto: Reprodu\u00e7\u00e3o\/Whatsapp<\/p><\/div>\n<p>O governo da Para\u00edba decretou situa\u00e7\u00e3o de emerg\u00eancia na rodovia PB-036, entre o munic\u00edpio de Alhandra e o entroncamento com a PB-008. O ministro da Integra\u00e7\u00e3o e do Desenvolvimento Regional, Waldez G\u00f3es, anunciou neste s\u00e1bado (2) o envio de equipes da Defesa Civil Nacional para a Para\u00edba. Ainda n\u00e3o h\u00e1 informa\u00e7\u00e3o sobre a data de chegada das equipes nem sobre a quantidade de profissionais que ser\u00e3o deslocados para a Para\u00edba.<\/p>\n<p>Ainda h\u00e1 o registro de um idoso desaparecido no bairro de Beberibe, na Zona Norte do Recife. O Corpo de Bombeiros informou que foi acionado para fazer o resgate na sexta-feira (1\u00ba), mas a v\u00edtima n\u00e3o foi localizada at\u00e9 a \u00faltima atualiza\u00e7\u00e3o desta reportagem.<\/p>\n<p>O g1 reuniu informa\u00e7\u00f5es sobre as pessoas que morreram durante as chuvas. Confira abaixo:<\/p>\n<p><strong>Maria Helena Soares da Silva Barbosa<\/strong><br \/>\nA crian\u00e7a de 1 ano e 6 meses morreu ap\u00f3s o deslizamento de barreira que atingiu a casa onde ela morava com os pais e o irm\u00e3o no bairro de Dois Unidos, na Zona Norte do Recife.<\/p>\n<p>A menina ficou soterrada e precisou ser resgatada pelos bombeiros e moradores da regi\u00e3o. Ela foi levada ao Hospital da Restaura\u00e7\u00e3o, na \u00e1rea central da cidade, mas n\u00e3o resistiu aos ferimentos e teve a morte confirmada neste s\u00e1bado (2).<\/p>\n<p><strong>Jaqueline Soares da Silva<\/strong><br \/>\nM\u00e3e da crian\u00e7a Maria Helena, a jovem de 24 anos morreu no mesmo deslizamento de barreira que atingiu sua fam\u00edlia. Ela morava na resid\u00eancia com seu marido, Jos\u00e9 Rodrigues, e os dois filhos do casal, Riquelmy e Maria Helena.<\/p>\n<p>Vizinha da fam\u00edlia, Ana Paula Gon\u00e7alves contou \u00e0 TV Globo que escutou os gritos de socorro de Jos\u00e9 Rodrigues quando a barreira caiu. De acordo com ela, Jaqueline estava gr\u00e1vida de dois meses.<\/p>\n<p>&#8220;A fam\u00edlia ficou toda [soterrada], mas ele ficou s\u00f3 a metade. A\u00ed ele: &#8216;me ajuda, Paulinha, socorro!, minha fam\u00edlia, meus filhos!&#8217;. Ele [estava] desesperado. Eu disse: &#8216;calma, a comunidade vai te ajudar. Todo mundo veio ajudar. Era uma \u00f3tima m\u00e3e&#8221;, afirmou.<\/p>\n<p><strong>Riquelmy Soares da Silva<\/strong><br \/>\nA terceira morte causada pelo deslizamento em Dois Unidos foi a do menino Riquelmy, que era irm\u00e3o mais velho de Maria Helena e filho de Jaqueline e Jos\u00e9 Rodrigues. A crian\u00e7a tinha 6 anos e estava no quarto quando foi soterrada pela barreira.<\/p>\n<p>De acordo com o relato da vizinha Ana Paula, que acompanhou o resgate, o menino foi encontrado sob os escombros um pouco distante dos outros familiares. &#8220;O filho estava no quarto, porque n\u00e3o conseguiu correr e chegar a tempo todos juntos&#8221;, contou \u00e0 TV Globo.<\/p>\n<p><strong>Bruna Karina da Silva<\/strong><br \/>\nA jovem de 20 anos ficou soterrada pela barreira que deslizou e atingiu resid\u00eancias no bairro de Passarinho, em Olinda. Cinco pessoas foram socorridas com vida, mas Bruna Karina e seu filho, um beb\u00ea, ficaram desaparecidos por horas.<\/p>\n<p>As buscas duraram o dia todo, com ajuda de moradores da regi\u00e3o e o marido da v\u00edtima, que tamb\u00e9m \u00e9 pai da crian\u00e7a.<\/p>\n<p>O primeiro deslizamento ocorreu por volta das 9h30 da sexta-feira (1\u00ba), mas, enquanto as buscas ocorriam, houve outro desmoronamento de terra. Por causa da chuva cont\u00ednua e da instabilidade do solo, o corpo da jovem s\u00f3 foi localizado no fim da tarde.<\/p>\n<p><strong>Pietro da Silva<\/strong><br \/>\nO beb\u00ea de 6 meses de vida foi encontrado morto ap\u00f3s passar horas soterrado. Pietro era filho de Bruna Karina, que tamb\u00e9m morreu no mesmo deslizamento de barreira no bairro do Passarinho, em Olinda.<\/p>\n<p><strong>Homem afogado em S\u00e3o Louren\u00e7o da Mata<\/strong><br \/>\nO corpo de um homem de 34 anos, que n\u00e3o teve o nome divulgado, foi encontrado pelos bombeiros ap\u00f3s se afogar numa inunda\u00e7\u00e3o na Rua Imaculada Concei\u00e7\u00e3o, no bairro de Capibaribe, em S\u00e3o Louren\u00e7o da Mata, no Grande Recife. O local \u00e9 conhecido como C\u00f3rrego do Azedinho.<\/p>\n<p>De acordo com Corpo de Bombeiros, a v\u00edtima estava desaparecida desde a noite da sexta-feira (1\u00ba). Duas equipes de salvamento atuaram na localiza\u00e7\u00e3o e remo\u00e7\u00e3o do corpo.<\/p>\n<p><strong><em>Acompanhe tamb\u00e9m o SE Not\u00edcias no\u00a0<a href=\"https:\/\/twitter.com\/Senoticias\" target=\"_blank\" rel=\"noreferrer noopener\">Twitter<\/a>,\u00a0<a href=\"https:\/\/www.facebook.com\/senoticias1\" target=\"_blank\" rel=\"noreferrer noopener\">Facebook<\/a>\u00a0e no\u00a0<a href=\"https:\/\/www.instagram.com\/senoticias\/\" target=\"_blank\" rel=\"noreferrer noopener\">Instagram<\/a><\/em><\/strong><\/p>\n<p>Fonte: G1\/Pe<\/p>\n","protected":false},"excerpt":{"rendered":"<p>Seis pessoas morreram no Grande Recife em acidentes provocados pelo temporal que atingiu a regi\u00e3o desde o feriado do Dia do Trabalhador, na sexta-feira (1\u00ba). Cinco delas foram mortas em deslizamentos de barreiras na Zona Norte da capital e em Olinda enquanto a sexta foi arrastada por uma correnteza em S\u00e3o Louren\u00e7o da Mata, na [&hellip;]<\/p>\n","protected":false},"author":6557,"featured_media":151896,"comment_status":"closed","ping_status":"closed","sticky":false,"template":"","format":"standard","meta":{"footnotes":""},"categories":[15,2961],"tags":[36644,44825,9931],"class_list":{"0":"post-151895","1":"post","2":"type-post","3":"status-publish","4":"format-standard","5":"has-post-thumbnail","7":"category-destaques","8":"category-nacional","9":"tag-chuvas-em-pernambuco","10":"tag-mortos-em-pernambuco","11":"tag-situacao-de-emergencia"},"_links":{"self":[{"href":"https:\/\/senoticias.com.br\/se\/wp-json\/wp\/v2\/posts\/151895"}],"collection":[{"href":"https:\/\/senoticias.com.br\/se\/wp-json\/wp\/v2\/posts"}],"about":[{"href":"https:\/\/senoticias.com.br\/se\/wp-json\/wp\/v2\/types\/post"}],"author":[{"embeddable":true,"href":"https:\/\/senoticias.com.br\/se\/wp-json\/wp\/v2\/users\/6557"}],"replies":[{"embeddable":true,"href":"https:\/\/senoticias.com.br\/se\/wp-json\/wp\/v2\/comments?post=151895"}],"version-history":[{"count":0,"href":"https:\/\/senoticias.com.br\/se\/wp-json\/wp\/v2\/posts\/151895\/revisions"}],"wp:featuredmedia":[{"embeddable":true,"href":"https:\/\/senoticias.com.br\/se\/wp-json\/wp\/v2\/media\/151896"}],"wp:attachment":[{"href":"https:\/\/senoticias.com.br\/se\/wp-json\/wp\/v2\/media?parent=151895"}],"wp:term":[{"taxonomy":"category","embeddable":true,"href":"https:\/\/senoticias.com.br\/se\/wp-json\/wp\/v2\/categories?post=151895"},{"taxonomy":"post_tag","embeddable":true,"href":"https:\/\/senoticias.com.br\/se\/wp-json\/wp\/v2\/tags?post=151895"}],"curies":[{"name":"wp","href":"https:\/\/api.w.org\/{rel}","templated":true}]}}