{"id":151891,"date":"2026-04-30T11:01:06","date_gmt":"2026-04-30T14:01:06","guid":{"rendered":"https:\/\/senoticias.com.br\/se\/?p=151891"},"modified":"2026-04-30T11:02:10","modified_gmt":"2026-04-30T14:02:10","slug":"governo-de-sergipe-emite-novo-aviso-meteorologico-para-chuvas-moderadas-a-intensas-em-todo-o-estado","status":"publish","type":"post","link":"https:\/\/senoticias.com.br\/se\/governo-de-sergipe-emite-novo-aviso-meteorologico-para-chuvas-moderadas-a-intensas-em-todo-o-estado\/","title":{"rendered":"Governo de Sergipe emite novo aviso meteorol\u00f3gico para chuvas moderadas a intensas em todo o estado"},"content":{"rendered":"<p>O Governo de Sergipe, por meio da Secretaria de Estado do Meio Ambiente, Sustentabilidade e A\u00e7\u00f5es Clim\u00e1ticas (Semac), emitiu aviso meteorol\u00f3gico para chuvas moderadas a intensas em todo o estado. A<strong> previs\u00e3o \u00e9 v\u00e1lida desta quinta-feira, 30 de abril, at\u00e9 \u00e0s 23h59 da sexta-feira, 1\u00ba de maio<\/strong>. Este \u00e9 o sexto aviso meteorol\u00f3gico que o Governo do Estado emite no m\u00eas de abril, per\u00edodo t\u00edpico do in\u00edcio das chuvas em Sergipe.<\/p>\n<p>Para estas quinta e sexta-feira, h\u00e1 possibilidade de acumulados expressivos, podendo ultrapassar 50 mil\u00edmetros (mm) por dia, al\u00e9m da ocorr\u00eancia de rajadas de ventos de moderados a intensos, com velocidade entre 40 km\/h e 70 km\/h. Descargas el\u00e9tricas tamb\u00e9m podem ocorrer em pontos isolados.<\/p>\n<div id=\"attachment_151800\" style=\"width: 610px\" class=\"wp-caption aligncenter\"><a href=\"https:\/\/senoticias.com.br\/se\/wp-content\/uploads\/2026\/04\/Previsao-de-chuvas-SE-Noticias.jpg\"><img loading=\"lazy\" decoding=\"async\" aria-describedby=\"caption-attachment-151800\" class=\"size-full wp-image-151800\" src=\"https:\/\/senoticias.com.br\/se\/wp-content\/uploads\/2026\/04\/Previsao-de-chuvas-SE-Noticias.jpg\" alt=\"\" width=\"600\" height=\"404\" srcset=\"https:\/\/senoticias.com.br\/se\/wp-content\/uploads\/2026\/04\/Previsao-de-chuvas-SE-Noticias.jpg 600w, https:\/\/senoticias.com.br\/se\/wp-content\/uploads\/2026\/04\/Previsao-de-chuvas-SE-Noticias-300x202.jpg 300w, https:\/\/senoticias.com.br\/se\/wp-content\/uploads\/2026\/04\/Previsao-de-chuvas-SE-Noticias-90x60.jpg 90w, https:\/\/senoticias.com.br\/se\/wp-content\/uploads\/2026\/04\/Previsao-de-chuvas-SE-Noticias-180x120.jpg 180w, https:\/\/senoticias.com.br\/se\/wp-content\/uploads\/2026\/04\/Previsao-de-chuvas-SE-Noticias-95x64.jpg 95w\" sizes=\"(max-width: 600px) 100vw, 600px\" \/><\/a><p id=\"caption-attachment-151800\" class=\"wp-caption-text\">Previs\u00e3o indica chuvas que podem ultrapassar 50 mil\u00edmetros por dia at\u00e9 a sexta-feira, 1\u00ba de maio &#8211; Foto: arquivo\/ASN<\/p><\/div>\n<p>De acordo com a an\u00e1lise meteorol\u00f3gica, a atua\u00e7\u00e3o de um cavado em baixos n\u00edveis da atmosfera na costa do nordeste, associado ao escoamento de ventos de sudeste em dire\u00e7\u00e3o ao leste da regi\u00e3o, torna a atmosfera muito \u00famida e inst\u00e1vel e favorecem a ocorr\u00eancia de chuvas volumosas no estado de Sergipe.<\/p>\n<p><strong>Fim de semana<\/strong><\/p>\n<p>De acordo com a equipe de meteorologia da Semac, a tend\u00eancia \u00e9 de que a chuva diminua entre s\u00e1bado, 2 de maio, e domingo, 3. \u201cO sistema \u00e9 din\u00e2mico e, a depender da evolu\u00e7\u00e3o do clima, que \u00e9 monitorado continuamente, o aviso meteorol\u00f3gico poder\u00e1 ser renovado\u201d, frisa a meteorologista Wanda Thatyana.<\/p>\n<p><strong>Riscos associados<\/strong><\/p>\n<p>As condi\u00e7\u00f5es previstas indicam risco de transbordamento dos principais rios e lagoas do estado, e de transbordamento de pequenos c\u00f3rregos, riachos, rios e lagoas em diferentes regi\u00f5es. O acumulado de precipita\u00e7\u00e3o tamb\u00e9m pode trazer riscos para o tr\u00e1fego em rodovias, al\u00e9m de alagamentos, deslizamentos de encostas, destelhamentos de im\u00f3veis, queda de \u00e1rvores e de placas mal fixadas.<\/p>\n<p>A Semac refor\u00e7a a import\u00e2ncia de aten\u00e7\u00e3o redobrada por parte da popula\u00e7\u00e3o, especialmente em \u00e1reas mais vulner\u00e1veis, e recomenda o acompanhamento das atualiza\u00e7\u00f5es dos boletins meteorol\u00f3gicos e das orienta\u00e7\u00f5es da Defesa Civil.<\/p>\n<p>A Ger\u00eancia de Meteorologia e Mudan\u00e7as Clim\u00e1ticas da Semac segue monitorando continuamente as condi\u00e7\u00f5es atmosf\u00e9ricas, e novas atualiza\u00e7\u00f5es poder\u00e3o ser emitidas a qualquer momento.<\/p>\n<p>Confira aqui a \u00edntegra do aviso meteorol\u00f3gico emitido pela Semac.<\/p>\n<p><strong><em>Acompanhe tamb\u00e9m o SE Not\u00edcias no\u00a0<a href=\"https:\/\/twitter.com\/Senoticias\" target=\"_blank\" rel=\"noreferrer noopener\">Twitter<\/a>,\u00a0<a href=\"https:\/\/www.facebook.com\/senoticias1\" target=\"_blank\" rel=\"noreferrer noopener\">Facebook<\/a>\u00a0e no\u00a0<a href=\"https:\/\/www.instagram.com\/senoticias\/\" target=\"_blank\" rel=\"noreferrer noopener\">Instagram<\/a><\/em><\/strong><\/p>\n<p>Secretaria de Estado da Comunica\u00e7\u00e3o Social<br \/>\nGoverno de Sergipe<\/p>\n<p>&nbsp;<\/p>\n","protected":false},"excerpt":{"rendered":"<p>O Governo de Sergipe, por meio da Secretaria de Estado do Meio Ambiente, Sustentabilidade e A\u00e7\u00f5es Clim\u00e1ticas (Semac), emitiu aviso meteorol\u00f3gico para chuvas moderadas a intensas em todo o estado. A previs\u00e3o \u00e9 v\u00e1lida desta quinta-feira, 30 de abril, at\u00e9 \u00e0s 23h59 da sexta-feira, 1\u00ba de maio. Este \u00e9 o sexto aviso meteorol\u00f3gico que o [&hellip;]<\/p>\n","protected":false},"author":6557,"featured_media":151800,"comment_status":"closed","ping_status":"closed","sticky":false,"template":"","format":"standard","meta":{"footnotes":""},"categories":[15,6],"tags":[119,34659],"class_list":{"0":"post-151891","1":"post","2":"type-post","3":"status-publish","4":"format-standard","5":"has-post-thumbnail","7":"category-destaques","8":"category-politica","9":"tag-chuvas","10":"tag-chuvas-em-todo-o-estado"},"_links":{"self":[{"href":"https:\/\/senoticias.com.br\/se\/wp-json\/wp\/v2\/posts\/151891"}],"collection":[{"href":"https:\/\/senoticias.com.br\/se\/wp-json\/wp\/v2\/posts"}],"about":[{"href":"https:\/\/senoticias.com.br\/se\/wp-json\/wp\/v2\/types\/post"}],"author":[{"embeddable":true,"href":"https:\/\/senoticias.com.br\/se\/wp-json\/wp\/v2\/users\/6557"}],"replies":[{"embeddable":true,"href":"https:\/\/senoticias.com.br\/se\/wp-json\/wp\/v2\/comments?post=151891"}],"version-history":[{"count":0,"href":"https:\/\/senoticias.com.br\/se\/wp-json\/wp\/v2\/posts\/151891\/revisions"}],"wp:featuredmedia":[{"embeddable":true,"href":"https:\/\/senoticias.com.br\/se\/wp-json\/wp\/v2\/media\/151800"}],"wp:attachment":[{"href":"https:\/\/senoticias.com.br\/se\/wp-json\/wp\/v2\/media?parent=151891"}],"wp:term":[{"taxonomy":"category","embeddable":true,"href":"https:\/\/senoticias.com.br\/se\/wp-json\/wp\/v2\/categories?post=151891"},{"taxonomy":"post_tag","embeddable":true,"href":"https:\/\/senoticias.com.br\/se\/wp-json\/wp\/v2\/tags?post=151891"}],"curies":[{"name":"wp","href":"https:\/\/api.w.org\/{rel}","templated":true}]}}