{"id":151888,"date":"2026-04-30T09:40:08","date_gmt":"2026-04-30T12:40:08","guid":{"rendered":"https:\/\/senoticias.com.br\/se\/?p=151888"},"modified":"2026-04-30T09:40:08","modified_gmt":"2026-04-30T12:40:08","slug":"cope-e-policia-federal-localizam-condenado-por-roubo-majorado-ocorrido-em-aracaju","status":"publish","type":"post","link":"https:\/\/senoticias.com.br\/se\/cope-e-policia-federal-localizam-condenado-por-roubo-majorado-ocorrido-em-aracaju\/","title":{"rendered":"Cope e Pol\u00edcia Federal localizam condenado por roubo majorado ocorrido em Aracaju"},"content":{"rendered":"<p>&nbsp;<\/p>\n<p>Na tarde desta quarta-feira, 29, equipes do Centro de Opera\u00e7\u00f5es Policiais Especiais (Cope) e do Grupo de Capturas da Pol\u00edcia Federal cumpriram um mandado de pris\u00e3o definitiva contra um homem de 26 anos, condenado pelo crime de roubo majorado. A a\u00e7\u00e3o ocorreu no bairro Sobrado, no munic\u00edpio de Nossa Senhora do Socorro, na Grande Aracaju.<\/p>\n<p>De acordo com a investiga\u00e7\u00e3o, o delito foi praticado na manh\u00e3 do dia 4 de fevereiro de 2022, na Avenida Augusto Franco, em Aracaju. Na ocasi\u00e3o, o condenado, acompanhado de um comparsa, abordou um adolescente num ponto de \u00f4nibus e subtraiu sua mochila e o aparelho celular.<\/p>\n<p>A dupla se aproximou em uma bicicleta e, ao descer, simulou estar armada ao colocar a m\u00e3o por baixo da camisa, anunciando o assalto. Durante a fuga, um popular que presenciou a a\u00e7\u00e3o reagiu e utilizou uma vassoura para atingir os suspeitos, fazendo com que eles ca\u00edssem do ve\u00edculo de duas rodas.<\/p>\n<p>Ap\u00f3s a interven\u00e7\u00e3o, os dois autores fugiram a p\u00e9. Logo depois do delito, o homem preso nesta quarta-feira foi capturado por populares nas proximidades da Avenida Gon\u00e7alo Rollemberg Leite, ainda em posse da mochila da v\u00edtima. J\u00e1 o comparsa, conseguiu escapar levando o celular roubado.<\/p>\n<p>Pelo crime, o investigado foi condenado a cinco anos de reclus\u00e3o. Ap\u00f3s o cumprimento do mandado, o preso foi encaminhado ao Cope, onde permanece \u00e0 disposi\u00e7\u00e3o do Poder Judici\u00e1rio e passar\u00e1 por audi\u00eancia de cust\u00f3dia.<\/p>\n<p>Fonte: SSP\/SE<\/p>\n","protected":false},"excerpt":{"rendered":"<p>&nbsp; Na tarde desta quarta-feira, 29, equipes do Centro de Opera\u00e7\u00f5es Policiais Especiais (Cope) e do Grupo de Capturas da Pol\u00edcia Federal cumpriram um mandado de pris\u00e3o definitiva contra um homem de 26 anos, condenado pelo crime de roubo majorado. A a\u00e7\u00e3o ocorreu no bairro Sobrado, no munic\u00edpio de Nossa Senhora do Socorro, na Grande [&hellip;]<\/p>\n","protected":false},"author":6557,"featured_media":0,"comment_status":"closed","ping_status":"closed","sticky":false,"template":"","format":"standard","meta":{"footnotes":""},"categories":[1],"tags":[],"class_list":{"0":"post-151888","1":"post","2":"type-post","3":"status-publish","4":"format-standard","6":"category-sem-categoria"},"_links":{"self":[{"href":"https:\/\/senoticias.com.br\/se\/wp-json\/wp\/v2\/posts\/151888"}],"collection":[{"href":"https:\/\/senoticias.com.br\/se\/wp-json\/wp\/v2\/posts"}],"about":[{"href":"https:\/\/senoticias.com.br\/se\/wp-json\/wp\/v2\/types\/post"}],"author":[{"embeddable":true,"href":"https:\/\/senoticias.com.br\/se\/wp-json\/wp\/v2\/users\/6557"}],"replies":[{"embeddable":true,"href":"https:\/\/senoticias.com.br\/se\/wp-json\/wp\/v2\/comments?post=151888"}],"version-history":[{"count":0,"href":"https:\/\/senoticias.com.br\/se\/wp-json\/wp\/v2\/posts\/151888\/revisions"}],"wp:attachment":[{"href":"https:\/\/senoticias.com.br\/se\/wp-json\/wp\/v2\/media?parent=151888"}],"wp:term":[{"taxonomy":"category","embeddable":true,"href":"https:\/\/senoticias.com.br\/se\/wp-json\/wp\/v2\/categories?post=151888"},{"taxonomy":"post_tag","embeddable":true,"href":"https:\/\/senoticias.com.br\/se\/wp-json\/wp\/v2\/tags?post=151888"}],"curies":[{"name":"wp","href":"https:\/\/api.w.org\/{rel}","templated":true}]}}