{"id":151886,"date":"2026-04-29T14:29:11","date_gmt":"2026-04-29T17:29:11","guid":{"rendered":"https:\/\/senoticias.com.br\/se\/?p=151886"},"modified":"2026-04-29T14:29:11","modified_gmt":"2026-04-29T17:29:11","slug":"policia-civil-prende-em-aracaju-investigado-por-golpes-do-ipva-durante-operacao-interestadual-de-minas-gerais","status":"publish","type":"post","link":"https:\/\/senoticias.com.br\/se\/policia-civil-prende-em-aracaju-investigado-por-golpes-do-ipva-durante-operacao-interestadual-de-minas-gerais\/","title":{"rendered":"Pol\u00edcia Civil prende em Aracaju investigado por golpes do IPVA durante opera\u00e7\u00e3o interestadual de Minas Gerais"},"content":{"rendered":"<p>Na manh\u00e3 desta quarta-feira (29), policiais civis do Centro de Opera\u00e7\u00f5es Policiais Especiais (Cope), com apoio da Divis\u00e3o de Intelig\u00eancia e Planejamento Policial (Dipol) da Pol\u00edcia Civil de Sergipe, cumpriram mandado de pris\u00e3o preventiva contra um homem de 34 anos, no bairro Jabutiana, em Aracaju. A a\u00e7\u00e3o integra a Opera\u00e7\u00e3o Espelho Turvo, deflagrada pela Pol\u00edcia Civil de Minas Gerais.<\/p>\n<p>O investigado \u00e9 suspeito de envolvimento em crimes de organiza\u00e7\u00e3o criminosa, estelionato e lavagem de dinheiro. Segundo as investiga\u00e7\u00f5es conduzidas pela Pol\u00edcia Civil de Minas Gerais, por meio da 3\u00aa DRACO\/DEOESP, o grupo criminoso atuava de forma estruturada na pr\u00e1tica de golpes virtuais.<\/p>\n<div id=\"attachment_151887\" style=\"width: 603px\" class=\"wp-caption aligncenter\"><a href=\"https:\/\/senoticias.com.br\/se\/wp-content\/uploads\/2026\/04\/459dfa51-34bc-4035-85a7-3c9ea1e247a3.jpeg\"><img loading=\"lazy\" decoding=\"async\" aria-describedby=\"caption-attachment-151887\" class=\"size-full wp-image-151887\" src=\"https:\/\/senoticias.com.br\/se\/wp-content\/uploads\/2026\/04\/459dfa51-34bc-4035-85a7-3c9ea1e247a3.jpeg\" alt=\"\" width=\"593\" height=\"412\" srcset=\"https:\/\/senoticias.com.br\/se\/wp-content\/uploads\/2026\/04\/459dfa51-34bc-4035-85a7-3c9ea1e247a3.jpeg 593w, https:\/\/senoticias.com.br\/se\/wp-content\/uploads\/2026\/04\/459dfa51-34bc-4035-85a7-3c9ea1e247a3-300x208.jpeg 300w\" sizes=\"(max-width: 593px) 100vw, 593px\" \/><\/a><p id=\"caption-attachment-151887\" class=\"wp-caption-text\">Suspeito \u00e9 apontado como integrante de organiza\u00e7\u00e3o criminosa que movimentou mais de R$ 27 milh\u00f5es em golpes virtuais &#8211; Foto: SSP\/SE<\/p><\/div>\n<p>De acordo com a apura\u00e7\u00e3o, a organiza\u00e7\u00e3o criminosa, composta por ao menos 24 integrantes identificados, utilizava sites fraudulentos que simulavam p\u00e1ginas oficiais do Governo de Minas Gerais e do Detran para enganar v\u00edtimas no pagamento do IPVA 2024\/2025.<\/p>\n<p>Os criminosos atra\u00edam usu\u00e1rios por meio de links patrocinados em mecanismos de busca e direcionavam os pagamentos via PIX para empresas de fachada, com nomes semelhantes a \u00f3rg\u00e3os p\u00fablicos.<\/p>\n<p>As investiga\u00e7\u00f5es apontam que, apenas nove dos principais envolvidos, movimentaram mais de R$ 27 milh\u00f5es com o esquema, que fez diversas v\u00edtimas no estado mineiro.<\/p>\n<p>Ap\u00f3s a pris\u00e3o, o investigado foi conduzido \u00e0 sede do Cope, onde permanece \u00e0 disposi\u00e7\u00e3o da Justi\u00e7a e passar\u00e1 por audi\u00eancia de cust\u00f3dia.<\/p>\n<p>A opera\u00e7\u00e3o refor\u00e7a a import\u00e2ncia da atua\u00e7\u00e3o integrada entre as for\u00e7as de seguran\u00e7a de diferentes estados no combate \u00e0 criminalidade organizada, especialmente em crimes praticados no ambiente digital.<\/p>\n<p><strong><em>Acompanhe tamb\u00e9m o SE Not\u00edcias no\u00a0<a href=\"https:\/\/twitter.com\/Senoticias\" target=\"_blank\" rel=\"noreferrer noopener\">Twitter<\/a>,\u00a0<a href=\"https:\/\/www.facebook.com\/senoticias1\" target=\"_blank\" rel=\"noreferrer noopener\">Facebook<\/a>\u00a0e no\u00a0<a href=\"https:\/\/www.instagram.com\/senoticias\/\" target=\"_blank\" rel=\"noreferrer noopener\">Instagram<\/a><\/em><\/strong><\/p>\n<p>Fonte: SSP\/SE<\/p>\n","protected":false},"excerpt":{"rendered":"<p>Na manh\u00e3 desta quarta-feira (29), policiais civis do Centro de Opera\u00e7\u00f5es Policiais Especiais (Cope), com apoio da Divis\u00e3o de Intelig\u00eancia e Planejamento Policial (Dipol) da Pol\u00edcia Civil de Sergipe, cumpriram mandado de pris\u00e3o preventiva contra um homem de 34 anos, no bairro Jabutiana, em Aracaju. A a\u00e7\u00e3o integra a Opera\u00e7\u00e3o Espelho Turvo, deflagrada pela Pol\u00edcia [&hellip;]<\/p>\n","protected":false},"author":6557,"featured_media":0,"comment_status":"closed","ping_status":"closed","sticky":false,"template":"","format":"standard","meta":{"footnotes":""},"categories":[15,7],"tags":[3956,78],"class_list":{"0":"post-151886","1":"post","2":"type-post","3":"status-publish","4":"format-standard","6":"category-destaques","7":"category-policia","8":"tag-ipva","9":"tag-policia-civil"},"_links":{"self":[{"href":"https:\/\/senoticias.com.br\/se\/wp-json\/wp\/v2\/posts\/151886"}],"collection":[{"href":"https:\/\/senoticias.com.br\/se\/wp-json\/wp\/v2\/posts"}],"about":[{"href":"https:\/\/senoticias.com.br\/se\/wp-json\/wp\/v2\/types\/post"}],"author":[{"embeddable":true,"href":"https:\/\/senoticias.com.br\/se\/wp-json\/wp\/v2\/users\/6557"}],"replies":[{"embeddable":true,"href":"https:\/\/senoticias.com.br\/se\/wp-json\/wp\/v2\/comments?post=151886"}],"version-history":[{"count":0,"href":"https:\/\/senoticias.com.br\/se\/wp-json\/wp\/v2\/posts\/151886\/revisions"}],"wp:attachment":[{"href":"https:\/\/senoticias.com.br\/se\/wp-json\/wp\/v2\/media?parent=151886"}],"wp:term":[{"taxonomy":"category","embeddable":true,"href":"https:\/\/senoticias.com.br\/se\/wp-json\/wp\/v2\/categories?post=151886"},{"taxonomy":"post_tag","embeddable":true,"href":"https:\/\/senoticias.com.br\/se\/wp-json\/wp\/v2\/tags?post=151886"}],"curies":[{"name":"wp","href":"https:\/\/api.w.org\/{rel}","templated":true}]}}