{"id":151884,"date":"2026-04-29T14:24:42","date_gmt":"2026-04-29T17:24:42","guid":{"rendered":"https:\/\/senoticias.com.br\/se\/?p=151884"},"modified":"2026-04-29T14:24:42","modified_gmt":"2026-04-29T17:24:42","slug":"ufs-forma-270-professores-da-rede-publica-por-meio-do-programa-de-qualificacao-docente","status":"publish","type":"post","link":"https:\/\/senoticias.com.br\/se\/ufs-forma-270-professores-da-rede-publica-por-meio-do-programa-de-qualificacao-docente\/","title":{"rendered":"UFS forma 270 professores da rede p\u00fablica por meio do Programa de Qualifica\u00e7\u00e3o Docente"},"content":{"rendered":"<p>A Universidade Federal de Sergipe (UFS) realiza, nesta quinta-feira, 30, solenidade de cola\u00e7\u00e3o de grau professores da rede p\u00fablica estadual de ensino por meio do Programa de Qualifica\u00e7\u00e3o Docente (PQD). A formatura ser\u00e1 realizada no Teatro Tobias Barreto, localizado no bairro In\u00e1cio Barbosa, a partir das 18h. O PQD \u00e9 uma parceria entre a UFS e o Governo do Estado de Sergipe.<\/p>\n<p>Nesta etapa do programa, ser\u00e3o formados 270 profissionais. No entanto, participam da cola\u00e7\u00e3o de grau 189 professores. Os formandos atuam em \u00e1reas como Ci\u00eancias Biol\u00f3gicas, Ci\u00eancias Sociais, Dan\u00e7a, F\u00edsica, Letras Ingl\u00eas, Letras Vern\u00e1culas, Matem\u00e1tica e Qu\u00edmica e receber\u00e3o o t\u00edtulo como etapa de conclus\u00e3o para segunda licenciatura.<\/p>\n<div id=\"attachment_151885\" style=\"width: 560px\" class=\"wp-caption aligncenter\"><a href=\"https:\/\/senoticias.com.br\/se\/wp-content\/uploads\/2026\/04\/f45b1cea-3e1a-4bdf-862d-c0dac510d3ae.jpeg\"><img loading=\"lazy\" decoding=\"async\" aria-describedby=\"caption-attachment-151885\" class=\"size-full wp-image-151885\" src=\"https:\/\/senoticias.com.br\/se\/wp-content\/uploads\/2026\/04\/f45b1cea-3e1a-4bdf-862d-c0dac510d3ae.jpeg\" alt=\"\" width=\"550\" height=\"345\" srcset=\"https:\/\/senoticias.com.br\/se\/wp-content\/uploads\/2026\/04\/f45b1cea-3e1a-4bdf-862d-c0dac510d3ae.jpeg 550w, https:\/\/senoticias.com.br\/se\/wp-content\/uploads\/2026\/04\/f45b1cea-3e1a-4bdf-862d-c0dac510d3ae-300x188.jpeg 300w, https:\/\/senoticias.com.br\/se\/wp-content\/uploads\/2026\/04\/f45b1cea-3e1a-4bdf-862d-c0dac510d3ae-120x76.jpeg 120w, https:\/\/senoticias.com.br\/se\/wp-content\/uploads\/2026\/04\/f45b1cea-3e1a-4bdf-862d-c0dac510d3ae-274x173.jpeg 274w, https:\/\/senoticias.com.br\/se\/wp-content\/uploads\/2026\/04\/f45b1cea-3e1a-4bdf-862d-c0dac510d3ae-308x192.jpeg 308w\" sizes=\"(max-width: 550px) 100vw, 550px\" \/><\/a><p id=\"caption-attachment-151885\" class=\"wp-caption-text\">Solenidade de cola\u00e7\u00e3o de grau acontece nesta quinta-feira, 30, a partir das 18h, no Teatro Tobias Barreto &#8211; Foto: arquivo\/SE Not\u00edcias<\/p><\/div>\n<p>O Programa de Qualifica\u00e7\u00e3o Docente \u00e9 uma iniciativa estrat\u00e9gica que visa fortalecer a forma\u00e7\u00e3o dos educadores que atuam no estado, promovendo a excel\u00eancia acad\u00eamica e o aprimoramento do ensino p\u00fablico. A realiza\u00e7\u00e3o desta etapa contou com o apoio do Centro de Educa\u00e7\u00e3o Superior a Dist\u00e2ncia (CESAD), da Funda\u00e7\u00e3o de Apoio \u00e0 Pesquisa e \u00e0 Inova\u00e7\u00e3o Tecnol\u00f3gica (Fapese) e da Secretaria de Estado da Educa\u00e7\u00e3o e da Cultura.<\/p>\n<p>Desenvolvido em seis polos de atua\u00e7\u00e3o, localizados nos munic\u00edpios de S\u00e3o Crist\u00f3v\u00e3o, Itabaiana, Lagarto, Est\u00e2ncia, Propri\u00e1 e Nossa Senhora da Gl\u00f3ria, o PQD contou com o suporte de 240 tutores, que desempenharam papel fundamental no acompanhamento das atividades formativas, no apoio aos cursistas e na media\u00e7\u00e3o dos processos de ensino e aprendizagem no AVA.<\/p>\n<p>A diretora geral do Cesad, Ana Maia, destaca que o Programa de Qualifica\u00e7\u00e3o Docente supre uma lacuna na forma\u00e7\u00e3o de profissionais que atuam no estado. De acordo com ela, o projeto possibilita que disciplinas com baixa oferta de profissionais possam ser atendidas com qualidade. \u201cA UFS disponibiliza sua expertise para qualificar os profissionais que atuam na rede estadual, atendendo a uma demanda da sociedade\u201d, frisou.<\/p>\n<p>O coordenador-geral do PQD, Erivanildo Lopes da Silva, tamb\u00e9m destaca a import\u00e2ncia dessa pol\u00edtica p\u00fablica. \u201cA iniciativa consolida-se como uma pol\u00edtica estrat\u00e9gica de forma\u00e7\u00e3o docente, articulando ensino superior e Educa\u00e7\u00e3o B\u00e1sica, com foco na qualifica\u00e7\u00e3o de profissionais em exerc\u00edcio, contribuindo diretamente para o fortalecimento da educa\u00e7\u00e3o p\u00fablica no estado de Sergipe\u201d.<\/p>\n<p>A solenidade desta quinta-feira, 30, \u00e9 aberta a convidados e familiares, celebrando o empenho dos novos licenciados que agora refor\u00e7am o quadro de profissionais qualificados para atuar no estado de Sergipe.<\/p>\n<p><strong><em>Acompanhe tamb\u00e9m o SE Not\u00edcias no\u00a0<a href=\"https:\/\/twitter.com\/Senoticias\" target=\"_blank\" rel=\"noreferrer noopener\">Twitter<\/a>,\u00a0<a href=\"https:\/\/www.facebook.com\/senoticias1\" target=\"_blank\" rel=\"noreferrer noopener\">Facebook<\/a>\u00a0e no\u00a0<a href=\"https:\/\/www.instagram.com\/senoticias\/\" target=\"_blank\" rel=\"noreferrer noopener\">Instagram<\/a><\/em><\/strong><\/p>\n<p>Ascom UFS<\/p>\n","protected":false},"excerpt":{"rendered":"<p>A Universidade Federal de Sergipe (UFS) realiza, nesta quinta-feira, 30, solenidade de cola\u00e7\u00e3o de grau professores da rede p\u00fablica estadual de ensino por meio do Programa de Qualifica\u00e7\u00e3o Docente (PQD). A formatura ser\u00e1 realizada no Teatro Tobias Barreto, localizado no bairro In\u00e1cio Barbosa, a partir das 18h. O PQD \u00e9 uma parceria entre a UFS [&hellip;]<\/p>\n","protected":false},"author":6557,"featured_media":0,"comment_status":"closed","ping_status":"closed","sticky":false,"template":"","format":"standard","meta":{"footnotes":""},"categories":[15],"tags":[44824,2299],"class_list":{"0":"post-151884","1":"post","2":"type-post","3":"status-publish","4":"format-standard","6":"category-destaques","7":"tag-programa-de-qualificacao-docente","8":"tag-ufs"},"_links":{"self":[{"href":"https:\/\/senoticias.com.br\/se\/wp-json\/wp\/v2\/posts\/151884"}],"collection":[{"href":"https:\/\/senoticias.com.br\/se\/wp-json\/wp\/v2\/posts"}],"about":[{"href":"https:\/\/senoticias.com.br\/se\/wp-json\/wp\/v2\/types\/post"}],"author":[{"embeddable":true,"href":"https:\/\/senoticias.com.br\/se\/wp-json\/wp\/v2\/users\/6557"}],"replies":[{"embeddable":true,"href":"https:\/\/senoticias.com.br\/se\/wp-json\/wp\/v2\/comments?post=151884"}],"version-history":[{"count":0,"href":"https:\/\/senoticias.com.br\/se\/wp-json\/wp\/v2\/posts\/151884\/revisions"}],"wp:attachment":[{"href":"https:\/\/senoticias.com.br\/se\/wp-json\/wp\/v2\/media?parent=151884"}],"wp:term":[{"taxonomy":"category","embeddable":true,"href":"https:\/\/senoticias.com.br\/se\/wp-json\/wp\/v2\/categories?post=151884"},{"taxonomy":"post_tag","embeddable":true,"href":"https:\/\/senoticias.com.br\/se\/wp-json\/wp\/v2\/tags?post=151884"}],"curies":[{"name":"wp","href":"https:\/\/api.w.org\/{rel}","templated":true}]}}