{"id":151878,"date":"2026-04-28T15:55:45","date_gmt":"2026-04-28T18:55:45","guid":{"rendered":"https:\/\/senoticias.com.br\/se\/?p=151878"},"modified":"2026-04-28T15:55:45","modified_gmt":"2026-04-28T18:55:45","slug":"frota-do-transporte-intermunicipal-e-ampliada-no-feriado-de-1o-de-maio","status":"publish","type":"post","link":"https:\/\/senoticias.com.br\/se\/frota-do-transporte-intermunicipal-e-ampliada-no-feriado-de-1o-de-maio\/","title":{"rendered":"Frota do transporte intermunicipal \u00e9 ampliada no feriado de 1\u00ba de maio"},"content":{"rendered":"<p>&nbsp;<\/p>\n<p>Em virtude do feriado de 1\u00ba de maio, Dia do Trabalhador, o Governo de Sergipe, por meio do Departamento Estadual de Infraestrutura Rodovi\u00e1ria de Sergipe (DER\/SE), ampliar\u00e1 a frota do transporte intermunicipal. A partir das primeiras horas da tarde da pr\u00f3xima quinta-feira, 30, at\u00e9 a segunda-feira, 4, ser\u00e3o acrescidos 18 ve\u00edculos reserva \u00e0 frota que interliga a capital sergipana ao interior do estado.<\/p>\n<p>O diretor-presidente do DER\/SE, Anderson das Neves, ressaltou que, al\u00e9m do aumento da frota nesse per\u00edodo, o rigor da fiscaliza\u00e7\u00e3o ser\u00e1 mantido. \u201cO governo estadual mant\u00e9m a prioridade em garantir comodidade e seguran\u00e7a aos usu\u00e1rios do transporte. Desta forma, da quinta at\u00e9 segunda-feira, a Ditrans disponibilizar\u00e1 os fiscais nos terminais rodovi\u00e1rios dos munic\u00edpios de Est\u00e2ncia, Itabaiana, Lagarto, Nossa Senhora da Gl\u00f3ria e Propri\u00e1, bem como duplicar\u00e1 as equipes de fiscaliza\u00e7\u00e3o volantes nas principais rodovias estaduais\u201d, destacou.<\/p>\n<div id=\"attachment_151880\" style=\"width: 609px\" class=\"wp-caption aligncenter\"><a href=\"https:\/\/senoticias.com.br\/se\/wp-content\/uploads\/2026\/04\/2e15cb88-d6d5-446c-aeb4-f5f0467b5f56-e1777402513750.jpeg\"><img loading=\"lazy\" decoding=\"async\" aria-describedby=\"caption-attachment-151880\" class=\"size-full wp-image-151880\" src=\"https:\/\/senoticias.com.br\/se\/wp-content\/uploads\/2026\/04\/2e15cb88-d6d5-446c-aeb4-f5f0467b5f56-e1777402513750.jpeg\" alt=\"\" width=\"599\" height=\"332\" \/><\/a><p id=\"caption-attachment-151880\" class=\"wp-caption-text\">Foto: ascom\/DER<\/p><\/div>\n<p>O n\u00famero de ve\u00edculos com destino aos 75 munic\u00edpios sergipanos passar\u00e1 de 581 para 599 \u00e0 disposi\u00e7\u00e3o dos usu\u00e1rios do transporte, proporcionando atendimento eficiente \u00e0 demanda e permitindo que a popula\u00e7\u00e3o usufrua dos servi\u00e7os com tranquilidade, como informou o diretor de Transportes do DER\/SE, Everton Menezes. \u201cTodos os terminais rodovi\u00e1rios funcionar\u00e3o normalmente, contaremos com 24 fiscais nos principais terminais do estado e duas equipes volantes\u201d, afirmou ao frisar que a medida visa proporcionar mais mobilidade aos usu\u00e1rios.<\/p>\n<p>Passagens antecipadas e venda online<\/p>\n<p>Para evitar longas filas nos terminais, o DER\/SE recomenda a compra antecipada. Al\u00e9m dos guich\u00eas f\u00edsicos nos terminais Luiz Garcia (Rodovi\u00e1ria Velha) e Jos\u00e9 Rollemberg Leite (Rodovi\u00e1ria Nova), o cidad\u00e3o, agora, conta com a facilidade digital.<\/p>\n<p>O novo sistema oficial de venda de passagens online marca o in\u00edcio de uma nova era na mobilidade urbana de Sergipe. As vendas est\u00e3o centralizadas no portal www.minhapassage.com.br. Nesta fase inicial, o sistema atende viagens saindo de Aracaju para todos os munic\u00edpios do estado, com valores acima de R$ 15.<\/p>\n<p>Como funciona a compra online<\/p>\n<p>A compra deve ser feita com, no m\u00ednimo, tr\u00eas horas de anteced\u00eancia do hor\u00e1rio de partida. Inicialmente, o sistema funciona apenas para viagens saindo de Aracaju (a expans\u00e3o para rotas partindo do interior ocorrer\u00e1 em breve). O usu\u00e1rio precisa acessar o site (www.minhapassage.com.br), selecionar o destino e o hor\u00e1rio, realizar o pagamento e apresentar o comprovante (digital ou impresso) no momento do embarque.<\/p>\n<p><strong><em>Acompanhe tamb\u00e9m o SE Not\u00edcias no\u00a0<a href=\"https:\/\/twitter.com\/Senoticias\" target=\"_blank\" rel=\"noreferrer noopener\">Twitter<\/a>,\u00a0<a href=\"https:\/\/www.facebook.com\/senoticias1\" target=\"_blank\" rel=\"noreferrer noopener\">Facebook<\/a>\u00a0e no\u00a0<a href=\"https:\/\/www.instagram.com\/senoticias\/\" target=\"_blank\" rel=\"noreferrer noopener\">Instagram<\/a><\/em><\/strong><\/p>\n<p>Secretaria de Estado da Comunica\u00e7\u00e3o Social<br \/>\nGoverno de Sergipe<\/p>\n","protected":false},"excerpt":{"rendered":"<p>&nbsp; Em virtude do feriado de 1\u00ba de maio, Dia do Trabalhador, o Governo de Sergipe, por meio do Departamento Estadual de Infraestrutura Rodovi\u00e1ria de Sergipe (DER\/SE), ampliar\u00e1 a frota do transporte intermunicipal. A partir das primeiras horas da tarde da pr\u00f3xima quinta-feira, 30, at\u00e9 a segunda-feira, 4, ser\u00e3o acrescidos 18 ve\u00edculos reserva \u00e0 frota [&hellip;]<\/p>\n","protected":false},"author":6557,"featured_media":0,"comment_status":"closed","ping_status":"closed","sticky":false,"template":"","format":"standard","meta":{"footnotes":""},"categories":[1],"tags":[3249,3737],"class_list":{"0":"post-151878","1":"post","2":"type-post","3":"status-publish","4":"format-standard","6":"category-sem-categoria","7":"tag-dia-do-trabalhador","8":"tag-transporte-intermunicipal"},"_links":{"self":[{"href":"https:\/\/senoticias.com.br\/se\/wp-json\/wp\/v2\/posts\/151878"}],"collection":[{"href":"https:\/\/senoticias.com.br\/se\/wp-json\/wp\/v2\/posts"}],"about":[{"href":"https:\/\/senoticias.com.br\/se\/wp-json\/wp\/v2\/types\/post"}],"author":[{"embeddable":true,"href":"https:\/\/senoticias.com.br\/se\/wp-json\/wp\/v2\/users\/6557"}],"replies":[{"embeddable":true,"href":"https:\/\/senoticias.com.br\/se\/wp-json\/wp\/v2\/comments?post=151878"}],"version-history":[{"count":0,"href":"https:\/\/senoticias.com.br\/se\/wp-json\/wp\/v2\/posts\/151878\/revisions"}],"wp:attachment":[{"href":"https:\/\/senoticias.com.br\/se\/wp-json\/wp\/v2\/media?parent=151878"}],"wp:term":[{"taxonomy":"category","embeddable":true,"href":"https:\/\/senoticias.com.br\/se\/wp-json\/wp\/v2\/categories?post=151878"},{"taxonomy":"post_tag","embeddable":true,"href":"https:\/\/senoticias.com.br\/se\/wp-json\/wp\/v2\/tags?post=151878"}],"curies":[{"name":"wp","href":"https:\/\/api.w.org\/{rel}","templated":true}]}}