{"id":151875,"date":"2026-04-28T15:51:16","date_gmt":"2026-04-28T18:51:16","guid":{"rendered":"https:\/\/senoticias.com.br\/se\/?p=151875"},"modified":"2026-04-28T15:51:16","modified_gmt":"2026-04-28T18:51:16","slug":"policia-federal-e-policia-civil-fazem-operacao-contra-abuso-sexual-infantojuvenil-em-26-estados-e-no-df","status":"publish","type":"post","link":"https:\/\/senoticias.com.br\/se\/policia-federal-e-policia-civil-fazem-operacao-contra-abuso-sexual-infantojuvenil-em-26-estados-e-no-df\/","title":{"rendered":"Policia Federal e Pol\u00edcia Civil fazem opera\u00e7\u00e3o contra abuso sexual infantojuvenil em 26 estados e no DF"},"content":{"rendered":"<p>A Pol\u00edcia Federal deflagrou, nesta ter\u00e7a-feira (28\/4), a Opera\u00e7\u00e3o Nacional Prote\u00e7\u00e3o Integral IV, para cumprimento simult\u00e2neo de 159 mandados de busca e apreens\u00e3o, em todas as unidades da Federa\u00e7\u00e3o, e 16 de pris\u00e3o preventiva, com foco na identifica\u00e7\u00e3o e na pris\u00e3o de autores de crimes de abuso sexual contra crian\u00e7as e adolescentes.<\/p>\n<p>Participam 503 policiais federais, bem como 243 policiais civis dos estados da Bahia, do Distrito Federal, do Esp\u00edrito Santo, de Goi\u00e1s, do Mato Grosso, do Mato Grosso do Sul, do Par\u00e1, do Paran\u00e1, de Pernambuco, do Piau\u00ed, do Rio de Janeiro, do Rio Grande do Sul, de S\u00e3o Paulo e de Tocantins.<\/p>\n<div id=\"attachment_151877\" style=\"width: 610px\" class=\"wp-caption aligncenter\"><a href=\"https:\/\/senoticias.com.br\/se\/wp-content\/uploads\/2026\/04\/1d7ae8aa-10f2-4a46-9d08-b9fe1d535a21.jpeg\"><img loading=\"lazy\" decoding=\"async\" aria-describedby=\"caption-attachment-151877\" class=\"size-full wp-image-151877\" src=\"https:\/\/senoticias.com.br\/se\/wp-content\/uploads\/2026\/04\/1d7ae8aa-10f2-4a46-9d08-b9fe1d535a21.jpeg\" alt=\"\" width=\"600\" height=\"800\" srcset=\"https:\/\/senoticias.com.br\/se\/wp-content\/uploads\/2026\/04\/1d7ae8aa-10f2-4a46-9d08-b9fe1d535a21.jpeg 600w, https:\/\/senoticias.com.br\/se\/wp-content\/uploads\/2026\/04\/1d7ae8aa-10f2-4a46-9d08-b9fe1d535a21-225x300.jpeg 225w\" sizes=\"(max-width: 600px) 100vw, 600px\" \/><\/a><p id=\"caption-attachment-151877\" class=\"wp-caption-text\">Opera\u00e7\u00e3o Nacional Prote\u00e7\u00e3o Integral IV cumpre 159 mandados de busca e apreens\u00e3o e 16 de pris\u00e3o preventiva; a\u00e7\u00e3o re\u00fane pol\u00edcias de 15 pa\u00edses &#8211; Foto: ascom\/PF<\/p><\/div>\n<p>A opera\u00e7\u00e3o Nacional Prote\u00e7\u00e3o Integral IV comp\u00f5e um esfor\u00e7o internacional coordenado, denominado Opera\u00e7\u00e3o Internacional Aliados pela Inf\u00e2ncia VI, voltado ao enfrentamento de crimes transnacionais que violam a dignidade sexual de crian\u00e7as e de adolescentes. Essa a\u00e7\u00e3o internacional ocorre de forma simult\u00e2nea, nesta ter\u00e7a, em 15 pa\u00edses, com o cumprimento de mandados de busca e apreens\u00e3o em m\u00faltiplas jurisdi\u00e7\u00f5es.<\/p>\n<p>No \u00e2mbito internacional, foram cumpridos mandados nos seguintes pa\u00edses: Argentina, Col\u00f4mbia, Costa Rica, El Salvador, Espanha, Fran\u00e7a, Guatemala, Honduras, M\u00e9xico, Panam\u00e1, Paraguai, Peru, Porto Rico, Rep\u00fablica Dominicana e Uruguai.<\/p>\n<p>A a\u00e7\u00e3o busca integrar for\u00e7as policiais nacionais e internacionais no combate a crimes de abuso sexual infantojuvenil, para refor\u00e7ar, no contexto do Maio Laranja, o compromisso com a preven\u00e7\u00e3o e com a repress\u00e3o dessas pr\u00e1ticas. Em 2026, a Pol\u00edcia Federal, mediante Grupos de Capturas, j\u00e1 cumpriu ao menos 450 mandados de pris\u00e3o de foragidos por crimes sexuais.<\/p>\n<p>Nomenclatura e alerta<\/p>\n<p>Embora o termo &#8220;pornografia&#8221; ainda conste no Estatuto da Crian\u00e7a e do Adolescente, a comunidade internacional adota, preferencialmente, as express\u00f5es &#8220;abuso sexual de crian\u00e7as e adolescentes&#8221; ou &#8220;viol\u00eancia sexual contra crian\u00e7as e adolescentes&#8221;, por refletirem com maior precis\u00e3o a gravidade desses crimes.<\/p>\n<p>A Pol\u00edcia Federal refor\u00e7a a import\u00e2ncia da preven\u00e7\u00e3o e orienta pais e respons\u00e1veis a acompanharem o uso da internet por crian\u00e7as e por adolescentes, como forma de reduzir riscos e de proteger poss\u00edveis v\u00edtimas. O di\u00e1logo aberto sobre seguran\u00e7a no ambiente digital e a orienta\u00e7\u00e3o para que crian\u00e7as e adolescentes comuniquem situa\u00e7\u00f5es suspeitas tamb\u00e9m s\u00e3o medidas importantes de prote\u00e7\u00e3o.<\/p>\n<p>Coordena\u00e7\u00e3o-Geral de Comunica\u00e7\u00e3o Social da Pol\u00edcia Federal<\/p>\n<p><strong><em>Acompanhe tamb\u00e9m o SE Not\u00edcias no\u00a0<a href=\"https:\/\/twitter.com\/Senoticias\" target=\"_blank\" rel=\"noreferrer noopener\">Twitter<\/a>,\u00a0<a href=\"https:\/\/www.facebook.com\/senoticias1\" target=\"_blank\" rel=\"noreferrer noopener\">Facebook<\/a>\u00a0e no\u00a0<a href=\"https:\/\/www.instagram.com\/senoticias\/\" target=\"_blank\" rel=\"noreferrer noopener\">Instagram<\/a><\/em><\/strong><\/p>\n","protected":false},"excerpt":{"rendered":"<p>A Pol\u00edcia Federal deflagrou, nesta ter\u00e7a-feira (28\/4), a Opera\u00e7\u00e3o Nacional Prote\u00e7\u00e3o Integral IV, para cumprimento simult\u00e2neo de 159 mandados de busca e apreens\u00e3o, em todas as unidades da Federa\u00e7\u00e3o, e 16 de pris\u00e3o preventiva, com foco na identifica\u00e7\u00e3o e na pris\u00e3o de autores de crimes de abuso sexual contra crian\u00e7as e adolescentes. Participam 503 policiais [&hellip;]<\/p>\n","protected":false},"author":6557,"featured_media":0,"comment_status":"closed","ping_status":"closed","sticky":false,"template":"","format":"standard","meta":{"footnotes":""},"categories":[15,7],"tags":[44822,1947],"class_list":{"0":"post-151875","1":"post","2":"type-post","3":"status-publish","4":"format-standard","6":"category-destaques","7":"category-policia","8":"tag-abuso-infantojuvenil","9":"tag-policia-federal"},"_links":{"self":[{"href":"https:\/\/senoticias.com.br\/se\/wp-json\/wp\/v2\/posts\/151875"}],"collection":[{"href":"https:\/\/senoticias.com.br\/se\/wp-json\/wp\/v2\/posts"}],"about":[{"href":"https:\/\/senoticias.com.br\/se\/wp-json\/wp\/v2\/types\/post"}],"author":[{"embeddable":true,"href":"https:\/\/senoticias.com.br\/se\/wp-json\/wp\/v2\/users\/6557"}],"replies":[{"embeddable":true,"href":"https:\/\/senoticias.com.br\/se\/wp-json\/wp\/v2\/comments?post=151875"}],"version-history":[{"count":0,"href":"https:\/\/senoticias.com.br\/se\/wp-json\/wp\/v2\/posts\/151875\/revisions"}],"wp:attachment":[{"href":"https:\/\/senoticias.com.br\/se\/wp-json\/wp\/v2\/media?parent=151875"}],"wp:term":[{"taxonomy":"category","embeddable":true,"href":"https:\/\/senoticias.com.br\/se\/wp-json\/wp\/v2\/categories?post=151875"},{"taxonomy":"post_tag","embeddable":true,"href":"https:\/\/senoticias.com.br\/se\/wp-json\/wp\/v2\/tags?post=151875"}],"curies":[{"name":"wp","href":"https:\/\/api.w.org\/{rel}","templated":true}]}}