{"id":151873,"date":"2026-04-28T12:10:14","date_gmt":"2026-04-28T15:10:14","guid":{"rendered":"https:\/\/senoticias.com.br\/se\/?p=151873"},"modified":"2026-04-28T12:10:14","modified_gmt":"2026-04-28T15:10:14","slug":"sindisan-repudia-narrativa-de-sabotagem-e-aponta-incompetencia-operacional-da-igua","status":"publish","type":"post","link":"https:\/\/senoticias.com.br\/se\/sindisan-repudia-narrativa-de-sabotagem-e-aponta-incompetencia-operacional-da-igua\/","title":{"rendered":"Sindisan repudia narrativa de sabotagem e aponta incompet\u00eancia operacional da Igu\u00e1"},"content":{"rendered":"<p>O Sindicato dos Trabalhadores na Ind\u00fastria da Purifica\u00e7\u00e3o e Distribui\u00e7\u00e3o de \u00c1gua e em Servi\u00e7os de Esgoto do Estado de Sergipe (SINDISAN), ap\u00f3s reunir-se com o corpo t\u00e9cnico e operacional da Companhia de Saneamento de Sergipe (DESO), na segunda-feira, 27 de abril, vem a p\u00fablico restabelecer a verdade sobre os recentes epis\u00f3dios de desabastecimento e as graves acusa\u00e7\u00f5es de &#8220;sabotagem&#8221; proferidas pela concession\u00e1ria Igu\u00e1 e pelo Governo do Estado.<\/p>\n<div id=\"attachment_151874\" style=\"width: 548px\" class=\"wp-caption aligncenter\"><a href=\"https:\/\/senoticias.com.br\/se\/wp-content\/uploads\/2026\/04\/Silvio-Sa-Sindisan-SE-Noticias.jpeg\"><img loading=\"lazy\" decoding=\"async\" aria-describedby=\"caption-attachment-151874\" class=\"size-full wp-image-151874\" src=\"https:\/\/senoticias.com.br\/se\/wp-content\/uploads\/2026\/04\/Silvio-Sa-Sindisan-SE-Noticias.jpeg\" alt=\"\" width=\"538\" height=\"602\" srcset=\"https:\/\/senoticias.com.br\/se\/wp-content\/uploads\/2026\/04\/Silvio-Sa-Sindisan-SE-Noticias.jpeg 538w, https:\/\/senoticias.com.br\/se\/wp-content\/uploads\/2026\/04\/Silvio-Sa-Sindisan-SE-Noticias-268x300.jpeg 268w\" sizes=\"(max-width: 538px) 100vw, 538px\" \/><\/a><p id=\"caption-attachment-151874\" class=\"wp-caption-text\">Presidente do Sindisan, Silvio S\u00e1 &#8211; Foto: arquivo\/SE Not\u00edcias<\/p><\/div>\n<p>Abaixo, detalhamos os pontos que desconstroem a narrativa oficial e exp\u00f5em a tentativa de criminalizar trabalhadores para mascarar falhas de gest\u00e3o:<\/p>\n<p><strong>1. A Matem\u00e1tica do Desabastecimento: A Verdade sobre o Sistema<\/strong><br \/>\nA tentativa de atribuir a falta de \u00e1gua na Zona de Expans\u00e3o, Mosqueiro, Santa Maria, Robalo e adjac\u00eancias \u00e0 quebra de um \u00fanico registro beira o absurdo t\u00e9cnico. O sistema que abastece essa regi\u00e3o \u00e9 composto por adutoras provenientes de tr\u00eas frentes: Poxim, S\u00e3o Francisco e Cabrita.<\/p>\n<p><strong>A Realidade dos N\u00fameros:<\/strong> A rede supostamente &#8220;vandalizada&#8221; vem da Esta\u00e7\u00e3o da Cabrita, que representa menos de 20% do volume destinado \u00e0quela \u00e1rea.<\/p>\n<p><strong>A Falha Ocultada:<\/strong> Os outros 80% do abastecimento dependem do sistema de bombeamento conhecido como E3. \u00c9 de conhecimento t\u00e9cnico que a Igu\u00e1 enfrentou problemas cr\u00edticos nas bombas do sistema E3 e n\u00e3o conseguiu realizar os reparos em tempo h\u00e1bil.<\/p>\n<p><strong>Conclus\u00e3o:<\/strong> \u00c9 imposs\u00edvel que o bloqueio de uma rede secund\u00e1ria (Cabrita) cause o colapso total em um sistema de rede dupla onde a fonte principal (<strong>E3<\/strong>) deveria estar operando.<\/p>\n<p><strong>2. Desequil\u00edbrio Operacional e Perda de &#8220;Know-how&#8221;<\/strong><br \/>\nEspecialistas e t\u00e9cnicos da DESO s\u00e3o categ\u00f3ricos: o sistema entregue \u00e0 Igu\u00e1 era plenamente balanceado. Anos de experi\u00eancia permitiram o ajuste fino de press\u00f5es e manobras de v\u00e1lvulas que garantiam o equil\u00edbrio h\u00eddrico da Regi\u00e3o Metropolitana.<\/p>\n<p>Desde que a Igu\u00e1 assumiu, esse trabalho de calibra\u00e7\u00e3o foi perdido. Relatos indicam que v\u00e1lvulas est\u00e3o sendo abertas e fechadas sem o rigor t\u00e9cnico necess\u00e1rio, ignorando as posi\u00e7\u00f5es de equil\u00edbrio que mantinham a rede pressurizada. O desabastecimento \u00e9, portanto, fruto de uma curva de aprendizado deficit\u00e1ria e da falta de habilidade operacional da nova concession\u00e1ria.<\/p>\n<p><strong>3. A &#8220;Sabotagem&#8221; de um Equipamento Deteriorado<\/strong><br \/>\nO SINDISAN teve acesso a registros fotogr\u00e1ficos do equipamento danificado. As imagens revelam uma v\u00e1lvula em avan\u00e7ado estado de deteriora\u00e7\u00e3o, o que torna tecnicamente imposs\u00edvel afirmar que o bloqueio foi fruto de a\u00e7\u00e3o humana deliberada em vez de fadiga de material ou falta de manuten\u00e7\u00e3o.<\/p>\n<p>As declara\u00e7\u00f5es da Igu\u00e1, endossadas pelo Governo, de que seriam necess\u00e1rios &#8220;conhecimentos espec\u00edficos e chaves adequadas&#8221;, tentam lan\u00e7ar uma sombra de suspei\u00e7\u00e3o injusta e criminosa sobre os trabalhadores do saneamento. Causa estranheza que esse &#8220;vandalismo&#8221; tenha ocorrido justamente na rede de menor impacto \u2014 uma conveni\u00eancia narrativa que serve como a &#8220;desculpa perfeita&#8221; para o fracasso da empresa em sua fase inicial.<\/p>\n<p>Causa estranheza que esse &#8220;vandalismo&#8221; tenha ocorrido justamente na rede de menor impacto \u2014 uma conveni\u00eancia narrativa que serve como a &#8220;desculpa perfeita&#8221; para o fracasso da empresa em sua fase inicial.<\/p>\n<p><strong>4. Em Defesa da Dignidade do Trabalhador da DESO<\/strong><br \/>\nO SINDISAN n\u00e3o aceitar\u00e1 que suspeitas infundadas recaiam sobre os empregados da DESO, que hoje s\u00e3o os principais atingidos pela pol\u00edtica de desvaloriza\u00e7\u00e3o e precariza\u00e7\u00e3o promovida pelo Estado.<\/p>\n<p>&#8220;O trabalhador da DESO aprendeu, historicamente, a garantir o abastecimento mesmo com recursos limitados. Sofremos por anos com o vandalismo real \u2014 roubo de fios e transformadores \u2014 e nunca permitimos que a popula\u00e7\u00e3o chegasse ao estado de priva\u00e7\u00e3o em que se encontra hoje.&#8221;<\/p>\n<p><strong>5. Dois Pesos e Duas Medidas<\/strong><br \/>\n\u00c9 lament\u00e1vel observar a postura do Governo do Estado. Enquanto os trabalhadores da DESO sempre operaram com dedica\u00e7\u00e3o, enfrentando o sucateamento institucional, nunca contaram com a &#8220;defesa feroz&#8221; que o Executivo agora dedica \u00e0 Igu\u00e1. O governo parece mais preocupado em proteger o prest\u00edgio da empresa privada do que em garantir o direito fundamental da popula\u00e7\u00e3o ao acesso \u00e0 \u00e1gua.<\/p>\n<p><strong>Provid\u00eancias<\/strong><\/p>\n<p>O SINDISAN informa que provocar\u00e1 todos os \u00f3rg\u00e3os de fiscaliza\u00e7\u00e3o e inst\u00e2ncias jur\u00eddicas competentes para acompanhar o inqu\u00e9rito que apura a suposta sabotagem. Exigimos uma investiga\u00e7\u00e3o t\u00e9cnica isenta, que n\u00e3o sirva de cortina de fuma\u00e7a para a incompet\u00eancia administrativa que hoje castiga o povo sergipano.<\/p>\n<p>Da Assessoria de Imprensa<\/p>\n<p><strong><em>Acompanhe tamb\u00e9m o SE Not\u00edcias no\u00a0<a href=\"https:\/\/twitter.com\/Senoticias\" target=\"_blank\" rel=\"noreferrer noopener\">Twitter<\/a>,\u00a0<a href=\"https:\/\/www.facebook.com\/senoticias1\" target=\"_blank\" rel=\"noreferrer noopener\">Facebook<\/a>\u00a0e no\u00a0<a href=\"https:\/\/www.instagram.com\/senoticias\/\" target=\"_blank\" rel=\"noreferrer noopener\">Instagram<\/a><\/em><\/strong><\/p>\n<p>&nbsp;<\/p>\n<p>&nbsp;<\/p>\n<p>&nbsp;<\/p>\n<p>&nbsp;<\/p>\n<p>&nbsp;<\/p>\n","protected":false},"excerpt":{"rendered":"<p>O Sindicato dos Trabalhadores na Ind\u00fastria da Purifica\u00e7\u00e3o e Distribui\u00e7\u00e3o de \u00c1gua e em Servi\u00e7os de Esgoto do Estado de Sergipe (SINDISAN), ap\u00f3s reunir-se com o corpo t\u00e9cnico e operacional da Companhia de Saneamento de Sergipe (DESO), na segunda-feira, 27 de abril, vem a p\u00fablico restabelecer a verdade sobre os recentes epis\u00f3dios de desabastecimento e [&hellip;]<\/p>\n","protected":false},"author":6557,"featured_media":151874,"comment_status":"closed","ping_status":"closed","sticky":false,"template":"","format":"standard","meta":{"footnotes":""},"categories":[15,6],"tags":[208,42867,44818,40500,5393],"class_list":{"0":"post-151873","1":"post","2":"type-post","3":"status-publish","4":"format-standard","5":"has-post-thumbnail","7":"category-destaques","8":"category-politica","9":"tag-deso","10":"tag-igua","11":"tag-sabotagem","12":"tag-silvio-sa","13":"tag-sindisan"},"_links":{"self":[{"href":"https:\/\/senoticias.com.br\/se\/wp-json\/wp\/v2\/posts\/151873"}],"collection":[{"href":"https:\/\/senoticias.com.br\/se\/wp-json\/wp\/v2\/posts"}],"about":[{"href":"https:\/\/senoticias.com.br\/se\/wp-json\/wp\/v2\/types\/post"}],"author":[{"embeddable":true,"href":"https:\/\/senoticias.com.br\/se\/wp-json\/wp\/v2\/users\/6557"}],"replies":[{"embeddable":true,"href":"https:\/\/senoticias.com.br\/se\/wp-json\/wp\/v2\/comments?post=151873"}],"version-history":[{"count":0,"href":"https:\/\/senoticias.com.br\/se\/wp-json\/wp\/v2\/posts\/151873\/revisions"}],"wp:featuredmedia":[{"embeddable":true,"href":"https:\/\/senoticias.com.br\/se\/wp-json\/wp\/v2\/media\/151874"}],"wp:attachment":[{"href":"https:\/\/senoticias.com.br\/se\/wp-json\/wp\/v2\/media?parent=151873"}],"wp:term":[{"taxonomy":"category","embeddable":true,"href":"https:\/\/senoticias.com.br\/se\/wp-json\/wp\/v2\/categories?post=151873"},{"taxonomy":"post_tag","embeddable":true,"href":"https:\/\/senoticias.com.br\/se\/wp-json\/wp\/v2\/tags?post=151873"}],"curies":[{"name":"wp","href":"https:\/\/api.w.org\/{rel}","templated":true}]}}