{"id":151869,"date":"2026-04-28T06:05:50","date_gmt":"2026-04-28T09:05:50","guid":{"rendered":"https:\/\/senoticias.com.br\/se\/?p=151869"},"modified":"2026-04-28T06:16:36","modified_gmt":"2026-04-28T09:16:36","slug":"ministerio-publico-recomenda-suspensao-de-show-de-natanzinho-lima-em-cidade-da-bahia","status":"publish","type":"post","link":"https:\/\/senoticias.com.br\/se\/ministerio-publico-recomenda-suspensao-de-show-de-natanzinho-lima-em-cidade-da-bahia\/","title":{"rendered":"Minist\u00e9rio P\u00fablico recomenda suspens\u00e3o de show de Natanzinho Lima em cidade da Bahia"},"content":{"rendered":"<p>O Minist\u00e9rio P\u00fablico da Bahia (MP-BA) recomendou a suspens\u00e3o imediata do contrato firmado pela Prefeitura de Formosa do Rio Preto, no oeste do estado, para a apresenta\u00e7\u00e3o do cantor sergipano Natanzinho Lima durante a 40\u00aa Vaquejada do munic\u00edpio. O show est\u00e1 previsto para acontecer na noite de 28 de maio e foi contratado por R$ 800 mil.<\/p>\n<p>De acordo com o G1, uma recomenda\u00e7\u00e3o assinada pelo \u00f3rg\u00e3o, na \u00faltima quinta-feira (23), o valor pago ao artista ultrapassa os par\u00e2metros de razoabilidade definidos pela Nota T\u00e9cnica Conjunta, elaborada pelo MP-BA, Tribunal de Contas do Estado (TCE-BA) e Tribunal de Contas dos Munic\u00edpios (TCM-BA), que orienta a contrata\u00e7\u00e3o de atra\u00e7\u00f5es art\u00edsticas em eventos festivos.<\/p>\n<div id=\"attachment_151870\" style=\"width: 562px\" class=\"wp-caption aligncenter\"><a href=\"https:\/\/senoticias.com.br\/se\/wp-content\/uploads\/2026\/04\/Natanzinho-Lima-SE-Noticias.jpeg\"><img loading=\"lazy\" decoding=\"async\" aria-describedby=\"caption-attachment-151870\" class=\"size-full wp-image-151870\" src=\"https:\/\/senoticias.com.br\/se\/wp-content\/uploads\/2026\/04\/Natanzinho-Lima-SE-Noticias.jpeg\" alt=\"\" width=\"552\" height=\"368\" srcset=\"https:\/\/senoticias.com.br\/se\/wp-content\/uploads\/2026\/04\/Natanzinho-Lima-SE-Noticias.jpeg 552w, https:\/\/senoticias.com.br\/se\/wp-content\/uploads\/2026\/04\/Natanzinho-Lima-SE-Noticias-300x200.jpeg 300w, https:\/\/senoticias.com.br\/se\/wp-content\/uploads\/2026\/04\/Natanzinho-Lima-SE-Noticias-90x60.jpeg 90w, https:\/\/senoticias.com.br\/se\/wp-content\/uploads\/2026\/04\/Natanzinho-Lima-SE-Noticias-180x120.jpeg 180w, https:\/\/senoticias.com.br\/se\/wp-content\/uploads\/2026\/04\/Natanzinho-Lima-SE-Noticias-95x64.jpeg 95w\" sizes=\"(max-width: 552px) 100vw, 552px\" \/><\/a><p id=\"caption-attachment-151870\" class=\"wp-caption-text\"><br \/>MPBA recomenda suspens\u00e3o de show de Natanzinho Lima por cach\u00ea de R$ 800 mil &#8211; Foto: ascom\/divulga\u00e7\u00e3o<\/p><\/div>\n<p>De acordo com o documento, dados do Painel de Transpar\u00eancia dos Festejos Juninos apontam que a m\u00e9dia aritm\u00e9tica das 23 contrata\u00e7\u00f5es de Natanzinho Lima por munic\u00edpios baianos, em 2025, foi de R$ 604.347,82.<\/p>\n<p>O g1 entrou em contato com a assessoria de Natanzinho Lima e com a Prefeitura de Formosa do Rio Preto, mas n\u00e3o obteve retorno at\u00e9 a \u00faltima atualiza\u00e7\u00e3o desta reportagem.<\/p>\n<p>Com a atualiza\u00e7\u00e3o monet\u00e1ria pelo \u00cdndice Nacional de Pre\u00e7os ao Consumidor Amplo (IPCA), esse valor chegaria a R$ 624.703,60 em 2026.<\/p>\n<p>Ainda segundo o MP, o cach\u00ea de R$ 800 mil representa um valor 28% superior ao par\u00e2metro considerado razo\u00e1vel e configura uma contrata\u00e7\u00e3o de &#8220;alta materialidade&#8221;, categoria que, conforme o \u00f3rg\u00e3o, exige justificativa refor\u00e7ada e ampla comprova\u00e7\u00e3o de compatibilidade com os pre\u00e7os praticados no mercado.<\/p>\n<p>O \u00f3rg\u00e3o destacou que contratos acima de R$ 700 mil representam apenas 1% das contrata\u00e7\u00f5es art\u00edsticas identificadas nos festejos juninos da Bahia em 2025 e s\u00e3o considerados &#8220;outliers&#8217;, valores considerados discrepantes, exigindo maior rigor na an\u00e1lise da economicidade e da conveni\u00eancia da despesa.<\/p>\n<p>Na recomenda\u00e7\u00e3o, o Minist\u00e9rio P\u00fablico pede a suspens\u00e3o imediata do contrato administrativo e orienta que a prefeitura se abstenha de realizar qualquer pagamento relacionado ao ajuste at\u00e9 que a legalidade e a economicidade da contrata\u00e7\u00e3o sejam comprovadas.<\/p>\n<p>Al\u00e9m disso, o munic\u00edpio dever\u00e1 encaminhar a \u00edntegra do processo de inexigibilidade de licita\u00e7\u00e3o, incluindo pareceres t\u00e9cnicos e jur\u00eddicos, pesquisa de pre\u00e7os, justificativa da escolha do artista, dota\u00e7\u00e3o or\u00e7ament\u00e1ria e contrato celebrado.<\/p>\n<p>O MP tamb\u00e9m solicitou documentos que comprovem a sa\u00fade financeira da prefeitura, como Relat\u00f3rio Resumido da Execu\u00e7\u00e3o Or\u00e7ament\u00e1ria (RREO), Relat\u00f3rio de Gest\u00e3o Fiscal (RGF), demonstrativo de disponibilidade de caixa, al\u00e9m de manifesta\u00e7\u00e3o do controle interno sobre o impacto da despesa e comprova\u00e7\u00e3o de que o pagamento n\u00e3o comprometer\u00e1 \u00e1reas priorit\u00e1rias como sa\u00fade, educa\u00e7\u00e3o e saneamento.<\/p>\n<p>Outro ponto exigido \u00e9 uma declara\u00e7\u00e3o do prefeito informando que o munic\u00edpio n\u00e3o est\u00e1 em estado de emerg\u00eancia ou calamidade p\u00fablica e que n\u00e3o h\u00e1 atraso no pagamento de servidores p\u00fablicos ativos e inativos.<\/p>\n<p>A Prefeitura de Formosa do Rio Preto tem um prazo de 10 dias \u00fateis para informar se acatar\u00e1 ou n\u00e3o as medidas recomendadas e apresentar a documenta\u00e7\u00e3o solicitada.<\/p>\n<p>O MP-BA advertiu que a aus\u00eancia de resposta ou a recusa sem justificativa poder\u00e1 resultar na ado\u00e7\u00e3o de medidas judiciais e administrativas, inclusive com possibilidade de responsabiliza\u00e7\u00e3o dos gestores por improbidade administrativa ou crime contra a administra\u00e7\u00e3o p\u00fablica.<\/p>\n<p><strong><em>Acompanhe tamb\u00e9m o SE Not\u00edcias no\u00a0<a href=\"https:\/\/twitter.com\/Senoticias\" target=\"_blank\" rel=\"noreferrer noopener\">Twitter<\/a>,\u00a0<a href=\"https:\/\/www.facebook.com\/senoticias1\" target=\"_blank\" rel=\"noreferrer noopener\">Facebook<\/a>\u00a0e no\u00a0<a href=\"https:\/\/www.instagram.com\/senoticias\/\" target=\"_blank\" rel=\"noreferrer noopener\">Instagram<\/a><\/em><\/strong><\/p>\n<p>Fonte: G1\/BA<\/p>\n<p>&nbsp;<\/p>\n","protected":false},"excerpt":{"rendered":"<p>O Minist\u00e9rio P\u00fablico da Bahia (MP-BA) recomendou a suspens\u00e3o imediata do contrato firmado pela Prefeitura de Formosa do Rio Preto, no oeste do estado, para a apresenta\u00e7\u00e3o do cantor sergipano Natanzinho Lima durante a 40\u00aa Vaquejada do munic\u00edpio. O show est\u00e1 previsto para acontecer na noite de 28 de maio e foi contratado por R$ [&hellip;]<\/p>\n","protected":false},"author":6557,"featured_media":151870,"comment_status":"closed","ping_status":"closed","sticky":false,"template":"","format":"standard","meta":{"footnotes":""},"categories":[15,2961,1],"tags":[44821,43867,43619],"class_list":{"0":"post-151869","1":"post","2":"type-post","3":"status-publish","4":"format-standard","5":"has-post-thumbnail","7":"category-destaques","8":"category-nacional","9":"category-sem-categoria","10":"tag-cache","11":"tag-mpba","12":"tag-natanzinho-lima"},"_links":{"self":[{"href":"https:\/\/senoticias.com.br\/se\/wp-json\/wp\/v2\/posts\/151869"}],"collection":[{"href":"https:\/\/senoticias.com.br\/se\/wp-json\/wp\/v2\/posts"}],"about":[{"href":"https:\/\/senoticias.com.br\/se\/wp-json\/wp\/v2\/types\/post"}],"author":[{"embeddable":true,"href":"https:\/\/senoticias.com.br\/se\/wp-json\/wp\/v2\/users\/6557"}],"replies":[{"embeddable":true,"href":"https:\/\/senoticias.com.br\/se\/wp-json\/wp\/v2\/comments?post=151869"}],"version-history":[{"count":0,"href":"https:\/\/senoticias.com.br\/se\/wp-json\/wp\/v2\/posts\/151869\/revisions"}],"wp:featuredmedia":[{"embeddable":true,"href":"https:\/\/senoticias.com.br\/se\/wp-json\/wp\/v2\/media\/151870"}],"wp:attachment":[{"href":"https:\/\/senoticias.com.br\/se\/wp-json\/wp\/v2\/media?parent=151869"}],"wp:term":[{"taxonomy":"category","embeddable":true,"href":"https:\/\/senoticias.com.br\/se\/wp-json\/wp\/v2\/categories?post=151869"},{"taxonomy":"post_tag","embeddable":true,"href":"https:\/\/senoticias.com.br\/se\/wp-json\/wp\/v2\/tags?post=151869"}],"curies":[{"name":"wp","href":"https:\/\/api.w.org\/{rel}","templated":true}]}}