{"id":151856,"date":"2026-04-27T12:11:06","date_gmt":"2026-04-27T15:11:06","guid":{"rendered":"https:\/\/senoticias.com.br\/se\/?p=151856"},"modified":"2026-04-27T12:18:37","modified_gmt":"2026-04-27T15:18:37","slug":"encontro-de-laticinios-em-nossa-senhora-da-gloria-reunira-laticinistas-e-queijeiros","status":"publish","type":"post","link":"https:\/\/senoticias.com.br\/se\/encontro-de-laticinios-em-nossa-senhora-da-gloria-reunira-laticinistas-e-queijeiros\/","title":{"rendered":"Encontro de Latic\u00ednios em Nossa Senhora da Gl\u00f3ria reunir\u00e1 laticinistas e queijeiros"},"content":{"rendered":"<p>Com o apoio das principais institui\u00e7\u00f5es do estado, o evento vem ao encontro das demandas da expans\u00e3o do setor de leite e produtos l\u00e1cteos em Sergipe, apresentando novas tecnologias e levando conhecimento atualizado para latic\u00ednios.<\/p>\n<p>O Semin\u00e1rio + Neg\u00f3cios \u2013 Encontro de Latic\u00ednios, promovido pelo Grupo + Food, realiza sua 7\u00aa edi\u00e7\u00e3o. O evento que j\u00e1 passou por v\u00e1rios estados do Brasil, desta vez, acontecer\u00e1 nos dias 13 e 14 de maio, em Nossa Senhora da Gl\u00f3ria &#8211; Sergipe, reconhecida como a Capital do Leite do estado. Gratuito e voltado exclusivamente para latic\u00ednios e queijeiros, o semin\u00e1rio conecta ind\u00fastria e profissionais, levando tecnologia, conhecimento e oportunidades de neg\u00f3cios a polos produtivos estrat\u00e9gicos.<\/p>\n<div id=\"attachment_151857\" style=\"width: 586px\" class=\"wp-caption aligncenter\"><a href=\"https:\/\/senoticias.com.br\/se\/wp-content\/uploads\/2026\/04\/9c5755e3-7950-4858-9052-265aa7dded08.jpeg\"><img loading=\"lazy\" decoding=\"async\" aria-describedby=\"caption-attachment-151857\" class=\"size-full wp-image-151857\" src=\"https:\/\/senoticias.com.br\/se\/wp-content\/uploads\/2026\/04\/9c5755e3-7950-4858-9052-265aa7dded08.jpeg\" alt=\"\" width=\"576\" height=\"384\" srcset=\"https:\/\/senoticias.com.br\/se\/wp-content\/uploads\/2026\/04\/9c5755e3-7950-4858-9052-265aa7dded08.jpeg 576w, https:\/\/senoticias.com.br\/se\/wp-content\/uploads\/2026\/04\/9c5755e3-7950-4858-9052-265aa7dded08-300x200.jpeg 300w, https:\/\/senoticias.com.br\/se\/wp-content\/uploads\/2026\/04\/9c5755e3-7950-4858-9052-265aa7dded08-90x60.jpeg 90w, https:\/\/senoticias.com.br\/se\/wp-content\/uploads\/2026\/04\/9c5755e3-7950-4858-9052-265aa7dded08-180x120.jpeg 180w, https:\/\/senoticias.com.br\/se\/wp-content\/uploads\/2026\/04\/9c5755e3-7950-4858-9052-265aa7dded08-95x64.jpeg 95w\" sizes=\"(max-width: 576px) 100vw, 576px\" \/><\/a><p id=\"caption-attachment-151857\" class=\"wp-caption-text\">Encontro de Latic\u00ednios em Nossa Senhora da Gl\u00f3ria \u00e9 gratuito para laticinistas e queijeiros &#8211; Foto: ascom\/divulga\u00e7\u00e3o<\/p><\/div>\n<p>O evento conta com o apoio da Secretaria de Estado da Agricultura, Desenvolvimento Agr\u00e1rio e da Pesca (Seagri); Prefeitura e Secretaria de Agricultura de Nossa Senhora da Gl\u00f3ria; Empresa de Desenvolvimento Agropecu\u00e1rio de Sergipe (Emdagro) e Servi\u00e7o Nacional de Aprendizagem Rural (Senar). O Sebrae tamb\u00e9m integra o grupo de apoiadores, contribuindo com capacita\u00e7\u00e3o e fortalecimento dos pequenos neg\u00f3cios do agro.<\/p>\n<p>Durante os dois dias de programa\u00e7\u00e3o, os visitantes ter\u00e3o acesso a novidades em equipamentos industriais, embalagens, sistemas de refrigera\u00e7\u00e3o, ingredientes, instrumentos laboratoriais, solu\u00e7\u00f5es em gest\u00e3o de processos, entre outros.<\/p>\n<p>Especialistas reconhecidos no Brasil, com Mucio Furtado e pesquisadores de universidades e da Embrapa, como o pesquisador Samuel Oliveira, v\u00e3o contribuir para a atualiza\u00e7\u00e3o em conhecimento para os laticinistas.<\/p>\n<p>Com a proposta de levar tecnologia, conhecimento e oportunidades de neg\u00f3cios para regi\u00f5es estrat\u00e9gicas fora dos grandes centros, o evento tem como marca, a escolha criteriosa de polos produtivos com forte potencial de crescimento. A iniciativa busca aproximar ind\u00fastrias de latic\u00ednios de fornecedores de equipamentos, insumos e solu\u00e7\u00f5es que contribuam para um desenvolvimento estruturado e sustent\u00e1vel<\/p>\n<p><strong><em>Acompanhe tamb\u00e9m o SE Not\u00edcias no\u00a0<a href=\"https:\/\/twitter.com\/Senoticias\" target=\"_blank\" rel=\"noreferrer noopener\">Twitter<\/a>,\u00a0<a href=\"https:\/\/www.facebook.com\/senoticias1\" target=\"_blank\" rel=\"noreferrer noopener\">Facebook<\/a>\u00a0e no\u00a0<a href=\"https:\/\/www.instagram.com\/senoticias\/\" target=\"_blank\" rel=\"noreferrer noopener\">Instagram<\/a><\/em><\/strong><\/p>\n<p>Da Assessoria de Imprensa<\/p>\n","protected":false},"excerpt":{"rendered":"<p>Com o apoio das principais institui\u00e7\u00f5es do estado, o evento vem ao encontro das demandas da expans\u00e3o do setor de leite e produtos l\u00e1cteos em Sergipe, apresentando novas tecnologias e levando conhecimento atualizado para latic\u00ednios. O Semin\u00e1rio + Neg\u00f3cios \u2013 Encontro de Latic\u00ednios, promovido pelo Grupo + Food, realiza sua 7\u00aa edi\u00e7\u00e3o. O evento que [&hellip;]<\/p>\n","protected":false},"author":6557,"featured_media":0,"comment_status":"closed","ping_status":"closed","sticky":false,"template":"","format":"standard","meta":{"footnotes":""},"categories":[15,38],"tags":[44820,1482,3692],"class_list":{"0":"post-151856","1":"post","2":"type-post","3":"status-publish","4":"format-standard","6":"category-destaques","7":"category-municipios","8":"tag-encontro-de-laticinios","9":"tag-faese","10":"tag-nossa-senhora-da-gloria"},"_links":{"self":[{"href":"https:\/\/senoticias.com.br\/se\/wp-json\/wp\/v2\/posts\/151856"}],"collection":[{"href":"https:\/\/senoticias.com.br\/se\/wp-json\/wp\/v2\/posts"}],"about":[{"href":"https:\/\/senoticias.com.br\/se\/wp-json\/wp\/v2\/types\/post"}],"author":[{"embeddable":true,"href":"https:\/\/senoticias.com.br\/se\/wp-json\/wp\/v2\/users\/6557"}],"replies":[{"embeddable":true,"href":"https:\/\/senoticias.com.br\/se\/wp-json\/wp\/v2\/comments?post=151856"}],"version-history":[{"count":0,"href":"https:\/\/senoticias.com.br\/se\/wp-json\/wp\/v2\/posts\/151856\/revisions"}],"wp:attachment":[{"href":"https:\/\/senoticias.com.br\/se\/wp-json\/wp\/v2\/media?parent=151856"}],"wp:term":[{"taxonomy":"category","embeddable":true,"href":"https:\/\/senoticias.com.br\/se\/wp-json\/wp\/v2\/categories?post=151856"},{"taxonomy":"post_tag","embeddable":true,"href":"https:\/\/senoticias.com.br\/se\/wp-json\/wp\/v2\/tags?post=151856"}],"curies":[{"name":"wp","href":"https:\/\/api.w.org\/{rel}","templated":true}]}}