{"id":151854,"date":"2026-04-27T12:02:55","date_gmt":"2026-04-27T15:02:55","guid":{"rendered":"https:\/\/senoticias.com.br\/se\/?p=151854"},"modified":"2026-04-27T12:22:37","modified_gmt":"2026-04-27T15:22:37","slug":"policia-civil-prende-homem-por-estupro-de-vulneravel-em-aracaju","status":"publish","type":"post","link":"https:\/\/senoticias.com.br\/se\/policia-civil-prende-homem-por-estupro-de-vulneravel-em-aracaju\/","title":{"rendered":"Pol\u00edcia Civil prende homem por estupro de vulner\u00e1vel em Aracaju"},"content":{"rendered":"<p>A Pol\u00edcia Civil de Sergipe, por meio da Delegacia Especial de Atendimento \u00e0 Crian\u00e7a e ao Adolescente V\u00edtima (Deacav), em Aracaju, cumpriu um mandado de pris\u00e3o preventiva contra um investigado pelo crime de estupro de vulner\u00e1vel. A pris\u00e3o ocorreu na \u00faltima sexta-feira, 24, ap\u00f3s investiga\u00e7\u00f5es apontarem que o suspeito teria se aproveitado da rela\u00e7\u00e3o de conviv\u00eancia com uma crian\u00e7a da pr\u00f3pria fam\u00edlia para praticar o abuso. A informa\u00e7\u00e3o foi divulgada nesta segunda-feira, 27.<\/p>\n<div id=\"attachment_151860\" style=\"width: 609px\" class=\"wp-caption aligncenter\"><a href=\"https:\/\/senoticias.com.br\/se\/wp-content\/uploads\/2026\/04\/Estupro-de-Vulneravel-SE-Noticias.jpeg\"><img loading=\"lazy\" decoding=\"async\" aria-describedby=\"caption-attachment-151860\" class=\"size-full wp-image-151860\" src=\"https:\/\/senoticias.com.br\/se\/wp-content\/uploads\/2026\/04\/Estupro-de-Vulneravel-SE-Noticias.jpeg\" alt=\"\" width=\"599\" height=\"687\" srcset=\"https:\/\/senoticias.com.br\/se\/wp-content\/uploads\/2026\/04\/Estupro-de-Vulneravel-SE-Noticias.jpeg 599w, https:\/\/senoticias.com.br\/se\/wp-content\/uploads\/2026\/04\/Estupro-de-Vulneravel-SE-Noticias-262x300.jpeg 262w\" sizes=\"(max-width: 599px) 100vw, 599px\" \/><\/a><p id=\"caption-attachment-151860\" class=\"wp-caption-text\">A informa\u00e7\u00e3o foi divulgada nesta segunda-feira, 27\/4 &#8211; Foto: ascom\/SSP\/SE<\/p><\/div>\n<p>De acordo com as apura\u00e7\u00f5es, o investigado mantinha v\u00ednculo familiar com a v\u00edtima, o que facilitava o acesso e o conv\u00edvio constante. A equipe da Deacav\u00a0realizou dilig\u00eancias e per\u00edcias, levando \u00e0 expedi\u00e7\u00e3o da ordem judicial. O suspeito foi localizado em sua resid\u00eancia, preso e conduzido \u00e0 unidade policial, onde foram adotados os procedimentos legais cab\u00edveis.<\/p>\n<p>&nbsp;<\/p>\n<p>Ap\u00f3s os tr\u00e2mites legais, o preso foi encaminhado ao sistema Judici\u00e1rio para audi\u00eancia de cust\u00f3dia, onde permanecer\u00e1 \u00e0 disposi\u00e7\u00e3o da Justi\u00e7a.<\/p>\n<p>A Pol\u00edcia Civil de Sergipe refor\u00e7a seu compromisso com a prote\u00e7\u00e3o de crian\u00e7as e adolescentes e com o enfrentamento de todas as formas de viol\u00eancia, especialmente aquelas que atingem segmentos mais vulner\u00e1veis da popula\u00e7\u00e3o.<\/p>\n<p><strong><em>Acompanhe tamb\u00e9m o SE Not\u00edcias no\u00a0<a href=\"https:\/\/twitter.com\/Senoticias\" target=\"_blank\" rel=\"noreferrer noopener\">Twitter<\/a>,\u00a0<a href=\"https:\/\/www.facebook.com\/senoticias1\" target=\"_blank\" rel=\"noreferrer noopener\">Facebook<\/a>\u00a0e no\u00a0<a href=\"https:\/\/www.instagram.com\/senoticias\/\" target=\"_blank\" rel=\"noreferrer noopener\">Instagram<\/a><\/em><\/strong><\/p>\n<p>Fonte: SSP\/ SE<\/p>\n","protected":false},"excerpt":{"rendered":"<p>A Pol\u00edcia Civil de Sergipe, por meio da Delegacia Especial de Atendimento \u00e0 Crian\u00e7a e ao Adolescente V\u00edtima (Deacav), em Aracaju, cumpriu um mandado de pris\u00e3o preventiva contra um investigado pelo crime de estupro de vulner\u00e1vel. A pris\u00e3o ocorreu na \u00faltima sexta-feira, 24, ap\u00f3s investiga\u00e7\u00f5es apontarem que o suspeito teria se aproveitado da rela\u00e7\u00e3o de [&hellip;]<\/p>\n","protected":false},"author":6557,"featured_media":151860,"comment_status":"closed","ping_status":"closed","sticky":false,"template":"","format":"standard","meta":{"footnotes":""},"categories":[15,7],"tags":[339,7484],"class_list":{"0":"post-151854","1":"post","2":"type-post","3":"status-publish","4":"format-standard","5":"has-post-thumbnail","7":"category-destaques","8":"category-policia","9":"tag-aracaju","10":"tag-estupro-de-vulneravel"},"_links":{"self":[{"href":"https:\/\/senoticias.com.br\/se\/wp-json\/wp\/v2\/posts\/151854"}],"collection":[{"href":"https:\/\/senoticias.com.br\/se\/wp-json\/wp\/v2\/posts"}],"about":[{"href":"https:\/\/senoticias.com.br\/se\/wp-json\/wp\/v2\/types\/post"}],"author":[{"embeddable":true,"href":"https:\/\/senoticias.com.br\/se\/wp-json\/wp\/v2\/users\/6557"}],"replies":[{"embeddable":true,"href":"https:\/\/senoticias.com.br\/se\/wp-json\/wp\/v2\/comments?post=151854"}],"version-history":[{"count":0,"href":"https:\/\/senoticias.com.br\/se\/wp-json\/wp\/v2\/posts\/151854\/revisions"}],"wp:featuredmedia":[{"embeddable":true,"href":"https:\/\/senoticias.com.br\/se\/wp-json\/wp\/v2\/media\/151860"}],"wp:attachment":[{"href":"https:\/\/senoticias.com.br\/se\/wp-json\/wp\/v2\/media?parent=151854"}],"wp:term":[{"taxonomy":"category","embeddable":true,"href":"https:\/\/senoticias.com.br\/se\/wp-json\/wp\/v2\/categories?post=151854"},{"taxonomy":"post_tag","embeddable":true,"href":"https:\/\/senoticias.com.br\/se\/wp-json\/wp\/v2\/tags?post=151854"}],"curies":[{"name":"wp","href":"https:\/\/api.w.org\/{rel}","templated":true}]}}