{"id":151849,"date":"2026-04-26T13:25:26","date_gmt":"2026-04-26T16:25:26","guid":{"rendered":"https:\/\/senoticias.com.br\/se\/?p=151849"},"modified":"2026-04-26T13:25:26","modified_gmt":"2026-04-26T16:25:26","slug":"registro-de-adutora-e-danificado-propositalmente-causa-falta-de-agua-e-leva-moradores-a-bloquear-a-melicio-machado","status":"publish","type":"post","link":"https:\/\/senoticias.com.br\/se\/registro-de-adutora-e-danificado-propositalmente-causa-falta-de-agua-e-leva-moradores-a-bloquear-a-melicio-machado\/","title":{"rendered":"Registro de adutora \u00e9 danificado propositalmente, causa falta de \u00e1gua e leva moradores a bloquear a Mel\u00edcio Machado"},"content":{"rendered":"<p>A Igu\u00e1 Sergipe informou na manh\u00e3 deste domingo, 26\/4, que identificou evid\u00eancias de viola\u00e7\u00e3o em registros essenciais para a normaliza\u00e7\u00e3o do abastecimento de \u00e1gua em Aracaju.<\/p>\n<p>Segundo a concession\u00e1ria, a situa\u00e7\u00e3o est\u00e1 relacionada ao rompimento de uma adutora de 800 mil\u00edmetros que abastece a Esta\u00e7\u00e3o Elevat\u00f3ria de \u00c1gua Tratada 3 (EEAT 3), registrado na \u00faltima ter\u00e7a-feira, 21.<\/p>\n<p>Um grupo de moradores do bairro Aruana, na Zona de Expans\u00e3o de Aracaju, realizaram um protesto na manh\u00e3 deste domingo, 26, e interditam o trecho sentido Praias da Avenida Mel\u00edcio Machado, uma das principais vias de acesso \u00e0 regi\u00e3o e ao litoral sul da capital. A manifesta\u00e7\u00e3o ocorre por causa da falta de abastecimento de \u00e1gua, problema que, segundo os moradores, afeta diversas ruas do bairro h\u00e1 v\u00e1rios dias.<\/p>\n<div id=\"attachment_151850\" style=\"width: 605px\" class=\"wp-caption aligncenter\"><a href=\"https:\/\/senoticias.com.br\/se\/wp-content\/uploads\/2026\/04\/Falta-de-Agua-SE-Noticias.jpeg\"><img loading=\"lazy\" decoding=\"async\" aria-describedby=\"caption-attachment-151850\" class=\"size-full wp-image-151850\" src=\"https:\/\/senoticias.com.br\/se\/wp-content\/uploads\/2026\/04\/Falta-de-Agua-SE-Noticias.jpeg\" alt=\"\" width=\"595\" height=\"431\" srcset=\"https:\/\/senoticias.com.br\/se\/wp-content\/uploads\/2026\/04\/Falta-de-Agua-SE-Noticias.jpeg 595w, https:\/\/senoticias.com.br\/se\/wp-content\/uploads\/2026\/04\/Falta-de-Agua-SE-Noticias-300x217.jpeg 300w, https:\/\/senoticias.com.br\/se\/wp-content\/uploads\/2026\/04\/Falta-de-Agua-SE-Noticias-278x202.jpeg 278w, https:\/\/senoticias.com.br\/se\/wp-content\/uploads\/2026\/04\/Falta-de-Agua-SE-Noticias-373x270.jpeg 373w, https:\/\/senoticias.com.br\/se\/wp-content\/uploads\/2026\/04\/Falta-de-Agua-SE-Noticias-567x410.jpeg 567w\" sizes=\"(max-width: 595px) 100vw, 595px\" \/><\/a><p id=\"caption-attachment-151850\" class=\"wp-caption-text\">Falta de \u00e1gua revolta moradores ap\u00f3s adutora ser quebrada propositalmente em Aracaju &#8211; Foto: reprodua\u00e7\u00e3o\/redes sociais<\/p><\/div>\n<p><strong>Confira a nota da \u00cdgua<\/strong><\/p>\n<p>A equipe da Igu\u00e1 Sergipe detectou evid\u00eancias de viola\u00e7\u00e3o em registros essenciais para a garantia da normaliza\u00e7\u00e3o do abastecimento, previsto para ocorrer em at\u00e9 72h ap\u00f3s a manuten\u00e7\u00e3o emergencial. O servi\u00e7o foi finalizado na quarta-feira, 22, ap\u00f3s o rompimento da adutora de 800 mm.<\/p>\n<p>Diante disso, a concession\u00e1ria acionou a Pol\u00edcia Civil para registro de boletim de ocorr\u00eancia e acionamento para que os \u00f3rg\u00e3os de seguran\u00e7a realizem as investiga\u00e7\u00f5es necess\u00e1rias. Equipes operacionais j\u00e1 realizaram o reparo no local para normaliza\u00e7\u00e3o do abastecimento em Aracaju. A previs\u00e3o de normaliza\u00e7\u00e3o \u00e9 de 24h.<\/p>\n<p><strong><em>Acompanhe tamb\u00e9m o SE Not\u00edcias no\u00a0<a href=\"https:\/\/twitter.com\/Senoticias\" target=\"_blank\" rel=\"noreferrer noopener\">Twitter<\/a>,\u00a0<a href=\"https:\/\/www.facebook.com\/senoticias1\" target=\"_blank\" rel=\"noreferrer noopener\">Facebook<\/a>\u00a0e no\u00a0<a href=\"https:\/\/www.instagram.com\/senoticias\/\" target=\"_blank\" rel=\"noreferrer noopener\">Instagram<\/a><\/em><\/strong><\/p>\n<p>Reda\u00e7\u00e3o, com informa\u00e7\u00f5es da \u00cdgua Sergipe<\/p>\n","protected":false},"excerpt":{"rendered":"<p>A Igu\u00e1 Sergipe informou na manh\u00e3 deste domingo, 26\/4, que identificou evid\u00eancias de viola\u00e7\u00e3o em registros essenciais para a normaliza\u00e7\u00e3o do abastecimento de \u00e1gua em Aracaju. Segundo a concession\u00e1ria, a situa\u00e7\u00e3o est\u00e1 relacionada ao rompimento de uma adutora de 800 mil\u00edmetros que abastece a Esta\u00e7\u00e3o Elevat\u00f3ria de \u00c1gua Tratada 3 (EEAT 3), registrado na \u00faltima [&hellip;]<\/p>\n","protected":false},"author":6557,"featured_media":151850,"comment_status":"closed","ping_status":"closed","sticky":false,"template":"","format":"standard","meta":{"footnotes":""},"categories":[15,6],"tags":[3871,44819,42867,44818],"class_list":{"0":"post-151849","1":"post","2":"type-post","3":"status-publish","4":"format-standard","5":"has-post-thumbnail","7":"category-destaques","8":"category-politica","9":"tag-falta-de-agua","10":"tag-falta-de-agua-na-zona-sul","11":"tag-igua","12":"tag-sabotagem"},"_links":{"self":[{"href":"https:\/\/senoticias.com.br\/se\/wp-json\/wp\/v2\/posts\/151849"}],"collection":[{"href":"https:\/\/senoticias.com.br\/se\/wp-json\/wp\/v2\/posts"}],"about":[{"href":"https:\/\/senoticias.com.br\/se\/wp-json\/wp\/v2\/types\/post"}],"author":[{"embeddable":true,"href":"https:\/\/senoticias.com.br\/se\/wp-json\/wp\/v2\/users\/6557"}],"replies":[{"embeddable":true,"href":"https:\/\/senoticias.com.br\/se\/wp-json\/wp\/v2\/comments?post=151849"}],"version-history":[{"count":0,"href":"https:\/\/senoticias.com.br\/se\/wp-json\/wp\/v2\/posts\/151849\/revisions"}],"wp:featuredmedia":[{"embeddable":true,"href":"https:\/\/senoticias.com.br\/se\/wp-json\/wp\/v2\/media\/151850"}],"wp:attachment":[{"href":"https:\/\/senoticias.com.br\/se\/wp-json\/wp\/v2\/media?parent=151849"}],"wp:term":[{"taxonomy":"category","embeddable":true,"href":"https:\/\/senoticias.com.br\/se\/wp-json\/wp\/v2\/categories?post=151849"},{"taxonomy":"post_tag","embeddable":true,"href":"https:\/\/senoticias.com.br\/se\/wp-json\/wp\/v2\/tags?post=151849"}],"curies":[{"name":"wp","href":"https:\/\/api.w.org\/{rel}","templated":true}]}}