{"id":151412,"date":"2026-03-16T18:28:53","date_gmt":"2026-03-16T21:28:53","guid":{"rendered":"https:\/\/senoticias.com.br\/se\/?p=151412"},"modified":"2026-03-17T11:23:49","modified_gmt":"2026-03-17T14:23:49","slug":"terminam-amanha-17-as-inscricoes-para-a-selecao-de-instrutores-do-programa-primeiro-emprego","status":"publish","type":"post","link":"https:\/\/senoticias.com.br\/se\/terminam-amanha-17-as-inscricoes-para-a-selecao-de-instrutores-do-programa-primeiro-emprego\/","title":{"rendered":"Terminam amanh\u00e3 (17) as inscri\u00e7\u00f5es para a sele\u00e7\u00e3o de instrutores do Programa Primeiro Emprego"},"content":{"rendered":"<p>Oportunidades abrangem oito \u00e1reas de atua\u00e7\u00e3o; podem participar membros da comunidade acad\u00eamica da UFS e o p\u00fablico externo.<\/p>\n<p>&nbsp;<\/p>\n<p>A Universidade Federal de Sergipe (UFS) e a Funda\u00e7\u00e3o de Apoio \u00e0 Pesquisa e Extens\u00e3o de Sergipe (Fapese) encerram nesta ter\u00e7a-feira (17), \u00e0s 23h59, o prazo de inscri\u00e7\u00f5es para a chamada p\u00fablica voltada \u00e0 forma\u00e7\u00e3o do banco de instrutores do projeto Primeiro Emprego Sergipe. O cadastro \u00e9 gratuito e deve ser feito exclusivamente pela internet, atrav\u00e9s do formul\u00e1rio eletr\u00f4nico indicado no Edital N\u00ba 02\/2026.<\/p>\n<div id=\"attachment_151413\" style=\"width: 610px\" class=\"wp-caption aligncenter\"><a href=\"https:\/\/senoticias.com.br\/se\/wp-content\/uploads\/2026\/03\/9c11b7b0-2a70-4c1f-90d0-8eeb150c4aec.jpeg\"><img loading=\"lazy\" decoding=\"async\" aria-describedby=\"caption-attachment-151413\" class=\"size-full wp-image-151413\" src=\"https:\/\/senoticias.com.br\/se\/wp-content\/uploads\/2026\/03\/9c11b7b0-2a70-4c1f-90d0-8eeb150c4aec.jpeg\" alt=\"\" width=\"600\" height=\"400\" srcset=\"https:\/\/senoticias.com.br\/se\/wp-content\/uploads\/2026\/03\/9c11b7b0-2a70-4c1f-90d0-8eeb150c4aec.jpeg 600w, https:\/\/senoticias.com.br\/se\/wp-content\/uploads\/2026\/03\/9c11b7b0-2a70-4c1f-90d0-8eeb150c4aec-300x200.jpeg 300w, https:\/\/senoticias.com.br\/se\/wp-content\/uploads\/2026\/03\/9c11b7b0-2a70-4c1f-90d0-8eeb150c4aec-90x60.jpeg 90w, https:\/\/senoticias.com.br\/se\/wp-content\/uploads\/2026\/03\/9c11b7b0-2a70-4c1f-90d0-8eeb150c4aec-180x120.jpeg 180w, https:\/\/senoticias.com.br\/se\/wp-content\/uploads\/2026\/03\/9c11b7b0-2a70-4c1f-90d0-8eeb150c4aec-95x64.jpeg 95w\" sizes=\"(max-width: 600px) 100vw, 600px\" \/><\/a><p id=\"caption-attachment-151413\" class=\"wp-caption-text\">Terminam amanh\u00e3 (17) as inscri\u00e7\u00f5es &#8211; Foto &#8211; Igor Matias \/ASN<\/p><\/div>\n<p>A sele\u00e7\u00e3o \u00e9 aberta tanto para a comunidade acad\u00eamica da UFS \u2014 incluindo servidores, docentes e estudantes de gradua\u00e7\u00e3o e p\u00f3s-gradua\u00e7\u00e3o \u2014 quanto para o p\u00fablico externo. Para participar, o candidato precisa ter ensino m\u00e9dio completo, idade m\u00ednima de 18 anos no ato da inscri\u00e7\u00e3o e disponibilidade para atuar nos polos da universidade ou nas empresas parceiras espalhadas pelo estado, de acordo com a demanda de forma\u00e7\u00e3o de turmas.<\/p>\n<p>&nbsp;<\/p>\n<p>Os profissionais selecionados v\u00e3o lecionar em cursos de qualifica\u00e7\u00e3o divididos em oito eixos: Administra\u00e7\u00e3o, Jur\u00eddico e Contabilidade; Engenharia e Tecnologia; Sa\u00fade e Bem-estar; Atendimento, Vendas e Comunica\u00e7\u00e3o; Design, Artes e Arquitetura; Manuten\u00e7\u00e3o e Servi\u00e7os T\u00e9cnicos; Operacional, Com\u00e9rcio e Servi\u00e7os; e Educa\u00e7\u00e3o, Ci\u00eancias e Esportes.<\/p>\n<p>&nbsp;<\/p>\n<p>O programa Primeiro Emprego \u00e9 uma pol\u00edtica p\u00fablica do Governo de Sergipe, executada pela Secretaria de Estado do Trabalho, Emprego e Empreendedorismo (SETEEM) em articula\u00e7\u00e3o com o Minist\u00e9rio do Trabalho e Emprego (MTE). Cabem \u00e0 UFS e \u00e0 Fapese o planejamento e o desenvolvimento das atividades formativas. O foco da iniciativa \u00e9 capacitar jovens de 18 a 29 anos que buscam a primeira oportunidade de trabalho com carteira assinada.<\/p>\n<p>&nbsp;<\/p>\n<p>O resultado preliminar com os candidatos habilitados est\u00e1 previsto para ser divulgado no pr\u00f3ximo dia 23 de mar\u00e7o. Os interessados podem consultar os detalhes sobre remunera\u00e7\u00e3o, formas de contrata\u00e7\u00e3o e crit\u00e9rios de avalia\u00e7\u00e3o diretamente no edital da chamada p\u00fablica. Para mais informa\u00e7\u00f5es sobre a formas de contrata\u00e7\u00e3o, remunera\u00e7\u00e3o e demais crit\u00e9rios do processo seletivo, acesse o edital na \u00edntegra.<\/p>\n<p><strong><em>Acompanhe tamb\u00e9m o SE Not\u00edcias no\u00a0<a href=\"https:\/\/twitter.com\/Senoticias\" target=\"_blank\" rel=\"noreferrer noopener\">Twitter<\/a>,\u00a0<a href=\"https:\/\/www.facebook.com\/senoticias1\" target=\"_blank\" rel=\"noreferrer noopener\">Facebook<\/a>\u00a0e no\u00a0<a href=\"https:\/\/www.instagram.com\/senoticias\/\" target=\"_blank\" rel=\"noreferrer noopener\">Instagram<\/a><\/em><\/strong><\/p>\n<p>Ascom Fapese<\/p>\n","protected":false},"excerpt":{"rendered":"<p>Oportunidades abrangem oito \u00e1reas de atua\u00e7\u00e3o; podem participar membros da comunidade acad\u00eamica da UFS e o p\u00fablico externo. &nbsp; A Universidade Federal de Sergipe (UFS) e a Funda\u00e7\u00e3o de Apoio \u00e0 Pesquisa e Extens\u00e3o de Sergipe (Fapese) encerram nesta ter\u00e7a-feira (17), \u00e0s 23h59, o prazo de inscri\u00e7\u00f5es para a chamada p\u00fablica voltada \u00e0 forma\u00e7\u00e3o do [&hellip;]<\/p>\n","protected":false},"author":6557,"featured_media":0,"comment_status":"closed","ping_status":"closed","sticky":false,"template":"","format":"standard","meta":{"footnotes":""},"categories":[15,6],"tags":[39655,2299],"class_list":{"0":"post-151412","1":"post","2":"type-post","3":"status-publish","4":"format-standard","6":"category-destaques","7":"category-politica","8":"tag-programa-primeiro-emprego","9":"tag-ufs"},"_links":{"self":[{"href":"https:\/\/senoticias.com.br\/se\/wp-json\/wp\/v2\/posts\/151412"}],"collection":[{"href":"https:\/\/senoticias.com.br\/se\/wp-json\/wp\/v2\/posts"}],"about":[{"href":"https:\/\/senoticias.com.br\/se\/wp-json\/wp\/v2\/types\/post"}],"author":[{"embeddable":true,"href":"https:\/\/senoticias.com.br\/se\/wp-json\/wp\/v2\/users\/6557"}],"replies":[{"embeddable":true,"href":"https:\/\/senoticias.com.br\/se\/wp-json\/wp\/v2\/comments?post=151412"}],"version-history":[{"count":0,"href":"https:\/\/senoticias.com.br\/se\/wp-json\/wp\/v2\/posts\/151412\/revisions"}],"wp:attachment":[{"href":"https:\/\/senoticias.com.br\/se\/wp-json\/wp\/v2\/media?parent=151412"}],"wp:term":[{"taxonomy":"category","embeddable":true,"href":"https:\/\/senoticias.com.br\/se\/wp-json\/wp\/v2\/categories?post=151412"},{"taxonomy":"post_tag","embeddable":true,"href":"https:\/\/senoticias.com.br\/se\/wp-json\/wp\/v2\/tags?post=151412"}],"curies":[{"name":"wp","href":"https:\/\/api.w.org\/{rel}","templated":true}]}}