{"id":151410,"date":"2026-03-16T16:00:57","date_gmt":"2026-03-16T19:00:57","guid":{"rendered":"https:\/\/senoticias.com.br\/se\/?p=151410"},"modified":"2026-03-16T16:00:57","modified_gmt":"2026-03-16T19:00:57","slug":"governo-do-estado-divulga-programacao-do-verao-sergipe-2026-em-caninde-de-sao-francisco","status":"publish","type":"post","link":"https:\/\/senoticias.com.br\/se\/governo-do-estado-divulga-programacao-do-verao-sergipe-2026-em-caninde-de-sao-francisco\/","title":{"rendered":"Governo do Estado divulga programa\u00e7\u00e3o do Ver\u00e3o Sergipe 2026 em Canind\u00e9 de S\u00e3o Francisco"},"content":{"rendered":"<p>A nova programa\u00e7\u00e3o do Ver\u00e3o Sergipe 2026 em Canind\u00e9 de S\u00e3o Francisco foi divulgada pelo Governo do Estado. O evento que agora ser\u00e1 realizado entre os dias 27 a 29 de mar\u00e7o, contar\u00e1 com programa\u00e7\u00e3o musical e esportiva com atra\u00e7\u00f5es para todos os p\u00fablicos.<\/p>\n<p>Na sexta-feira, 27, o sergipano Marcelo Bala, o \u2018cantor do breg\u00e3o\u2019, abre a primeira noite de shows em Canind\u00e9, \u00e0s 21h, com sua lambada inspirada no veterano Beto Barbosa. Logo em seguida, \u00e0s 23h, o pagode baiano de Fantasm\u00e3o comandar\u00e1 a festa. Em seguida, a Timbalada levar\u00e1 seu ax\u00e9 music e samba-reggae repleto de sucessos, fruto de mais de tr\u00eas d\u00e9cadas de hist\u00f3ria do grupo, \u00e0 1h da manh\u00e3. Para encerrar a primeira noite, Banana Nativa ser\u00e1 a respons\u00e1vel por manter a anima\u00e7\u00e3o do p\u00fablico, a partir das 3h.<\/p>\n<div id=\"attachment_151411\" style=\"width: 609px\" class=\"wp-caption aligncenter\"><a href=\"https:\/\/senoticias.com.br\/se\/wp-content\/uploads\/2026\/03\/ec8c6521-2dc3-4ab4-9de7-b878c213a39c-e1773687476731.jpeg\"><img loading=\"lazy\" decoding=\"async\" aria-describedby=\"caption-attachment-151411\" class=\"size-full wp-image-151411\" src=\"https:\/\/senoticias.com.br\/se\/wp-content\/uploads\/2026\/03\/ec8c6521-2dc3-4ab4-9de7-b878c213a39c-e1773687476731.jpeg\" alt=\"\" width=\"599\" height=\"399\" \/><\/a><p id=\"caption-attachment-151411\" class=\"wp-caption-text\">Foto: Igor Matias<\/p><\/div>\n<p>No s\u00e1bado, 28, o forr\u00f3 de As Patricinhas abrir\u00e1 a noite, \u00e0s 21h. Logo em seguida, a banda de pagode Pixote subir\u00e1 ao palco, \u00e0s 23h. O p\u00fablico vai poder curtir, tamb\u00e9m, o sergipano Heitor Costa, que mais uma vez levar\u00e1 o ritmo arrocha para o Ver\u00e3o Sergipe, \u00e0 1h. A noite musical em Canind\u00e9 de S\u00e3o Francisco ser\u00e1 encerrada por Rafinha, o Bom de Verdade, \u00e0s 3h.<\/p>\n<p>Na programa\u00e7\u00e3o esportiva haver\u00e1 competi\u00e7\u00e3o de v\u00f4lei de praia, beach tennis, futev\u00f4lei, corrida de 5km, ciclismo, mesabol\/frescobol, al\u00e9m de provas aqu\u00e1ticas e banho assistido.<\/p>\n<p>O evento refor\u00e7a o compromisso do Governo do Estado em democratizar o acesso ao esporte e valorizar as potencialidades naturais e culturais de Sergipe durante a alta temporada.<\/p>\n<p><strong>Ver\u00e3o Sergipe 2026<\/strong><\/p>\n<p>O Ver\u00e3o Sergipe \u00e9 um evento realizado pelo Governo de Sergipe, por meio da Funda\u00e7\u00e3o de Cultura e Arte Aperip\u00ea de Sergipe (Funcap), com apoio do Governo Federal e Energisa, e patroc\u00ednio do Banese Card, Igu\u00e1 Sergipe e Companhia de Saneamento de Sergipe (Deso), que leva \u00e0 capital e ao interior do estado uma programa\u00e7\u00e3o cultural e de est\u00edmulo \u00e0 pr\u00e1tica esportiva, fomentando o turismo, o desenvolvimento econ\u00f4mico e a gera\u00e7\u00e3o de renda.<\/p>\n<p>Confira a programa\u00e7\u00e3o em Canind\u00e9 de S\u00e3o Francisco:<\/p>\n<p><strong>Sexta-feira, dia 27<\/strong><\/p>\n<p><strong>M\u00fasica<\/strong><\/p>\n<p>21h &#8211; Marcelo Bala<br \/>\n23h &#8211; Fantasm\u00e3o<br \/>\n1h &#8211; Timbalada<br \/>\n3h &#8211; Banana Nativa<\/p>\n<p><strong>S\u00e1bado<\/strong><\/p>\n<p><strong>Esporte<\/strong><\/p>\n<p>8h &#8211; 16h: Beach tennis &#8211; Dupla mista<br \/>\n8h &#8211; 16h: V\u00f4lei de praia \u2013 Mas\/ Fem<br \/>\n8h &#8211; 16h: Futev\u00f4lei &#8211; Mas\/ Fem<br \/>\n8h &#8211; 15h: Mesabol \/ frescobol<\/p>\n<p><strong>M\u00fasica<\/strong><\/p>\n<p>21h &#8211; As Patricinhas<br \/>\n23h &#8211; Pixote<br \/>\n1h &#8211; Heitor Costa<br \/>\n3h &#8211; Rafinha, O Bom de Verdade<\/p>\n<p><strong>Domingo<\/strong><\/p>\n<p><strong>Esporte\u00a0<\/strong><\/p>\n<p>7h &#8211; 9h : Corrida 5km<br \/>\n7h30 &#8211; 13h: Cicl\u00edstico XCM Canind\u00e9<br \/>\n8h &#8211; 16h: \u00c1guas abertas<br \/>\n9h &#8211; 12h: Banho assistido (Projeto Estrelas do Mar \/ Seasic)<br \/>\n9h &#8211; 13h: Mesabol<br \/>\n9h &#8211; 13h: Frescobol<br \/>\n9h &#8211; 13h: V\u00f4lei de praia<br \/>\n9h &#8211; 13h: Beach tennis<br \/>\n9h &#8211; 13h: Futev\u00f4lei<\/p>\n<p><em>*Programa\u00e7\u00e3o sujeita a altera\u00e7\u00e3o<\/em><\/p>\n<p><strong><em>Acompanhe tamb\u00e9m o SE Not\u00edcias no\u00a0<a href=\"https:\/\/twitter.com\/Senoticias\" target=\"_blank\" rel=\"noreferrer noopener\">Twitter<\/a>,\u00a0<a href=\"https:\/\/www.facebook.com\/senoticias1\" target=\"_blank\" rel=\"noreferrer noopener\">Facebook<\/a>\u00a0e no\u00a0<a href=\"https:\/\/www.instagram.com\/senoticias\/\" target=\"_blank\" rel=\"noreferrer noopener\">Instagram<\/a><br \/>\n<\/em><\/strong><br \/>\nFonte: Ag\u00eancia Sergipe de Noticias<\/p>\n","protected":false},"excerpt":{"rendered":"<p>A nova programa\u00e7\u00e3o do Ver\u00e3o Sergipe 2026 em Canind\u00e9 de S\u00e3o Francisco foi divulgada pelo Governo do Estado. O evento que agora ser\u00e1 realizado entre os dias 27 a 29 de mar\u00e7o, contar\u00e1 com programa\u00e7\u00e3o musical e esportiva com atra\u00e7\u00f5es para todos os p\u00fablicos. Na sexta-feira, 27, o sergipano Marcelo Bala, o \u2018cantor do breg\u00e3o\u2019, [&hellip;]<\/p>\n","protected":false},"author":6557,"featured_media":0,"comment_status":"closed","ping_status":"closed","sticky":false,"template":"","format":"standard","meta":{"footnotes":""},"categories":[15,21],"tags":[448,44607],"class_list":{"0":"post-151410","1":"post","2":"type-post","3":"status-publish","4":"format-standard","6":"category-destaques","7":"category-entretenimento","8":"tag-governo-de-sergipe","9":"tag-verao-sergipe-2026"},"_links":{"self":[{"href":"https:\/\/senoticias.com.br\/se\/wp-json\/wp\/v2\/posts\/151410"}],"collection":[{"href":"https:\/\/senoticias.com.br\/se\/wp-json\/wp\/v2\/posts"}],"about":[{"href":"https:\/\/senoticias.com.br\/se\/wp-json\/wp\/v2\/types\/post"}],"author":[{"embeddable":true,"href":"https:\/\/senoticias.com.br\/se\/wp-json\/wp\/v2\/users\/6557"}],"replies":[{"embeddable":true,"href":"https:\/\/senoticias.com.br\/se\/wp-json\/wp\/v2\/comments?post=151410"}],"version-history":[{"count":0,"href":"https:\/\/senoticias.com.br\/se\/wp-json\/wp\/v2\/posts\/151410\/revisions"}],"wp:attachment":[{"href":"https:\/\/senoticias.com.br\/se\/wp-json\/wp\/v2\/media?parent=151410"}],"wp:term":[{"taxonomy":"category","embeddable":true,"href":"https:\/\/senoticias.com.br\/se\/wp-json\/wp\/v2\/categories?post=151410"},{"taxonomy":"post_tag","embeddable":true,"href":"https:\/\/senoticias.com.br\/se\/wp-json\/wp\/v2\/tags?post=151410"}],"curies":[{"name":"wp","href":"https:\/\/api.w.org\/{rel}","templated":true}]}}