{"id":151406,"date":"2026-03-16T11:59:38","date_gmt":"2026-03-16T14:59:38","guid":{"rendered":"https:\/\/senoticias.com.br\/se\/?p=151406"},"modified":"2026-03-16T12:05:36","modified_gmt":"2026-03-16T15:05:36","slug":"membro-de-torcida-organizada-e-preso-por-tentativa-de-homicidio-apos-agressao-registrada-depois-do-classico-sergipe-x-confianca","status":"publish","type":"post","link":"https:\/\/senoticias.com.br\/se\/membro-de-torcida-organizada-e-preso-por-tentativa-de-homicidio-apos-agressao-registrada-depois-do-classico-sergipe-x-confianca\/","title":{"rendered":"Membro de torcida organizada \u00e9 preso por tentativa de homic\u00eddio ap\u00f3s agress\u00e3o registrada depois do cl\u00e1ssico Sergipe x Confian\u00e7a"},"content":{"rendered":"<p>A Pol\u00edcia Civil de Sergipe prendeu um dos suspeitos de participar de uma tentativa de homic\u00eddio qualificada por motivo f\u00fatil registrada na noite desse s\u00e1bado, 14, ap\u00f3s o cl\u00e1ssico entre Club Sportivo Sergipe e Associa\u00e7\u00e3o Desportiva Confian\u00e7a. O caso passou a ser investigado pela 2\u00aa Delegacia Metropolitana, com apoio do Departamento de Homic\u00eddios e Prote\u00e7\u00e3o \u00e0 Pessoa (DHPP), diante da gravidade das agress\u00f5es.<\/p>\n<p>De acordo com as investiga\u00e7\u00f5es, um grupo de indiv\u00edduos que se identificava como integrante de torcida organizada atacou violentamente um torcedor do time rival. A v\u00edtima foi espancada e sofreu diversas agress\u00f5es que poderiam ter resultado em morte.<\/p>\n<div id=\"attachment_151407\" style=\"width: 577px\" class=\"wp-caption aligncenter\"><a href=\"https:\/\/senoticias.com.br\/se\/wp-content\/uploads\/2026\/03\/Preso-torcida-orgaizada-SE-Noticias.jpeg\"><img loading=\"lazy\" decoding=\"async\" aria-describedby=\"caption-attachment-151407\" class=\"size-full wp-image-151407\" src=\"https:\/\/senoticias.com.br\/se\/wp-content\/uploads\/2026\/03\/Preso-torcida-orgaizada-SE-Noticias.jpeg\" alt=\"\" width=\"567\" height=\"324\" srcset=\"https:\/\/senoticias.com.br\/se\/wp-content\/uploads\/2026\/03\/Preso-torcida-orgaizada-SE-Noticias.jpeg 567w, https:\/\/senoticias.com.br\/se\/wp-content\/uploads\/2026\/03\/Preso-torcida-orgaizada-SE-Noticias-300x171.jpeg 300w\" sizes=\"(max-width: 567px) 100vw, 567px\" \/><\/a><p id=\"caption-attachment-151407\" class=\"wp-caption-text\"><br \/>De acordo com a Pol\u00edcia Civil, a v\u00edtima foi espancada e sofreu diversas agress\u00f5es &#8211; Foto: SSP\/SE<\/p><\/div>\n<p>Segundo o delegado Greg\u00f3rio Bezerra, titular da 2\u00aa Delegacia Metropolitana, as dilig\u00eancias come\u00e7aram logo ap\u00f3s a Pol\u00edcia Civil tomar conhecimento do caso. \u201cA partir do momento em que tivemos conhecimento do ocorrido, o DHPP iniciou as primeiras dilig\u00eancias para identificar os autores da agress\u00e3o. A equipe da 2\u00aa Delegacia Metropolitana atuou com rapidez em levantamentos de campo e cartor\u00e1rios para identificar tanto os envolvidos quanto a v\u00edtima\u201d, explicou.<\/p>\n<p>As informa\u00e7\u00f5es reunidas na investiga\u00e7\u00e3o apontam que a agress\u00e3o s\u00f3 n\u00e3o teve um desfecho mais grave devido \u00e0 interven\u00e7\u00e3o de um oficial bombeiro militar que estava em um posto de combust\u00edvel pr\u00f3ximo ao local do ataque. Ao perceber a viol\u00eancia, o agente interveio e efetuou um disparo contra um dos agressores, que utilizava uma barra de ferro para golpear a v\u00edtima.<\/p>\n<p>Ap\u00f3s a interven\u00e7\u00e3o, o agente prestou socorro ao torcedor ferido. J\u00e1 o suspeito atingido pelo disparo foi levado por outros integrantes do grupo a uma unidade hospitalar.<\/p>\n<p>Durante as dilig\u00eancias, a guarni\u00e7\u00e3o Delta Opera\u00e7\u00f5es do Comando do Policiamento Militar da Capital e equipes da Pol\u00edcia Civil receberam informa\u00e7\u00e3o acerca da entrada no Hospital de Urg\u00eancias de Sergipe (Huse) de indiv\u00edduo v\u00edtima de disparo de arma de fogo, o qual havia recebido atendimento m\u00e9dico e passado por procedimento cir\u00fargico em raz\u00e3o do ferimento provocado pelo disparo.<\/p>\n<p>Com base nos elementos reunidos na investiga\u00e7\u00e3o, os policiais confirmaram que o homem internado era um dos participantes das agress\u00f5es. Diante disso, foi lavrado o auto de pris\u00e3o em flagrante pelo crime de tentativa de homic\u00eddio.<\/p>\n<p>A Pol\u00edcia Civil informou ainda que as investiga\u00e7\u00f5es continuam para identificar todos os envolvidos no ataque, que foi registrado por c\u00e2meras de seguran\u00e7a.<\/p>\n<p>A popula\u00e7\u00e3o pode contribuir com as investiga\u00e7\u00f5es repassando informa\u00e7\u00f5es que ajudem na identifica\u00e7\u00e3o de outros suspeitos por meio do Disque-Den\u00fancia 181. O sigilo \u00e9 garantido.<\/p>\n<p><strong><em>Acompanhe tamb\u00e9m o SE Not\u00edcias no\u00a0<a href=\"https:\/\/twitter.com\/Senoticias\" target=\"_blank\" rel=\"noreferrer noopener\">Twitter<\/a>,\u00a0<a href=\"https:\/\/www.facebook.com\/senoticias1\" target=\"_blank\" rel=\"noreferrer noopener\">Facebook<\/a>\u00a0e no\u00a0<a href=\"https:\/\/www.instagram.com\/senoticias\/\" target=\"_blank\" rel=\"noreferrer noopener\">Instagram<\/a><\/em><\/strong><\/p>\n<p>Fonte: SSP\/SE<\/p>\n","protected":false},"excerpt":{"rendered":"<p>A Pol\u00edcia Civil de Sergipe prendeu um dos suspeitos de participar de uma tentativa de homic\u00eddio qualificada por motivo f\u00fatil registrada na noite desse s\u00e1bado, 14, ap\u00f3s o cl\u00e1ssico entre Club Sportivo Sergipe e Associa\u00e7\u00e3o Desportiva Confian\u00e7a. O caso passou a ser investigado pela 2\u00aa Delegacia Metropolitana, com apoio do Departamento de Homic\u00eddios e Prote\u00e7\u00e3o [&hellip;]<\/p>\n","protected":false},"author":6557,"featured_media":151407,"comment_status":"closed","ping_status":"closed","sticky":false,"template":"","format":"standard","meta":{"footnotes":""},"categories":[15,7,1],"tags":[44726,38563],"class_list":{"0":"post-151406","1":"post","2":"type-post","3":"status-publish","4":"format-standard","5":"has-post-thumbnail","7":"category-destaques","8":"category-policia","9":"category-sem-categoria","10":"tag-crime-contra-torcedor","11":"tag-torcida-organizada"},"_links":{"self":[{"href":"https:\/\/senoticias.com.br\/se\/wp-json\/wp\/v2\/posts\/151406"}],"collection":[{"href":"https:\/\/senoticias.com.br\/se\/wp-json\/wp\/v2\/posts"}],"about":[{"href":"https:\/\/senoticias.com.br\/se\/wp-json\/wp\/v2\/types\/post"}],"author":[{"embeddable":true,"href":"https:\/\/senoticias.com.br\/se\/wp-json\/wp\/v2\/users\/6557"}],"replies":[{"embeddable":true,"href":"https:\/\/senoticias.com.br\/se\/wp-json\/wp\/v2\/comments?post=151406"}],"version-history":[{"count":0,"href":"https:\/\/senoticias.com.br\/se\/wp-json\/wp\/v2\/posts\/151406\/revisions"}],"wp:featuredmedia":[{"embeddable":true,"href":"https:\/\/senoticias.com.br\/se\/wp-json\/wp\/v2\/media\/151407"}],"wp:attachment":[{"href":"https:\/\/senoticias.com.br\/se\/wp-json\/wp\/v2\/media?parent=151406"}],"wp:term":[{"taxonomy":"category","embeddable":true,"href":"https:\/\/senoticias.com.br\/se\/wp-json\/wp\/v2\/categories?post=151406"},{"taxonomy":"post_tag","embeddable":true,"href":"https:\/\/senoticias.com.br\/se\/wp-json\/wp\/v2\/tags?post=151406"}],"curies":[{"name":"wp","href":"https:\/\/api.w.org\/{rel}","templated":true}]}}