{"id":151399,"date":"2026-03-13T16:54:16","date_gmt":"2026-03-13T19:54:16","guid":{"rendered":"https:\/\/senoticias.com.br\/se\/?p=151399"},"modified":"2026-03-17T11:24:57","modified_gmt":"2026-03-17T14:24:57","slug":"morre-aos-84-anos-o-ex-prefeito-frei-enoque-em-hospital-de-aracaju","status":"publish","type":"post","link":"https:\/\/senoticias.com.br\/se\/morre-aos-84-anos-o-ex-prefeito-frei-enoque-em-hospital-de-aracaju\/","title":{"rendered":"Morre, aos 84 anos, o ex-prefeito Frei Enoque, em hospital de Aracaju"},"content":{"rendered":"<p>&nbsp;<\/p>\n<p>Morreu, nesta sexta-feira (13), Enoque Salvador de Melo, o Frei Enoque aos 84 anos. A informa\u00e7\u00e3o foi divulga pelo <strong>G1SE<\/strong> e confirmada pelo <strong>portal SE Not\u00edcias<\/strong>. Ele faleceu em um hospital de Aracaju.<\/p>\n<p>Ele estava internado h\u00e1 um m\u00eas em um hospital particular de Aracaju. Em 2023, o frei j\u00e1 havia sido hospitalizado por mais de 20 dias, para tratamento de condi\u00e7\u00f5es adversas no est\u00f4mago e intestino. A causa da morte n\u00e3o foi informada.<\/p>\n<div id=\"attachment_151400\" style=\"width: 502px\" class=\"wp-caption aligncenter\"><a href=\"https:\/\/senoticias.com.br\/se\/wp-content\/uploads\/2026\/03\/Frei-Enoque-SE-Noticias.jpeg\"><img loading=\"lazy\" decoding=\"async\" aria-describedby=\"caption-attachment-151400\" class=\"size-full wp-image-151400\" src=\"https:\/\/senoticias.com.br\/se\/wp-content\/uploads\/2026\/03\/Frei-Enoque-SE-Noticias.jpeg\" alt=\"\" width=\"492\" height=\"433\" srcset=\"https:\/\/senoticias.com.br\/se\/wp-content\/uploads\/2026\/03\/Frei-Enoque-SE-Noticias.jpeg 492w, https:\/\/senoticias.com.br\/se\/wp-content\/uploads\/2026\/03\/Frei-Enoque-SE-Noticias-300x264.jpeg 300w\" sizes=\"(max-width: 492px) 100vw, 492px\" \/><\/a><p id=\"caption-attachment-151400\" class=\"wp-caption-text\">Ex-prefeito Frei Enoque morreu em Aracaju &#8211; Foto: arquivo fam\u00edlia<\/p><\/div>\n<p>O vel\u00f3rio ser\u00e1 na igreja Matriz de Po\u00e7o Redondo e o sepultamento ainda n\u00e3o foi divulgado.<\/p>\n<p>Pernambucano, Frei Enoque atuou na Diocese de Propri\u00e1 e foi prefeito do munic\u00edpio de Po\u00e7o Redondo, no Sert\u00e3o sergipano, por tr\u00eas mandatos. Em 2012, ele renunciou ao cargo pol\u00edtico para atender uma recomenda\u00e7\u00e3o da igreja, que orienta que l\u00edderes religiosos n\u00e3o exer\u00e7am cargos pol\u00edticos.<\/p>\n<p><strong><em>Acompanhe tamb\u00e9m o SE Not\u00edcias no\u00a0<a href=\"https:\/\/twitter.com\/Senoticias\" target=\"_blank\" rel=\"noreferrer noopener\">Twitter<\/a>,\u00a0<a href=\"https:\/\/www.facebook.com\/senoticias1\" target=\"_blank\" rel=\"noreferrer noopener\">Facebook<\/a>\u00a0e no\u00a0<a href=\"https:\/\/www.instagram.com\/senoticias\/\" target=\"_blank\" rel=\"noreferrer noopener\">Instagram<\/a><\/em><\/strong><\/p>\n<p>G1\/SE.<\/p>\n","protected":false},"excerpt":{"rendered":"<p>&nbsp; Morreu, nesta sexta-feira (13), Enoque Salvador de Melo, o Frei Enoque aos 84 anos. A informa\u00e7\u00e3o foi divulga pelo G1SE e confirmada pelo portal SE Not\u00edcias. Ele faleceu em um hospital de Aracaju. Ele estava internado h\u00e1 um m\u00eas em um hospital particular de Aracaju. Em 2023, o frei j\u00e1 havia sido hospitalizado por [&hellip;]<\/p>\n","protected":false},"author":6557,"featured_media":151400,"comment_status":"closed","ping_status":"closed","sticky":false,"template":"","format":"standard","meta":{"footnotes":""},"categories":[15,38],"tags":[44724,44723],"class_list":{"0":"post-151399","1":"post","2":"type-post","3":"status-publish","4":"format-standard","5":"has-post-thumbnail","7":"category-destaques","8":"category-municipios","9":"tag-ex-prefeito-frei-enoque","10":"tag-frei-enoque"},"_links":{"self":[{"href":"https:\/\/senoticias.com.br\/se\/wp-json\/wp\/v2\/posts\/151399"}],"collection":[{"href":"https:\/\/senoticias.com.br\/se\/wp-json\/wp\/v2\/posts"}],"about":[{"href":"https:\/\/senoticias.com.br\/se\/wp-json\/wp\/v2\/types\/post"}],"author":[{"embeddable":true,"href":"https:\/\/senoticias.com.br\/se\/wp-json\/wp\/v2\/users\/6557"}],"replies":[{"embeddable":true,"href":"https:\/\/senoticias.com.br\/se\/wp-json\/wp\/v2\/comments?post=151399"}],"version-history":[{"count":0,"href":"https:\/\/senoticias.com.br\/se\/wp-json\/wp\/v2\/posts\/151399\/revisions"}],"wp:featuredmedia":[{"embeddable":true,"href":"https:\/\/senoticias.com.br\/se\/wp-json\/wp\/v2\/media\/151400"}],"wp:attachment":[{"href":"https:\/\/senoticias.com.br\/se\/wp-json\/wp\/v2\/media?parent=151399"}],"wp:term":[{"taxonomy":"category","embeddable":true,"href":"https:\/\/senoticias.com.br\/se\/wp-json\/wp\/v2\/categories?post=151399"},{"taxonomy":"post_tag","embeddable":true,"href":"https:\/\/senoticias.com.br\/se\/wp-json\/wp\/v2\/tags?post=151399"}],"curies":[{"name":"wp","href":"https:\/\/api.w.org\/{rel}","templated":true}]}}