{"id":151386,"date":"2026-03-12T12:32:20","date_gmt":"2026-03-12T15:32:20","guid":{"rendered":"https:\/\/senoticias.com.br\/se\/?p=151386"},"modified":"2026-03-12T16:15:20","modified_gmt":"2026-03-12T19:15:20","slug":"unidade-de-prevencao-a-violencia-da-ssp-leva-debate-sobre-violencia-de-genero-a-escola-de-aracaju","status":"publish","type":"post","link":"https:\/\/senoticias.com.br\/se\/unidade-de-prevencao-a-violencia-da-ssp-leva-debate-sobre-violencia-de-genero-a-escola-de-aracaju\/","title":{"rendered":"Unidade de preven\u00e7\u00e3o \u00e0 viol\u00eancia da SSP leva debate sobre viol\u00eancia de g\u00eanero \u00e0 escola de Aracaju"},"content":{"rendered":"<p>Em uma iniciativa que une seguran\u00e7a p\u00fablica e educa\u00e7\u00e3o, a Coordena\u00e7\u00e3o Geral de Preven\u00e7\u00e3o Social da Viol\u00eancia e da Criminalidade (CGPSVC), vinculada \u00e0 Secretaria de Seguran\u00e7a P\u00fablica (SSP\/SE), realizou na manh\u00e3 dessa quarta-feira, 11, uma palestra sobre viol\u00eancia de g\u00eanero na Escola Municipal de Ensino Fundamental Presidente Tancredo Neves, localizada no bairro Ponto Novo, em Aracaju. A a\u00e7\u00e3o integra um conjunto de atividades alusivas ao Dia Internacional da Mulher e busca levar informa\u00e7\u00e3o qualificada para dentro da comunidade escolar.<\/p>\n<p>O p\u00fablico foi composto por adolescentes e pr\u00e9-adolescentes da unidade, al\u00e9m de professoras, dire\u00e7\u00e3o, coordenadores e servidores. Durante a abordagem, foram discutidos temas como misoginia, machismo estrutural e a constru\u00e7\u00e3o de ambientes t\u00f3xicos que afetam a sa\u00fade f\u00edsica e psicol\u00f3gica de meninas e mulheres.<\/p>\n<div id=\"attachment_151387\" style=\"width: 609px\" class=\"wp-caption aligncenter\"><a href=\"https:\/\/senoticias.com.br\/se\/wp-content\/uploads\/2026\/03\/IMG_3985-e1773329440848.jpeg\"><img loading=\"lazy\" decoding=\"async\" aria-describedby=\"caption-attachment-151387\" class=\"size-full wp-image-151387\" src=\"https:\/\/senoticias.com.br\/se\/wp-content\/uploads\/2026\/03\/IMG_3985-e1773329440848.jpeg\" alt=\"\" width=\"599\" height=\"326\" \/><\/a><p id=\"caption-attachment-151387\" class=\"wp-caption-text\">O p\u00fablico foi composto por adolescentes e pr\u00e9-adolescentes da unidade, al\u00e9m de professoras &#8211; Foto: SSP\/SE<\/p><\/div>\n<p>De acordo com os organizadores, o momento foi produtivo e interativo, com os jovens participando ativamente por meio de perguntas e relatos de situa\u00e7\u00f5es vividas no cotidiano.<\/p>\n<p><strong>Contexto estadual e nacional<\/strong><\/p>\n<p>A a\u00e7\u00e3o da SSP ocorre em um momento de aten\u00e7\u00e3o para os indicadores de viol\u00eancia no pa\u00eds. Dados do Conselho Nacional de Justi\u00e7a (CNJ) apontam que os processos de feminic\u00eddio no Brasil triplicaram nos \u00faltimos cinco anos, saltando de 4.210 ocorr\u00eancias em 2020 para 12.012 em 2025. Somente em janeiro deste ano, foram registrados 947 novos casos, uma alta de 3,49% em rela\u00e7\u00e3o ao mesmo per\u00edodo do ano passado.<\/p>\n<p>Em Sergipe, conforme menciona a CGPSVC, uma pesquisa de p\u00f3s-doutorado da Universidade Federal de Sergipe (UFS), divulgada em fevereiro, tra\u00e7ou o perfil das v\u00edtimas no estado. O estudo revelou que 75% das mulheres agredidas est\u00e3o inscritas no Cadastro \u00danico (Cad\u00danico), indicando vulnerabilidade social. A viol\u00eancia psicol\u00f3gica surge como a mais recorrente (35,40%), seguida pela f\u00edsica (30,40%) e moral (28,87%).<\/p>\n<p>Para a coordenadora geral de Preven\u00e7\u00e3o Social da Viol\u00eancia e da Criminalidade da SSP\/SE, Abigail Souza, iniciativas como essa s\u00e3o fundamentais para desconstruir ciclos de viol\u00eancia de g\u00eanero perpetrados nos diversos ambientes \u2013 da escola aos lares, especialmente no ambiente virtual. &#8220;Quando um jovem, crian\u00e7a ou adolescente consegue identificar situa\u00e7\u00f5es de viol\u00eancia, pode utilizar os canais de den\u00fancia para solicitar ajuda e assim romper o ciclo t\u00f3xico socialmente perpetuado&#8221;, afirmou.<\/p>\n<p><strong>A import\u00e2ncia da preven\u00e7\u00e3o no ambiente escolar<\/strong><\/p>\n<p>Durante a palestra, os estudantes tiveram acesso a uma cartilha impressa, elaborada em linguagem pedag\u00f3gica e acess\u00edvel, que detalha as cinco formas de viol\u00eancia dom\u00e9stica previstas na Lei Maria da Penha (Lei 11.340\/2006): f\u00edsica, psicol\u00f3gica, sexual, patrimonial e moral. O material busca ensinar os jovens a identificar abusos que v\u00e3o al\u00e9m da agress\u00e3o f\u00edsica, como humilha\u00e7\u00f5es, amea\u00e7as, manipula\u00e7\u00e3o emocional e controle de bens e documentos.<\/p>\n<p>A professora D\u00e9bora Souza, pedagoga que atua h\u00e1 12 anos na unidade de ensino, avaliou positivamente a iniciativa. &#8220;Este tipo de evento representa um esfor\u00e7o da comunidade escolar no sentido de ampliar as discuss\u00f5es sobre um tema t\u00e3o delicado e sens\u00edvel, que acaba alcan\u00e7ando todos, direta ou indiretamente. A articula\u00e7\u00e3o com outras secretarias, como a de Seguran\u00e7a P\u00fablica, fortalece nossa rede de prote\u00e7\u00e3o&#8221;, concluiu.<\/p>\n<p><strong><em>Acompanhe tamb\u00e9m o SE Not\u00edcias no\u00a0<a href=\"https:\/\/twitter.com\/Senoticias\" target=\"_blank\" rel=\"noreferrer noopener\">Twitter<\/a>,\u00a0<a href=\"https:\/\/www.facebook.com\/senoticias1\" target=\"_blank\" rel=\"noreferrer noopener\">Facebook<\/a>\u00a0e no\u00a0<a href=\"https:\/\/www.instagram.com\/senoticias\/\" target=\"_blank\" rel=\"noreferrer noopener\">Instagram<\/a><br \/>\n<\/em><\/strong><br \/>\nFonte: SSP\/SE<\/p>\n","protected":false},"excerpt":{"rendered":"<p>Em uma iniciativa que une seguran\u00e7a p\u00fablica e educa\u00e7\u00e3o, a Coordena\u00e7\u00e3o Geral de Preven\u00e7\u00e3o Social da Viol\u00eancia e da Criminalidade (CGPSVC), vinculada \u00e0 Secretaria de Seguran\u00e7a P\u00fablica (SSP\/SE), realizou na manh\u00e3 dessa quarta-feira, 11, uma palestra sobre viol\u00eancia de g\u00eanero na Escola Municipal de Ensino Fundamental Presidente Tancredo Neves, localizada no bairro Ponto Novo, em [&hellip;]<\/p>\n","protected":false},"author":6557,"featured_media":151387,"comment_status":"closed","ping_status":"closed","sticky":false,"template":"","format":"standard","meta":{"footnotes":""},"categories":[15,6],"tags":[44720,44721],"class_list":{"0":"post-151386","1":"post","2":"type-post","3":"status-publish","4":"format-standard","5":"has-post-thumbnail","7":"category-destaques","8":"category-politica","9":"tag-prevencao-a-violencia","10":"tag-violencia-de-genero"},"_links":{"self":[{"href":"https:\/\/senoticias.com.br\/se\/wp-json\/wp\/v2\/posts\/151386"}],"collection":[{"href":"https:\/\/senoticias.com.br\/se\/wp-json\/wp\/v2\/posts"}],"about":[{"href":"https:\/\/senoticias.com.br\/se\/wp-json\/wp\/v2\/types\/post"}],"author":[{"embeddable":true,"href":"https:\/\/senoticias.com.br\/se\/wp-json\/wp\/v2\/users\/6557"}],"replies":[{"embeddable":true,"href":"https:\/\/senoticias.com.br\/se\/wp-json\/wp\/v2\/comments?post=151386"}],"version-history":[{"count":0,"href":"https:\/\/senoticias.com.br\/se\/wp-json\/wp\/v2\/posts\/151386\/revisions"}],"wp:featuredmedia":[{"embeddable":true,"href":"https:\/\/senoticias.com.br\/se\/wp-json\/wp\/v2\/media\/151387"}],"wp:attachment":[{"href":"https:\/\/senoticias.com.br\/se\/wp-json\/wp\/v2\/media?parent=151386"}],"wp:term":[{"taxonomy":"category","embeddable":true,"href":"https:\/\/senoticias.com.br\/se\/wp-json\/wp\/v2\/categories?post=151386"},{"taxonomy":"post_tag","embeddable":true,"href":"https:\/\/senoticias.com.br\/se\/wp-json\/wp\/v2\/tags?post=151386"}],"curies":[{"name":"wp","href":"https:\/\/api.w.org\/{rel}","templated":true}]}}