{"id":151384,"date":"2026-03-12T12:20:30","date_gmt":"2026-03-12T15:20:30","guid":{"rendered":"https:\/\/senoticias.com.br\/se\/?p=151384"},"modified":"2026-03-12T20:44:04","modified_gmt":"2026-03-12T23:44:04","slug":"programacao-do-verao-sergipe-na-barra-dos-coqueiros-conta-com-samuel-rosa-e-xanddy-harmonia-entre-as-atracoes","status":"publish","type":"post","link":"https:\/\/senoticias.com.br\/se\/programacao-do-verao-sergipe-na-barra-dos-coqueiros-conta-com-samuel-rosa-e-xanddy-harmonia-entre-as-atracoes\/","title":{"rendered":"Programa\u00e7\u00e3o do Ver\u00e3o Sergipe na Barra dos Coqueiros conta com Samuel Rosa e Xanddy Harmonia entre as atra\u00e7\u00f5es"},"content":{"rendered":"<p>A programa\u00e7\u00e3o do <a href=\"https:\/\/veraosergipe.se.gov.br\/\">Ver\u00e3o Sergipe 2026<\/a> ser\u00e1 retomada neste final de semana, de 13 a 15 de mar\u00e7o. Desta vez, o evento promovido pelo Governo do Estado chega ao munic\u00edpio de\u00a0Barra dos Coqueiros. Na programa\u00e7\u00e3o, sergipanos e turistas contar\u00e3o com shows de artistas locais e nacionais e, ainda, uma s\u00e9rie de atividades esportivas para movimentar a regi\u00e3o da Atalaia Nova.<\/p>\n<p>Na sexta-feira, 13, j\u00e1 pela manh\u00e3, os amantes de esportes radicais ter\u00e3o \u00e0 disposi\u00e7\u00e3o uma programa\u00e7\u00e3o das 8h \u00e0s 16h, com o surf. J\u00e1 pela noite, a partir das 21h, o p\u00fablico apreciar\u00e1 os shows de Chirlys Trindade, Samuel Rosa, Tony Salles e Simone Morena.<\/p>\n<div id=\"attachment_151385\" style=\"width: 609px\" class=\"wp-caption aligncenter\"><a href=\"https:\/\/senoticias.com.br\/se\/wp-content\/uploads\/2026\/03\/5aa38267-f98e-40fb-a5c9-ba319e69a80d-e1773328713390.jpeg\"><img loading=\"lazy\" decoding=\"async\" aria-describedby=\"caption-attachment-151385\" class=\"size-full wp-image-151385\" src=\"https:\/\/senoticias.com.br\/se\/wp-content\/uploads\/2026\/03\/5aa38267-f98e-40fb-a5c9-ba319e69a80d-e1773328713390.jpeg\" alt=\"\" width=\"599\" height=\"399\" \/><\/a><p id=\"caption-attachment-151385\" class=\"wp-caption-text\">Ver\u00e3o Sergipe na Barra dos Coqueiros conta com Samuel Rosa e Xanddy Harmonia &#8211; Foto: Igor Matias\/ASN<\/p><\/div>\n<p>Em continuidade, no s\u00e1bado, 14, a programa\u00e7\u00e3o esportiva inicia \u00e0s 8h e segue at\u00e9 \u00e0s 16h com as modalidades: beachflag, surf, v\u00f4lei de praia, futev\u00f4lei, skate, mesabol e frescobol e defesa pessoal para mulheres. \u00c0 noite, a partir das 21h, as areias da Atalaia Nova receber\u00e3o os shows de Leonne O Nobre, Detonautas, Xanddy Harmonia e Dan Chicleteiro.<\/p>\n<p>J\u00e1 no domingo, 15, terceiro e \u00faltimo dia do evento na Barra, as atividades esportivas come\u00e7am \u00e0s 7h, contemplando: corrida 5km, aul\u00e3o de fitdance, surf, v\u00f4lei de praia, futev\u00f4lei, skate street, Bmx, banho assistido e viv\u00eancia paradesportiva.<\/p>\n<p><strong>Ver\u00e3o Sergipe 2026<\/strong><\/p>\n<p>O Ver\u00e3o Sergipe \u00e9 um evento realizado pelo Governo de Sergipe, por meio da Funda\u00e7\u00e3o de Cultura e Arte Aperip\u00ea de Sergipe (Funcap), com apoio do Governo Federal e Energisa, e patroc\u00ednio do Banese Card, Igu\u00e1 Sergipe e Companhia de Saneamento de Sergipe (Deso), que leva \u00e0 capital e ao interior do estado uma programa\u00e7\u00e3o cultural e de est\u00edmulo \u00e0 pr\u00e1tica esportiva, fomentando o turismo, o desenvolvimento econ\u00f4mico e a gera\u00e7\u00e3o de renda.<\/p>\n<p>Confira a programa\u00e7\u00e3o completa:<\/p>\n<p><strong>Sexta-feira, dia 13<\/strong><\/p>\n<p><strong>Esporte<\/strong><\/p>\n<p>8h &#8211; 16h: Surf<\/p>\n<p><strong>M\u00fasica<\/strong><\/p>\n<p>21h &#8211; Chirlys Trindade<br \/>\n23h &#8211; Samuel Rosa<br \/>\n1h &#8211; Tony Salles<br \/>\n3h &#8211; Simone Morena<\/p>\n<p><strong>S\u00e1bado, dia 14\u00a0<\/strong><\/p>\n<p><strong>Esporte<\/strong><\/p>\n<p>8h &#8211; 16h : Beachflag<br \/>\n8h &#8211; 16h : Surf<br \/>\n8h &#8211; 16h : V\u00f4lei de Praia Fem \/ Mas<br \/>\n8h &#8211; 16h : Futev\u00f4lei &#8211; Fem \/ Mas<br \/>\n8h &#8211; 16h : Oficina de Skate<br \/>\n8h &#8211; 15h : Mesabol \/ Frescobol<br \/>\n15h &#8211; 16h : Aul\u00e3o de defesa pessoal para mulheres<\/p>\n<p><strong>M\u00fasica<\/strong><\/p>\n<p>21h &#8211; Leonne O Nobre<br \/>\n23h &#8211; Detonautas<br \/>\n1h &#8211; Xanddy Harmonia<br \/>\n3h &#8211; Dan Chicleteiro<\/p>\n<p><strong>Domingo, dia 15<\/strong><\/p>\n<p><strong>Esporte<\/strong><\/p>\n<p>7h &#8211; 9h : Corrida 5km<br \/>\n8h &#8211; 10h : Aul\u00e3o de Fitdance<br \/>\n8h &#8211; 16h : Surf<br \/>\n8h &#8211; 15h : V\u00f4lei de Praia Fem \/ Mas<br \/>\n8h &#8211; 15h : Mesabol \/ Frescobol<br \/>\n9h &#8211; 15h : Skate Street<br \/>\n9h &#8211; 15h : Bmx<br \/>\n9h &#8211; 12h : Banho Assistido (Proj. Estrelas do Mar \/ Seasic)<br \/>\n9h &#8211; 11h : Viv\u00eancia Paradesportiva<\/p>\n<p><em>*Programa\u00e7\u00e3o sujeita a altera\u00e7\u00e3o<\/em><\/p>\n<p><strong><em>Acompanhe tamb\u00e9m o SE Not\u00edcias no\u00a0<a href=\"https:\/\/twitter.com\/Senoticias\" target=\"_blank\" rel=\"noreferrer noopener\">Twitter<\/a>,\u00a0<a href=\"https:\/\/www.facebook.com\/senoticias1\" target=\"_blank\" rel=\"noreferrer noopener\">Facebook<\/a>\u00a0e no\u00a0<a href=\"https:\/\/www.instagram.com\/senoticias\/\" target=\"_blank\" rel=\"noreferrer noopener\">Instagram<\/a><br \/>\n<\/em><\/strong><br \/>\nFonte: Ag\u00eancia Sergipe de Not\u00edcias<\/p>\n","protected":false},"excerpt":{"rendered":"<p>A programa\u00e7\u00e3o do Ver\u00e3o Sergipe 2026 ser\u00e1 retomada neste final de semana, de 13 a 15 de mar\u00e7o. Desta vez, o evento promovido pelo Governo do Estado chega ao munic\u00edpio de\u00a0Barra dos Coqueiros. Na programa\u00e7\u00e3o, sergipanos e turistas contar\u00e3o com shows de artistas locais e nacionais e, ainda, uma s\u00e9rie de atividades esportivas para movimentar [&hellip;]<\/p>\n","protected":false},"author":6557,"featured_media":0,"comment_status":"closed","ping_status":"closed","sticky":false,"template":"","format":"standard","meta":{"footnotes":""},"categories":[15,21],"tags":[3141,40408],"class_list":{"0":"post-151384","1":"post","2":"type-post","3":"status-publish","4":"format-standard","6":"category-destaques","7":"category-entretenimento","8":"tag-barra-dos-coqueiros","9":"tag-verao-sergipe"},"_links":{"self":[{"href":"https:\/\/senoticias.com.br\/se\/wp-json\/wp\/v2\/posts\/151384"}],"collection":[{"href":"https:\/\/senoticias.com.br\/se\/wp-json\/wp\/v2\/posts"}],"about":[{"href":"https:\/\/senoticias.com.br\/se\/wp-json\/wp\/v2\/types\/post"}],"author":[{"embeddable":true,"href":"https:\/\/senoticias.com.br\/se\/wp-json\/wp\/v2\/users\/6557"}],"replies":[{"embeddable":true,"href":"https:\/\/senoticias.com.br\/se\/wp-json\/wp\/v2\/comments?post=151384"}],"version-history":[{"count":0,"href":"https:\/\/senoticias.com.br\/se\/wp-json\/wp\/v2\/posts\/151384\/revisions"}],"wp:attachment":[{"href":"https:\/\/senoticias.com.br\/se\/wp-json\/wp\/v2\/media?parent=151384"}],"wp:term":[{"taxonomy":"category","embeddable":true,"href":"https:\/\/senoticias.com.br\/se\/wp-json\/wp\/v2\/categories?post=151384"},{"taxonomy":"post_tag","embeddable":true,"href":"https:\/\/senoticias.com.br\/se\/wp-json\/wp\/v2\/tags?post=151384"}],"curies":[{"name":"wp","href":"https:\/\/api.w.org\/{rel}","templated":true}]}}