{"id":151381,"date":"2026-03-11T20:58:04","date_gmt":"2026-03-11T23:58:04","guid":{"rendered":"https:\/\/senoticias.com.br\/se\/?p=151381"},"modified":"2026-03-11T21:11:24","modified_gmt":"2026-03-12T00:11:24","slug":"justica-federal-decide-por-unanimidade-e-mantem-mosqueiro-como-territorio-de-sao-cristovao","status":"publish","type":"post","link":"https:\/\/senoticias.com.br\/se\/justica-federal-decide-por-unanimidade-e-mantem-mosqueiro-como-territorio-de-sao-cristovao\/","title":{"rendered":"Justi\u00e7a Federal decide por unanimidade e mant\u00e9m Mosqueiro como territ\u00f3rio de S\u00e3o Crist\u00f3v\u00e3o"},"content":{"rendered":"<p>O Tribunal Regional Federal da 5\u00aa Regi\u00e3o (TRF-5)\u00a0 julgou improcedente, nesta quarta-feira, 11, e negou uma a\u00e7\u00e3o \u00a0rescis\u00f3ria apresentada pela Prefeitura de Aracaju para manuten\u00e7\u00e3o da administra\u00e7\u00e3o do territ\u00f3rio e mant\u00e9m Mosqueiro como territ\u00f3rio de S\u00e3o Crist\u00f3v\u00e3o. Uma outra decis\u00e3o j\u00e1 havia determinado que a \u00e1rea deve ser devolvida para S\u00e3o Crist\u00f3v\u00e3o.<\/p>\n<p>A sustenta\u00e7\u00e3o oral em defesa de S\u00e3o Crist\u00f3v\u00e3o foi realizada pelo subprocurador-geral do munic\u00edpio, Diego Ara\u00fajo, que apresentou os argumentos jur\u00eddicos durante o julgamento no TRF-5, em Recife (PE). O procurador-geral do munic\u00edpio, Jos\u00e9 Robson Almeida, tamb\u00e9m acompanhou o julgamento na sede do tribunal, na capital pernambucana.<\/p>\n<p>A a\u00e7\u00e3o foi proposta pela Procuradoria-Geral do Munic\u00edpio de Aracaju com o objetivo de rescindir decis\u00e3o anteriormente proferida no processo que tramita na Justi\u00e7a Federal em Sergipe, o qual trata da redefini\u00e7\u00e3o dos limites territoriais entre os munic\u00edpios. Na pr\u00e1tica, a medida buscava reverter a situa\u00e7\u00e3o jur\u00eddica j\u00e1 consolidada no processo principal.<\/p>\n<div id=\"attachment_151382\" style=\"width: 602px\" class=\"wp-caption aligncenter\"><a href=\"https:\/\/senoticias.com.br\/se\/wp-content\/uploads\/2026\/03\/TRF-Mosqueiro-SE-Noticias.jpg\"><img loading=\"lazy\" decoding=\"async\" aria-describedby=\"caption-attachment-151382\" class=\"size-full wp-image-151382\" src=\"https:\/\/senoticias.com.br\/se\/wp-content\/uploads\/2026\/03\/TRF-Mosqueiro-SE-Noticias.jpg\" alt=\"\" width=\"592\" height=\"395\" srcset=\"https:\/\/senoticias.com.br\/se\/wp-content\/uploads\/2026\/03\/TRF-Mosqueiro-SE-Noticias.jpg 592w, https:\/\/senoticias.com.br\/se\/wp-content\/uploads\/2026\/03\/TRF-Mosqueiro-SE-Noticias-300x200.jpg 300w, https:\/\/senoticias.com.br\/se\/wp-content\/uploads\/2026\/03\/TRF-Mosqueiro-SE-Noticias-90x60.jpg 90w, https:\/\/senoticias.com.br\/se\/wp-content\/uploads\/2026\/03\/TRF-Mosqueiro-SE-Noticias-180x120.jpg 180w, https:\/\/senoticias.com.br\/se\/wp-content\/uploads\/2026\/03\/TRF-Mosqueiro-SE-Noticias-95x64.jpg 95w\" sizes=\"(max-width: 592px) 100vw, 592px\" \/><\/a><p id=\"caption-attachment-151382\" class=\"wp-caption-text\">A defesa de S\u00e3o Crist\u00f3v\u00e3o foi realizada pelo procurador-geral do munic\u00edpio, Jos\u00e9 Robson Almeida, e pelo subprocurador Diego Ara\u00fajo &#8211; Foto: ascom\/divulga\u00e7\u00e3o<\/p><\/div>\n<p>\u201cAp\u00f3s an\u00e1lise do caso, o colegiado do TRF-5 decidiu, por unanimidade, julgar improcedente a A\u00e7\u00e3o Rescis\u00f3ria proposta pelo munic\u00edpio de Aracaju, mantendo a validade da decis\u00e3o anterior. Todos os desembargadores acompanharam o voto do relator, Paulo Cordeiro, garantindo mais uma vit\u00f3ria ao munic\u00edpio de S\u00e3o Crist\u00f3v\u00e3o\u201d, afirmou o procurador-geral de S\u00e3o Crist\u00f3v\u00e3o, Jos\u00e9 Robson.<\/p>\n<p><strong>Pr\u00f3ximos passos<\/strong><\/p>\n<p>Com a decis\u00e3o que julgou improcedente a A\u00e7\u00e3o Rescis\u00f3ria, o processo principal segue seu tr\u00e2mite regular na Justi\u00e7a Federal, aguardando a conclus\u00e3o do estudo t\u00e9cnico que est\u00e1 sendo elaborado pelo Governo do Estado de Sergipe. O levantamento dever\u00e1 subsidiar a atualiza\u00e7\u00e3o cartogr\u00e1fica e contribuir para a defini\u00e7\u00e3o definitiva dos limites territoriais entre os munic\u00edpios. O cronograma prev\u00ea conclus\u00e3o at\u00e9 abril de 2026.<\/p>\n<p>Para o subprocurador do munic\u00edpio, Diego Ara\u00fajo, a decis\u00e3o refor\u00e7a a consist\u00eancia jur\u00eddica da posi\u00e7\u00e3o defendida por S\u00e3o Crist\u00f3v\u00e3o ao longo do processo.<\/p>\n<p>\u201cEssa decis\u00e3o confirma a solidez dos argumentos apresentados pelo munic\u00edpio e preserva uma situa\u00e7\u00e3o jur\u00eddica j\u00e1 consolidada no processo principal. A atua\u00e7\u00e3o da Procuradoria foi no sentido de garantir seguran\u00e7a jur\u00eddica e defender os interesses de S\u00e3o Crist\u00f3v\u00e3o, evitando que uma decis\u00e3o anteriormente proferida fosse desconstitu\u00edda\u201d, destacou.<\/p>\n<p><strong><em>Acompanhe tamb\u00e9m o SE Not\u00edcias no\u00a0<a href=\"https:\/\/twitter.com\/Senoticias\" target=\"_blank\" rel=\"noreferrer noopener\">Twitter<\/a>,\u00a0<a href=\"https:\/\/www.facebook.com\/senoticias1\" target=\"_blank\" rel=\"noreferrer noopener\">Facebook<\/a>\u00a0e no\u00a0<a href=\"https:\/\/www.instagram.com\/senoticias\/\" target=\"_blank\" rel=\"noreferrer noopener\">Instagram<\/a><\/em><\/strong><\/p>\n<p>Reda\u00e7\u00e3o, com informa\u00e7\u00f5es da ascom\/PMSC<\/p>\n","protected":false},"excerpt":{"rendered":"<p>O Tribunal Regional Federal da 5\u00aa Regi\u00e3o (TRF-5)\u00a0 julgou improcedente, nesta quarta-feira, 11, e negou uma a\u00e7\u00e3o \u00a0rescis\u00f3ria apresentada pela Prefeitura de Aracaju para manuten\u00e7\u00e3o da administra\u00e7\u00e3o do territ\u00f3rio e mant\u00e9m Mosqueiro como territ\u00f3rio de S\u00e3o Crist\u00f3v\u00e3o. Uma outra decis\u00e3o j\u00e1 havia determinado que a \u00e1rea deve ser devolvida para S\u00e3o Crist\u00f3v\u00e3o. A sustenta\u00e7\u00e3o oral [&hellip;]<\/p>\n","protected":false},"author":6557,"featured_media":151382,"comment_status":"closed","ping_status":"closed","sticky":false,"template":"","format":"standard","meta":{"footnotes":""},"categories":[15,6],"tags":[4654,10305,81,39422,50],"class_list":{"0":"post-151381","1":"post","2":"type-post","3":"status-publish","4":"format-standard","5":"has-post-thumbnail","7":"category-destaques","8":"category-politica","9":"tag-justica-federal","10":"tag-mosqueiro","11":"tag-prefeitura-de-sao-cristovao","12":"tag-trf-5","13":"tag-vioencia-em-sao-cristovao"},"_links":{"self":[{"href":"https:\/\/senoticias.com.br\/se\/wp-json\/wp\/v2\/posts\/151381"}],"collection":[{"href":"https:\/\/senoticias.com.br\/se\/wp-json\/wp\/v2\/posts"}],"about":[{"href":"https:\/\/senoticias.com.br\/se\/wp-json\/wp\/v2\/types\/post"}],"author":[{"embeddable":true,"href":"https:\/\/senoticias.com.br\/se\/wp-json\/wp\/v2\/users\/6557"}],"replies":[{"embeddable":true,"href":"https:\/\/senoticias.com.br\/se\/wp-json\/wp\/v2\/comments?post=151381"}],"version-history":[{"count":0,"href":"https:\/\/senoticias.com.br\/se\/wp-json\/wp\/v2\/posts\/151381\/revisions"}],"wp:featuredmedia":[{"embeddable":true,"href":"https:\/\/senoticias.com.br\/se\/wp-json\/wp\/v2\/media\/151382"}],"wp:attachment":[{"href":"https:\/\/senoticias.com.br\/se\/wp-json\/wp\/v2\/media?parent=151381"}],"wp:term":[{"taxonomy":"category","embeddable":true,"href":"https:\/\/senoticias.com.br\/se\/wp-json\/wp\/v2\/categories?post=151381"},{"taxonomy":"post_tag","embeddable":true,"href":"https:\/\/senoticias.com.br\/se\/wp-json\/wp\/v2\/tags?post=151381"}],"curies":[{"name":"wp","href":"https:\/\/api.w.org\/{rel}","templated":true}]}}