{"id":151375,"date":"2026-03-11T11:15:20","date_gmt":"2026-03-11T14:15:20","guid":{"rendered":"https:\/\/senoticias.com.br\/se\/?p=151375"},"modified":"2026-03-11T11:15:20","modified_gmt":"2026-03-11T14:15:20","slug":"governo-de-sergipe-divulga-programacao-oficial-do-festival-se-mapping","status":"publish","type":"post","link":"https:\/\/senoticias.com.br\/se\/governo-de-sergipe-divulga-programacao-oficial-do-festival-se-mapping\/","title":{"rendered":"Governo de Sergipe divulga programa\u00e7\u00e3o oficial do Festival SE Mapping"},"content":{"rendered":"<p>A Pra\u00e7a Fausto Cardoso, no Centro de Aracaju, receber\u00e1, entre os dias 20 e 22 de mar\u00e7o, o Festival SE Mapping, promovido pelo Governo de Sergipe, por meio da Funda\u00e7\u00e3o de Cultura e Arte Aperip\u00ea (Funcap). Com acesso gratuito e formato in\u00e9dito no estado, a iniciativa passa a integrar a programa\u00e7\u00e3o do Ver\u00e3o Sergipe e convida o p\u00fablico a vivenciar uma experi\u00eancia cultural imersiva que combina arte, tecnologia, m\u00fasica e valoriza\u00e7\u00e3o do patrim\u00f4nio hist\u00f3rico.<\/p>\n<p>Inspirado em festivais internacionais de proje\u00e7\u00e3o mapeada, o SE Mapping utiliza fachadas de pr\u00e9dios hist\u00f3ricos do Centro da capital como suporte para obras audiovisuais, transformando a paisagem urbana em uma grande tela para proje\u00e7\u00f5es art\u00edsticas. A programa\u00e7\u00e3o re\u00fane mostras de videomapping, lasermapping, interven\u00e7\u00f5es visuais, passeios guiados, coreto sonoro, apresenta\u00e7\u00f5es musicais e manifesta\u00e7\u00f5es da cultura popular, al\u00e9m de feira de economia criativa, gastronomia e atividades formativas.<\/p>\n<div id=\"attachment_151376\" style=\"width: 609px\" class=\"wp-caption aligncenter\"><a href=\"https:\/\/senoticias.com.br\/se\/wp-content\/uploads\/2026\/03\/72fa1e02-4202-4a21-a4ab-be089854291d.jpeg\"><img loading=\"lazy\" decoding=\"async\" aria-describedby=\"caption-attachment-151376\" class=\"size-full wp-image-151376\" src=\"https:\/\/senoticias.com.br\/se\/wp-content\/uploads\/2026\/03\/72fa1e02-4202-4a21-a4ab-be089854291d-e1773238386502.jpeg\" alt=\"\" width=\"599\" height=\"332\" \/><\/a><p id=\"caption-attachment-151376\" class=\"wp-caption-text\">Foto: Julia Rodrigues<\/p><\/div>\n<p>A abertura institucional do festival acontece na sexta-feira, 20, a partir das 17h, na Pra\u00e7a Fausto Cardoso. \u00c0s 19h, o p\u00fablico acompanha a apresenta\u00e7\u00e3o especial da Orquestra Sinf\u00f4nica de Sergipe (Orsse), com proje\u00e7\u00f5es visuais na fachada do Pal\u00e1cio Ol\u00edmpio Campos. A noite marca o lan\u00e7amento oficial do SE Mapping e contar\u00e1 com p\u00fablico convidado, formado por autoridades, imprensa, produtores culturais e convidados da orquestra. Neste primeiro dia, a programa\u00e7\u00e3o ser\u00e1 voltada \u00e0 apresenta\u00e7\u00e3o do festival. Todas as atra\u00e7\u00f5es art\u00edsticas est\u00e3o previstas para os dias 21 e 22, quando o evento acontece de forma completa.<\/p>\n<p>No s\u00e1bado, 21, e \u00a0domingo, 22, a programa\u00e7\u00e3o ser\u00e1 aberta ao p\u00fablico em geral, reunindo sergipanos e turistas para acompanhar gratuitamente as proje\u00e7\u00f5es, performances, interven\u00e7\u00f5es art\u00edsticas e apresenta\u00e7\u00f5es musicais que ocupar\u00e3o a Pra\u00e7a Fausto Cardoso ao longo da noite.<\/p>\n<p><strong>Programa\u00e7\u00e3o<\/strong><\/p>\n<p><strong>20 de mar\u00e7o | Pra\u00e7a Fausto Cardoso<\/strong><br \/>\n(Lan\u00e7amento institucional do Festival SE Mapping)<\/p>\n<p>17h \u2013 Abertura da feira de economia criativa e gastronomia<\/p>\n<p>18h \u2013 Abertura das instala\u00e7\u00f5es e interven\u00e7\u00f5es art\u00edsticas<\/p>\n<p>19h \u2013 Concerto X\u00earo da Terra, com a Orquestra Sinf\u00f4nica de Sergipe e proje\u00e7\u00f5es visuais na fachada do Pal\u00e1cio Ol\u00edmpio Campos<\/p>\n<p><strong>21 de mar\u00e7o | Pra\u00e7a Fausto Cardoso<\/strong><\/p>\n<p>16h \u2013 Rol\u00ea Ar\u00e1, passeio guiado com percurso fluvial pelo Rio Sergipe<\/p>\n<p>17h \u2013 Coreto sonoro com DJ, feira criativa e instala\u00e7\u00f5es art\u00edsticas<\/p>\n<p>18h \u2013 Abertura das instala\u00e7\u00f5es e interven\u00e7\u00f5es<\/p>\n<p>19h \u2013 Mostra Nacional de Videomapping<\/p>\n<p>19h30 \u2013 Apresenta\u00e7\u00e3o \u201cTradi\u00e7\u00e3o e Tecnologia\u201d, com o Grupo Parafusos<\/p>\n<p>20h \u2013 Segunda sess\u00e3o da Mostra Nacional de Videomapping<\/p>\n<p>20h30 \u2013 Show musical de Pedro Lua, com participa\u00e7\u00f5es de Nanda de Aquino e Lari Lima<\/p>\n<p>22h \u2013 Coreto sonoro com DJ<\/p>\n<p>23h \u2013 Encerramento das atividades do dia<\/p>\n<p><strong>22 de mar\u00e7o | Pra\u00e7a Fausto Cardoso<\/strong><\/p>\n<p>16h \u2013 Rol\u00ea Ar\u00e1, passeio guiado com percurso a p\u00e9 at\u00e9 a pra\u00e7a<\/p>\n<p>17h \u2013 Coreto sonoro com DJ, feira criativa e instala\u00e7\u00f5es art\u00edsticas<\/p>\n<p>18h \u2013 Abertura das instala\u00e7\u00f5es e interven\u00e7\u00f5es<\/p>\n<p>19h \u2013 Apresenta\u00e7\u00e3o de abertura com Barco de Fogo<\/p>\n<p>19h10 \u2013 Mostra Nacional de Videomapping<\/p>\n<p>19h30 \u2013 Apresenta\u00e7\u00e3o \u201cTradi\u00e7\u00e3o e Tecnologia\u201d, com o Grupo S\u00e3o Gon\u00e7alo<\/p>\n<p>20h \u2013 Segunda sess\u00e3o da Mostra Nacional de Videomapping<\/p>\n<p>20h30 \u2013 Show de encerramento com The Baggios, com participa\u00e7\u00f5es de Anne Carol e Sandyal\u00ea<\/p>\n<p>22h \u2013 Coreto sonoro com DJ<\/p>\n<p>23h \u2013 Encerramento do festival<\/p>\n<p><strong>Oficinas formativas<\/strong><\/p>\n<p>Antes da programa\u00e7\u00e3o principal do festival, o SE Mapping promove uma atividade formativa voltada a interessados em conhecer as t\u00e9cnicas do videomapping. A oficina \u2018Pr\u00e1ticas em videomapping \u2013 Narrativas do cotidiano\u2019, ministrada pela artista visual Kelly Pires (SP), ser\u00e1 realizada nos dias 18 e 19 de mar\u00e7o, das 14h \u00e0s 17h, na Escola do Legislativo de Sergipe (Elese), localizada na Pra\u00e7a Fausto Cardoso, no Centro de Aracaju. No dia 20 de mar\u00e7o, das 17h \u00e0s 19h, a atividade ser\u00e1 realizada na pr\u00f3pria Pra\u00e7a Fausto Cardoso, integrando a programa\u00e7\u00e3o do festival.<\/p>\n<p>Gratuita, a oficina apresenta aos participantes as possibilidades criativas da proje\u00e7\u00e3o mapeada, abordando conceitos b\u00e1sicos da t\u00e9cnica e suas aplica\u00e7\u00f5es em narrativas visuais contempor\u00e2neas. As inscri\u00e7\u00f5es acontecem de 10 a 13 de mar\u00e7o, por meio de formul\u00e1rio eletr\u00f4nico. <a href=\"https:\/\/forms.gle\/Zk5X7PCEz3AnC32G9\">Para acess\u00e1-lo, clique aqui.<\/a><\/p>\n<p><strong>Realiza\u00e7\u00e3o<\/strong><\/p>\n<p>O SE Mapping \u00e9 uma realiza\u00e7\u00e3o do Governo de Sergipe, por meio da Funda\u00e7\u00e3o de Cultura e Arte Aperip\u00ea (Funcap), e integra o calend\u00e1rio do Ver\u00e3o Sergipe.<\/p>\n<p>O evento conta com a participa\u00e7\u00e3o das secretarias de Estado da Comunica\u00e7\u00e3o Social (Secom), da Assist\u00eancia Social, Inclus\u00e3o e Cidadania (Seasic), do Trabalho, Emprego e Empreendedorismo (Seteem) e do Turismo (Setur), al\u00e9m da Secretaria Especial da Cultura (Secult).<\/p>\n<p>O festival \u00e9 idealizado e produzido pela Baluart Produtora e pela Ag\u00eancia Ilimitado, conta com o patroc\u00ednio da Igu\u00e1 Sergipe, apoio da Energisa e parceria com o SSA Mapping.<\/p>\n<p><strong><em>Acompanhe tamb\u00e9m o SE Not\u00edcias no\u00a0<a href=\"https:\/\/twitter.com\/Senoticias\" target=\"_blank\" rel=\"noreferrer noopener\">Twitter<\/a>,\u00a0<a href=\"https:\/\/www.facebook.com\/senoticias1\" target=\"_blank\" rel=\"noreferrer noopener\">Facebook<\/a>\u00a0e no\u00a0<a href=\"https:\/\/www.instagram.com\/senoticias\/\" target=\"_blank\" rel=\"noreferrer noopener\">Instagram<\/a><br \/>\n<\/em><\/strong><br \/>\nFonte: Ag\u00eancia Sergipe de Not\u00edcias<\/p>\n","protected":false},"excerpt":{"rendered":"<p>A Pra\u00e7a Fausto Cardoso, no Centro de Aracaju, receber\u00e1, entre os dias 20 e 22 de mar\u00e7o, o Festival SE Mapping, promovido pelo Governo de Sergipe, por meio da Funda\u00e7\u00e3o de Cultura e Arte Aperip\u00ea (Funcap). Com acesso gratuito e formato in\u00e9dito no estado, a iniciativa passa a integrar a programa\u00e7\u00e3o do Ver\u00e3o Sergipe e [&hellip;]<\/p>\n","protected":false},"author":6557,"featured_media":0,"comment_status":"closed","ping_status":"closed","sticky":false,"template":"","format":"standard","meta":{"footnotes":""},"categories":[15,6],"tags":[42988,448],"class_list":{"0":"post-151375","1":"post","2":"type-post","3":"status-publish","4":"format-standard","6":"category-destaques","7":"category-politica","8":"tag-festival-se-mapping","9":"tag-governo-de-sergipe"},"_links":{"self":[{"href":"https:\/\/senoticias.com.br\/se\/wp-json\/wp\/v2\/posts\/151375"}],"collection":[{"href":"https:\/\/senoticias.com.br\/se\/wp-json\/wp\/v2\/posts"}],"about":[{"href":"https:\/\/senoticias.com.br\/se\/wp-json\/wp\/v2\/types\/post"}],"author":[{"embeddable":true,"href":"https:\/\/senoticias.com.br\/se\/wp-json\/wp\/v2\/users\/6557"}],"replies":[{"embeddable":true,"href":"https:\/\/senoticias.com.br\/se\/wp-json\/wp\/v2\/comments?post=151375"}],"version-history":[{"count":0,"href":"https:\/\/senoticias.com.br\/se\/wp-json\/wp\/v2\/posts\/151375\/revisions"}],"wp:attachment":[{"href":"https:\/\/senoticias.com.br\/se\/wp-json\/wp\/v2\/media?parent=151375"}],"wp:term":[{"taxonomy":"category","embeddable":true,"href":"https:\/\/senoticias.com.br\/se\/wp-json\/wp\/v2\/categories?post=151375"},{"taxonomy":"post_tag","embeddable":true,"href":"https:\/\/senoticias.com.br\/se\/wp-json\/wp\/v2\/tags?post=151375"}],"curies":[{"name":"wp","href":"https:\/\/api.w.org\/{rel}","templated":true}]}}