{"id":151369,"date":"2026-03-10T14:14:34","date_gmt":"2026-03-10T17:14:34","guid":{"rendered":"https:\/\/senoticias.com.br\/se\/?p=151369"},"modified":"2026-03-10T14:32:19","modified_gmt":"2026-03-10T17:32:19","slug":"ricardo-marques-anuncia-pre-candidatura-ao-governo-de-sergipe-pelo-pl","status":"publish","type":"post","link":"https:\/\/senoticias.com.br\/se\/ricardo-marques-anuncia-pre-candidatura-ao-governo-de-sergipe-pelo-pl\/","title":{"rendered":"Ricardo Marques anuncia pr\u00e9-candidatura ao Governo de Sergipe pelo PL"},"content":{"rendered":"<p>Na madrugada desta ter\u00e7a-feira, 10, o deputado federal Rodrigo Valadares publicou um v\u00eddeo nas redes sociais ao lado do senador Fl\u00e1vio Bolsonaro e do vice-prefeito de Aracaju, Ricardo Marques.<\/p>\n<p>Na grava\u00e7\u00e3o, Valadares afirma que Ricardo Marques ser\u00e1 o pr\u00e9-candidato ao Governo de Sergipe pelo Partido Liberal (PL) nas elei\u00e7\u00f5es de 2026. No mesmo an\u00fancio, o deputado tamb\u00e9m se coloca como pr\u00e9-candidato ao Senado, ao lado do Coronel Rocha, que igualmente \u00e9 citado como pr\u00e9-candidato \u00e0 mesma vaga.<\/p>\n<p>Na publica\u00e7\u00e3o, Rodrigo Valadares afirmou que o grupo pol\u00edtico representar\u00e1 o \u201cpalanque de Fl\u00e1vio Bolsonaro em Sergipe\u201d e destacou que a defini\u00e7\u00e3o foi resultado de \u201cmuita ora\u00e7\u00e3o, jejum e joelho no ch\u00e3o\u201d.<\/p>\n<div id=\"attachment_151370\" style=\"width: 609px\" class=\"wp-caption aligncenter\"><a href=\"https:\/\/senoticias.com.br\/se\/wp-content\/uploads\/2026\/03\/344842db-8da0-46f6-8652-d408cfd7e529-e1773162805886.jpeg\"><img loading=\"lazy\" decoding=\"async\" aria-describedby=\"caption-attachment-151370\" class=\"size-full wp-image-151370\" src=\"https:\/\/senoticias.com.br\/se\/wp-content\/uploads\/2026\/03\/344842db-8da0-46f6-8652-d408cfd7e529-e1773162805886.jpeg\" alt=\"\" width=\"599\" height=\"723\" \/><\/a><p id=\"caption-attachment-151370\" class=\"wp-caption-text\">Rodrigo Valadares anuncia Ricardo Marques como pr\u00e9-candidato ao governo de Sergipe &#8211; Foto: reprodu\u00e7\u00e3o<\/p><\/div>\n<p>Segundo o parlamentar, a forma\u00e7\u00e3o do grupo pol\u00edtico pretende fortalecer o projeto da direita no estado e no Nordeste.<\/p>\n<p>\u201cSergipe ser\u00e1 um farol para iluminar o Nordeste e o Brasil. O Nordeste \u00e9 a solu\u00e7\u00e3o para o Brasil e vai ser daqui que vir\u00e1 a vit\u00f3ria do nosso povo\u201d, escreveu.<\/p>\n<p>A postagem tamb\u00e9m traz uma cita\u00e7\u00e3o b\u00edblica do livro de 1 Samuel 17, refor\u00e7ando o tom religioso e pol\u00edtico da mensagem.<\/p>\n<p><strong><em>Acompanhe tamb\u00e9m o SE Not\u00edcias no\u00a0<a href=\"https:\/\/twitter.com\/Senoticias\" target=\"_blank\" rel=\"noreferrer noopener\">Twitter<\/a>,\u00a0<a href=\"https:\/\/www.facebook.com\/senoticias1\" target=\"_blank\" rel=\"noreferrer noopener\">Facebook<\/a>\u00a0e no\u00a0<a href=\"https:\/\/www.instagram.com\/senoticias\/\" target=\"_blank\" rel=\"noreferrer noopener\">Instagram<\/a><\/em><\/strong><\/p>\n<p>Reda\u00e7\u00e3o SE Not\u00edcias<\/p>\n","protected":false},"excerpt":{"rendered":"<p>Na madrugada desta ter\u00e7a-feira, 10, o deputado federal Rodrigo Valadares publicou um v\u00eddeo nas redes sociais ao lado do senador Fl\u00e1vio Bolsonaro e do vice-prefeito de Aracaju, Ricardo Marques. Na grava\u00e7\u00e3o, Valadares afirma que Ricardo Marques ser\u00e1 o pr\u00e9-candidato ao Governo de Sergipe pelo Partido Liberal (PL) nas elei\u00e7\u00f5es de 2026. No mesmo an\u00fancio, o [&hellip;]<\/p>\n","protected":false},"author":6557,"featured_media":151370,"comment_status":"closed","ping_status":"closed","sticky":false,"template":"","format":"standard","meta":{"footnotes":""},"categories":[15,6],"tags":[41598,36996,16696],"class_list":{"0":"post-151369","1":"post","2":"type-post","3":"status-publish","4":"format-standard","5":"has-post-thumbnail","7":"category-destaques","8":"category-politica","9":"tag-eleicoes-2026","10":"tag-pre-candidato-a-governador","11":"tag-ricardo-marques"},"_links":{"self":[{"href":"https:\/\/senoticias.com.br\/se\/wp-json\/wp\/v2\/posts\/151369"}],"collection":[{"href":"https:\/\/senoticias.com.br\/se\/wp-json\/wp\/v2\/posts"}],"about":[{"href":"https:\/\/senoticias.com.br\/se\/wp-json\/wp\/v2\/types\/post"}],"author":[{"embeddable":true,"href":"https:\/\/senoticias.com.br\/se\/wp-json\/wp\/v2\/users\/6557"}],"replies":[{"embeddable":true,"href":"https:\/\/senoticias.com.br\/se\/wp-json\/wp\/v2\/comments?post=151369"}],"version-history":[{"count":0,"href":"https:\/\/senoticias.com.br\/se\/wp-json\/wp\/v2\/posts\/151369\/revisions"}],"wp:featuredmedia":[{"embeddable":true,"href":"https:\/\/senoticias.com.br\/se\/wp-json\/wp\/v2\/media\/151370"}],"wp:attachment":[{"href":"https:\/\/senoticias.com.br\/se\/wp-json\/wp\/v2\/media?parent=151369"}],"wp:term":[{"taxonomy":"category","embeddable":true,"href":"https:\/\/senoticias.com.br\/se\/wp-json\/wp\/v2\/categories?post=151369"},{"taxonomy":"post_tag","embeddable":true,"href":"https:\/\/senoticias.com.br\/se\/wp-json\/wp\/v2\/tags?post=151369"}],"curies":[{"name":"wp","href":"https:\/\/api.w.org\/{rel}","templated":true}]}}