{"id":151362,"date":"2026-03-09T15:00:22","date_gmt":"2026-03-09T18:00:22","guid":{"rendered":"https:\/\/senoticias.com.br\/se\/?p=151362"},"modified":"2026-03-09T16:59:25","modified_gmt":"2026-03-09T19:59:25","slug":"verao-sergipe-chega-a-barra-dos-coqueiros-com-programacao-esportiva-e-abertura-das-inscricoes-para-corrida-de-5-km","status":"publish","type":"post","link":"https:\/\/senoticias.com.br\/se\/verao-sergipe-chega-a-barra-dos-coqueiros-com-programacao-esportiva-e-abertura-das-inscricoes-para-corrida-de-5-km\/","title":{"rendered":"Ver\u00e3o Sergipe chega \u00e0 Barra dos Coqueiros com programa\u00e7\u00e3o esportiva e abertura das inscri\u00e7\u00f5es para corrida de 5 km"},"content":{"rendered":"<p>O Ver\u00e3o Sergipe chega \u00e0 Barra dos Coqueiros neste fim de semana com uma programa\u00e7\u00e3o intensa de atividades esportivas, culturais e de lazer. Promovida pelo Governo de Sergipe, por meio da Secretaria de Estado do Esporte e Lazer de Sergipe (Seel), a etapa tamb\u00e9m marca a abertura das inscri\u00e7\u00f5es para a corrida de 5 km, uma das atra\u00e7\u00f5es mais aguardadas do evento.<\/p>\n<div id=\"attachment_151363\" style=\"width: 609px\" class=\"wp-caption aligncenter\"><a href=\"https:\/\/senoticias.com.br\/se\/wp-content\/uploads\/2026\/03\/0b5f6465-fe29-4760-bd9b-ba764734c28e-e1773079166552.jpeg\"><img loading=\"lazy\" decoding=\"async\" aria-describedby=\"caption-attachment-151363\" class=\"size-full wp-image-151363\" src=\"https:\/\/senoticias.com.br\/se\/wp-content\/uploads\/2026\/03\/0b5f6465-fe29-4760-bd9b-ba764734c28e-e1773079166552.jpeg\" alt=\"\" width=\"599\" height=\"332\" \/><\/a><p id=\"caption-attachment-151363\" class=\"wp-caption-text\">Ver\u00e3o Sergipe chega \u00e0 Barra dos Coqueiros &#8211; Ascom seel<\/p><\/div>\n<p>As inscri\u00e7\u00f5es para a corrida estar\u00e3o dispon\u00edveis a partir desta segunda-feira, 9, pelo site oficial do evento. A prova acontecer\u00e1 no domingo, 15, com concentra\u00e7\u00e3o \u00e0s 6h e largada \u00e0s 7h, tendo como ponto de sa\u00edda e chegada a Arena de Esportes montada no munic\u00edpio.<\/p>\n<p>Al\u00e9m da corrida, a programa\u00e7\u00e3o esportiva inclui atividades como v\u00f4lei de praia, futev\u00f4lei, mesabol, frescobol, skate street, BMX, oficinas esportivas e a\u00e7\u00f5es voltadas \u00e0 inclus\u00e3o, como viv\u00eancia paradesportiva e banho assistido. Tamb\u00e9m haver\u00e1 a terceira etapa do circuito sergipano de surfe, realizada na Praia da Costa.<\/p>\n<p>A programa\u00e7\u00e3o tamb\u00e9m contar\u00e1 com dois momentos especiais voltados ao p\u00fablico feminino e \u00e0 valoriza\u00e7\u00e3o do esporte local. Durante o evento, ser\u00e3o realizados aul\u00f5es de defesa pessoal para mulheres, incentivando autonomia, seguran\u00e7a e pr\u00e1tica esportiva. Al\u00e9m disso, ter\u00e1 apresenta\u00e7\u00e3o das atletas da gin\u00e1stica para encantar o p\u00fablico.<\/p>\n<p>De acordo com a secret\u00e1ria de Estado do Esporte e Lazer, Mariana Dantas, o projeto tem transformado a rotina das cidades por onde passa, estimulando a pr\u00e1tica esportiva e promovendo integra\u00e7\u00e3o social. \u201cO Ver\u00e3o Sergipe j\u00e1 chega \u00e0 reta final e a etapa da Barra dos Coqueiros tem um significado especial. O projeto tem mostrado como o esporte \u00e9 capaz de transformar os espa\u00e7os p\u00fablicos, movimentar a economia local e aproximar as pessoas. Fam\u00edlias inteiras passam a frequentar as arenas esportivas, praticar atividades e viver momentos de lazer e bem-estar\u201d, destacou a secret\u00e1ria.<\/p>\n<p>Ela tamb\u00e9m informa que, inicialmente, esta seria a \u00faltima etapa da temporada, mas houve mudan\u00e7a no calend\u00e1rio. \u201cA Barra dos Coqueiros seria o encerramento do Ver\u00e3o Sergipe, mas como a etapa de Canind\u00e9 de S\u00e3o Francisco precisou ser adiada, ainda teremos mais um momento de celebra\u00e7\u00e3o do esporte no estado. Isso mostra a for\u00e7a do projeto e o interesse da popula\u00e7\u00e3o em participar\u201d, completou Mariana.<\/p>\n<p>Durante o fim de semana, a estrutura montada na orla da Barra dos Coqueiros re\u00fane arenas esportivas, espa\u00e7os para atividades abertas ao p\u00fablico e apresenta\u00e7\u00f5es que incentivam a participa\u00e7\u00e3o de pessoas de todas as idades.<\/p>\n<p>Moradores e visitantes tamb\u00e9m percebem os impactos positivos do evento no dia a dia do munic\u00edpio. Com a programa\u00e7\u00e3o esportiva ocupando praias e espa\u00e7os p\u00fablicos, a rotina da cidade ganha um novo ritmo, com mais movimento nas ruas, presen\u00e7a de atletas e turistas, al\u00e9m de fam\u00edlias reunidas para acompanhar as atividades.<\/p>\n<p>O Ver\u00e3o Sergipe tem como proposta democratizar o acesso ao esporte e ao lazer durante o per\u00edodo de ver\u00e3o, levando programa\u00e7\u00e3o gratuita a diferentes munic\u00edpios sergipanos. A iniciativa refor\u00e7a o compromisso do Governo do Estado em incentivar h\u00e1bitos saud\u00e1veis, valorizar os espa\u00e7os p\u00fablicos e fortalecer o turismo esportivo em Sergipe.<\/p>\n<p>A programa\u00e7\u00e3o completa e as inscri\u00e7\u00f5es para a corrida podem ser acessadas no site oficial do evento.<\/p>\n<p><em><strong>Acompanhe tamb\u00e9m o SE Not\u00edcias no\u00a0<a href=\"https:\/\/www.instagram.com\/senoticias\/\" target=\"_blank\" rel=\"noreferrer noopener\">Instagram<\/a><\/strong>,\u00a0<strong>\u00a0<a href=\"https:\/\/www.facebook.com\/senoticias1\" target=\"_blank\" rel=\"noreferrer noopener\">Facebook<\/a>\u00a0e\u00a0no\u00a0<a href=\"https:\/\/twitter.com\/Senoticias\">X<\/a><\/strong><\/em><\/p>\n<p>Fonte: Ag\u00eancia Sergipe de Not\u00edcias<\/p>\n","protected":false},"excerpt":{"rendered":"<p>O Ver\u00e3o Sergipe chega \u00e0 Barra dos Coqueiros neste fim de semana com uma programa\u00e7\u00e3o intensa de atividades esportivas, culturais e de lazer. Promovida pelo Governo de Sergipe, por meio da Secretaria de Estado do Esporte e Lazer de Sergipe (Seel), a etapa tamb\u00e9m marca a abertura das inscri\u00e7\u00f5es para a corrida de 5 km, [&hellip;]<\/p>\n","protected":false},"author":6557,"featured_media":0,"comment_status":"closed","ping_status":"closed","sticky":false,"template":"","format":"standard","meta":{"footnotes":""},"categories":[15,21],"tags":[4472,40408],"class_list":{"0":"post-151362","1":"post","2":"type-post","3":"status-publish","4":"format-standard","6":"category-destaques","7":"category-entretenimento","8":"tag-corrida","9":"tag-verao-sergipe"},"_links":{"self":[{"href":"https:\/\/senoticias.com.br\/se\/wp-json\/wp\/v2\/posts\/151362"}],"collection":[{"href":"https:\/\/senoticias.com.br\/se\/wp-json\/wp\/v2\/posts"}],"about":[{"href":"https:\/\/senoticias.com.br\/se\/wp-json\/wp\/v2\/types\/post"}],"author":[{"embeddable":true,"href":"https:\/\/senoticias.com.br\/se\/wp-json\/wp\/v2\/users\/6557"}],"replies":[{"embeddable":true,"href":"https:\/\/senoticias.com.br\/se\/wp-json\/wp\/v2\/comments?post=151362"}],"version-history":[{"count":0,"href":"https:\/\/senoticias.com.br\/se\/wp-json\/wp\/v2\/posts\/151362\/revisions"}],"wp:attachment":[{"href":"https:\/\/senoticias.com.br\/se\/wp-json\/wp\/v2\/media?parent=151362"}],"wp:term":[{"taxonomy":"category","embeddable":true,"href":"https:\/\/senoticias.com.br\/se\/wp-json\/wp\/v2\/categories?post=151362"},{"taxonomy":"post_tag","embeddable":true,"href":"https:\/\/senoticias.com.br\/se\/wp-json\/wp\/v2\/tags?post=151362"}],"curies":[{"name":"wp","href":"https:\/\/api.w.org\/{rel}","templated":true}]}}