{"id":151005,"date":"2026-02-01T10:54:38","date_gmt":"2026-02-01T13:54:38","guid":{"rendered":"https:\/\/senoticias.com.br\/se\/?p=151005"},"modified":"2026-02-01T10:54:38","modified_gmt":"2026-02-01T13:54:38","slug":"guarda-civil-de-sao-cristovao-reforca-atuacao-preventiva-em-campanha-contra-embriaguez-ao-volante-em-sergipe","status":"publish","type":"post","link":"https:\/\/senoticias.com.br\/se\/guarda-civil-de-sao-cristovao-reforca-atuacao-preventiva-em-campanha-contra-embriaguez-ao-volante-em-sergipe\/","title":{"rendered":"Guarda Civil de S\u00e3o Crist\u00f3v\u00e3o refor\u00e7a atua\u00e7\u00e3o preventiva em campanha contra embriaguez ao volante em Sergipe"},"content":{"rendered":"<p>A Guarda Civil Municipal de S\u00e3o Crist\u00f3v\u00e3o (GCM\/SC) participou, na sexta-feira, 30, da Campanha Nacional Integrada de Fiscaliza\u00e7\u00e3o de Alcoolemia, a\u00e7\u00e3o realizada em todo o pa\u00eds de forma conjunta entre diversos \u00f3rg\u00e3os de seguran\u00e7a. A iniciativa contou com a parceria da Pol\u00edcia Rodovi\u00e1ria Federal (PRF) e do Batalh\u00e3o de Pol\u00edcia Rodovi\u00e1ria Estadual (BPRv) e teve como foco principal a preven\u00e7\u00e3o e o combate \u00e0 condu\u00e7\u00e3o de ve\u00edculos sob efeito de \u00e1lcool.<\/p>\n<p>A fiscaliza\u00e7\u00e3o ocorreu na Delegacia da PRF, no km 101 da BR-101, em S\u00e3o Crist\u00f3v\u00e3o. Durante a opera\u00e7\u00e3o, o <strong>comandante da Guarda Civil Municipal, Ademir Pantale\u00e3o<\/strong>, destacou os resultados positivos da atua\u00e7\u00e3o integrada, ressaltando o papel preventivo da Guarda na promo\u00e7\u00e3o da seguran\u00e7a vi\u00e1ria.<\/p>\n<p>\u201cEssa opera\u00e7\u00e3o conjunta \u00e9 fundamental porque amplia o combate a condutores que insistem em colocar a vida de terceiros em risco. A Guarda atua rotineiramente na Rodovia Jo\u00e3o Bebe \u00c1gua, em parceria com a Pol\u00edcia Militar, n\u00e3o apenas em a\u00e7\u00f5es pontuais, mas de forma cont\u00ednua e preventiva. Essas a\u00e7\u00f5es v\u00e3o continuar\u201d, afirmou.<\/p>\n<p>Ao <em><strong>SE Not\u00edcias<\/strong><\/em>, Ademir explicou que agentes da Guarda Municipal est\u00e3o distribu\u00eddos em pontos estrat\u00e9gicos do munic\u00edpio para garantir a efic\u00e1cia das a\u00e7\u00f5es. \u201cSeguimos com efetivo tamb\u00e9m na Rodovia Jo\u00e3o Bebe \u00c1gua, atuando de forma integrada com a PM e a PRF, especialmente durante essa opera\u00e7\u00e3o especial, refor\u00e7ando a presen\u00e7a preventiva nas vias\u201d, destacou.<\/p>\n<div id=\"attachment_151006\" style=\"width: 607px\" class=\"wp-caption aligncenter\"><a href=\"https:\/\/senoticias.com.br\/se\/wp-content\/uploads\/2026\/02\/PRF-e-Guarda-Municipal-SE-Noticias.jpeg\"><img loading=\"lazy\" decoding=\"async\" aria-describedby=\"caption-attachment-151006\" class=\"size-full wp-image-151006\" src=\"https:\/\/senoticias.com.br\/se\/wp-content\/uploads\/2026\/02\/PRF-e-Guarda-Municipal-SE-Noticias.jpeg\" alt=\"\" width=\"597\" height=\"448\" srcset=\"https:\/\/senoticias.com.br\/se\/wp-content\/uploads\/2026\/02\/PRF-e-Guarda-Municipal-SE-Noticias.jpeg 597w, https:\/\/senoticias.com.br\/se\/wp-content\/uploads\/2026\/02\/PRF-e-Guarda-Municipal-SE-Noticias-300x225.jpeg 300w, https:\/\/senoticias.com.br\/se\/wp-content\/uploads\/2026\/02\/PRF-e-Guarda-Municipal-SE-Noticias-45x35.jpeg 45w\" sizes=\"(max-width: 597px) 100vw, 597px\" \/><\/a><p id=\"caption-attachment-151006\" class=\"wp-caption-text\"><br \/>A expectativa da Guarda Municipal \u00e9 que, com a\u00e7\u00f5es como essa, os acidentes nas rodovias do munic\u00edpio sejam reduzidos. Foto: Ascom\/PRF\/SE<\/p><\/div>\n<p>Apesar de n\u00e3o terem sido registradas autua\u00e7\u00f5es por alcoolemia at\u00e9 aquele momento, outras irregularidades foram identificadas. \u201cHouve a reten\u00e7\u00e3o de um ve\u00edculo com documenta\u00e7\u00e3o atrasada. A opera\u00e7\u00e3o tamb\u00e9m tem esse papel preventivo, de orientar e fiscalizar para garantir a seguran\u00e7a de todos\u201d, concluiu o comandante.<\/p>\n<p>A import\u00e2ncia da mobiliza\u00e7\u00e3o tamb\u00e9m foi destacada pelo <strong>chefe substituto da Se\u00e7\u00e3o de Opera\u00e7\u00f5es da PRF em Sergipe, Adriano Canuto<\/strong>. \u201cA intensifica\u00e7\u00e3o da fiscaliza\u00e7\u00e3o e a atua\u00e7\u00e3o integrada das for\u00e7as de seguran\u00e7a refor\u00e7am a mensagem de intoler\u00e2ncia \u00e0 combina\u00e7\u00e3o \u00e1lcool e dire\u00e7\u00e3o, contribuindo diretamente para a preserva\u00e7\u00e3o de vidas\u201d, afirmou.<\/p>\n<p>De acordo com o <strong>chefe da Delegacia da PRF em S\u00e3o Crist\u00f3v\u00e3o, Aldo Alves<\/strong>, a opera\u00e7\u00e3o teve in\u00edcio ainda durante o dia e segue sem hor\u00e1rio definido para encerramento. \u201cEstamos intensificando a fiscaliza\u00e7\u00e3o para combater condutores que, mesmo cientes de que \u00e9 crime, insistem em dirigir ap\u00f3s consumir bebida alco\u00f3lica\u201d, pontuou.<\/p>\n<p>A a\u00e7\u00e3o tamb\u00e9m possui car\u00e1ter educativo. \u201cMesmo quando o teste de alcoolemia d\u00e1 negativo, o objetivo \u00e9 conscientizar. Orientamos sobre a import\u00e2ncia de escolher um motorista da vez, utilizar transporte por aplicativo ou t\u00e1xi, garantindo uma volta segura para casa\u201d, explicou.<\/p>\n<p>A Guarda Civil Municipal de S\u00e3o Crist\u00f3v\u00e3o foi implantada na <strong>gest\u00e3o do ex-prefeito Marcos Santana e segue recebendo total apoio na administra\u00e7\u00e3o do atual prefeito J\u00falio Nascimento<\/strong>. Atualmente, a GCM\/SC desenvolve um trabalho cont\u00ednuo e preventivo de conscientiza\u00e7\u00e3o dos condutores em todo o munic\u00edpio, refor\u00e7ando seu compromisso com a seguran\u00e7a no tr\u00e2nsito e a preserva\u00e7\u00e3o de vidas.<\/p>\n<p><strong><em>Acompanhe tamb\u00e9m o SE Not\u00edcias no\u00a0<a href=\"https:\/\/twitter.com\/Senoticias\" target=\"_blank\" rel=\"noreferrer noopener\">Twitter<\/a>,\u00a0<a href=\"https:\/\/www.facebook.com\/senoticias1\" target=\"_blank\" rel=\"noreferrer noopener\">Facebook<\/a>\u00a0e no\u00a0<a href=\"https:\/\/www.instagram.com\/senoticias\/\" target=\"_blank\" rel=\"noreferrer noopener\">Instagram<\/a><\/em><\/strong><\/p>\n<p>Reda\u00e7\u00e3o, com informa\u00e7\u00f5es da PRF\/SE<\/p>\n","protected":false},"excerpt":{"rendered":"<p>A Guarda Civil Municipal de S\u00e3o Crist\u00f3v\u00e3o (GCM\/SC) participou, na sexta-feira, 30, da Campanha Nacional Integrada de Fiscaliza\u00e7\u00e3o de Alcoolemia, a\u00e7\u00e3o realizada em todo o pa\u00eds de forma conjunta entre diversos \u00f3rg\u00e3os de seguran\u00e7a. A iniciativa contou com a parceria da Pol\u00edcia Rodovi\u00e1ria Federal (PRF) e do Batalh\u00e3o de Pol\u00edcia Rodovi\u00e1ria Estadual (BPRv) e teve [&hellip;]<\/p>\n","protected":false},"author":6557,"featured_media":151006,"comment_status":"closed","ping_status":"closed","sticky":false,"template":"","format":"standard","meta":{"footnotes":""},"categories":[15,38],"tags":[],"class_list":{"0":"post-151005","1":"post","2":"type-post","3":"status-publish","4":"format-standard","5":"has-post-thumbnail","7":"category-destaques","8":"category-municipios"},"_links":{"self":[{"href":"https:\/\/senoticias.com.br\/se\/wp-json\/wp\/v2\/posts\/151005"}],"collection":[{"href":"https:\/\/senoticias.com.br\/se\/wp-json\/wp\/v2\/posts"}],"about":[{"href":"https:\/\/senoticias.com.br\/se\/wp-json\/wp\/v2\/types\/post"}],"author":[{"embeddable":true,"href":"https:\/\/senoticias.com.br\/se\/wp-json\/wp\/v2\/users\/6557"}],"replies":[{"embeddable":true,"href":"https:\/\/senoticias.com.br\/se\/wp-json\/wp\/v2\/comments?post=151005"}],"version-history":[{"count":0,"href":"https:\/\/senoticias.com.br\/se\/wp-json\/wp\/v2\/posts\/151005\/revisions"}],"wp:featuredmedia":[{"embeddable":true,"href":"https:\/\/senoticias.com.br\/se\/wp-json\/wp\/v2\/media\/151006"}],"wp:attachment":[{"href":"https:\/\/senoticias.com.br\/se\/wp-json\/wp\/v2\/media?parent=151005"}],"wp:term":[{"taxonomy":"category","embeddable":true,"href":"https:\/\/senoticias.com.br\/se\/wp-json\/wp\/v2\/categories?post=151005"},{"taxonomy":"post_tag","embeddable":true,"href":"https:\/\/senoticias.com.br\/se\/wp-json\/wp\/v2\/tags?post=151005"}],"curies":[{"name":"wp","href":"https:\/\/api.w.org\/{rel}","templated":true}]}}