{"id":150990,"date":"2026-01-30T16:36:41","date_gmt":"2026-01-30T19:36:41","guid":{"rendered":"https:\/\/senoticias.com.br\/se\/?p=150990"},"modified":"2026-01-30T16:45:33","modified_gmt":"2026-01-30T19:45:33","slug":"verao-sergipe-2026-consolida-o-estado-como-destino-seguro-para-investimentos-na-cadeia-turistica","status":"publish","type":"post","link":"https:\/\/senoticias.com.br\/se\/verao-sergipe-2026-consolida-o-estado-como-destino-seguro-para-investimentos-na-cadeia-turistica\/","title":{"rendered":"Ver\u00e3o Sergipe 2026 consolida o estado como destino seguro para investimentos na cadeia tur\u00edstica"},"content":{"rendered":"<p>Mais uma edi\u00e7\u00e3o do Ver\u00e3o Sergipe vai come\u00e7ar nesta sexta-feira, 30. Os destinos consolidados como Pirambu, Praia da Caueira (Itaporanga d\u2019Ajuda), Ponta dos Mangues (Pacatuba), Praia do Aba\u00eds (Est\u00e2ncia), Canind\u00e9 de S\u00e3o Francisco e Barra dos Coqueiros est\u00e3o com as suas programa\u00e7\u00f5es garantidas, assim como a capital Aracaju. Al\u00e9m de um momento de festa, o <strong>Ver\u00e3o Sergipe<\/strong> tem firmado seu prop\u00f3sito de ser chamariz para turistas e grandes eventos, por meio de investimentos em infraestrutura e valoriza\u00e7\u00e3o do com\u00e9rcio e cultura locais, al\u00e9m das atra\u00e7\u00f5es art\u00edsticas aguardadas.<\/p>\n<p>O atual momento de crescimento econ\u00f4mico de Sergipe em todos os setores \u00e9 apontado como consequ\u00eancia dos investimentos do Estado, como no turismo, por meio da negocia\u00e7\u00e3o com as companhias a\u00e9reas para atra\u00e7\u00e3o de novos voos, e da divulga\u00e7\u00e3o do estado em feiras nacionais e internacionais.<\/p>\n<p>Os investimentos se converteram no aumento do fluxo de turistas, dando margem ao atendimento de outra demanda frequentemente solicitada: a recep\u00e7\u00e3o adequada desses visitantes, como destacou o secret\u00e1rio de Estado do Trabalho, Emprego e Empreendedorismo (Seteem), Jorge Teles. \u201cSe, hoje, ostentar a menor taxa de desemprego da nossa hist\u00f3ria \u00e9 motivo de orgulho, por outro lado, temos o desafio de contratar novos profissionais adequados especificamente para essa cadeia do turismo. Temos trabalhado muito com foco na forma\u00e7\u00e3o de profissionais de acordo com essa demanda que o Governo do Estado est\u00e1 fomentando\u201d, declarou.<\/p>\n<div id=\"attachment_150991\" style=\"width: 605px\" class=\"wp-caption aligncenter\"><a href=\"https:\/\/senoticias.com.br\/se\/wp-content\/uploads\/2026\/01\/Verao-Sergipe-Se-Noticias.jpg\"><img loading=\"lazy\" decoding=\"async\" aria-describedby=\"caption-attachment-150991\" class=\"size-full wp-image-150991\" src=\"https:\/\/senoticias.com.br\/se\/wp-content\/uploads\/2026\/01\/Verao-Sergipe-Se-Noticias.jpg\" alt=\"\" width=\"595\" height=\"336\" srcset=\"https:\/\/senoticias.com.br\/se\/wp-content\/uploads\/2026\/01\/Verao-Sergipe-Se-Noticias.jpg 595w, https:\/\/senoticias.com.br\/se\/wp-content\/uploads\/2026\/01\/Verao-Sergipe-Se-Noticias-300x169.jpg 300w\" sizes=\"(max-width: 595px) 100vw, 595px\" \/><\/a><p id=\"caption-attachment-150991\" class=\"wp-caption-text\">Ver\u00e3o Sergipe vai come\u00e7ar nesta sexta-feira, 30 &#8211; Foto Arthuro Paganini\/ASN<\/p><\/div>\n<p>De acordo com o gestor, a Seteem tem atuado com programas como o Primeiro Emprego (PPE) e o Qualifica Sergipe nos munic\u00edpios que recebem o Ver\u00e3o Sergipe, entre outros, a fim de qualificar essa m\u00e3o-de-obra para a culin\u00e1ria, atendimento em bares, restaurantes, hospedagens, e demais necessidades do trade tur\u00edstico.<\/p>\n<p>Outro movimento viabilizado pelo Ver\u00e3o Sergipe \u00e9 a potencializa\u00e7\u00e3o do trabalho do empreendedor local, que aproveita para vender seu talento, utilizando insumos e cultura locais. Para isso, o governo tem investido na estrutura\u00e7\u00e3o de espa\u00e7os econ\u00f4micos e qualifica\u00e7\u00e3o do artes\u00e3o. \u201cO Governo de Sergipe, por meio da Seteem, capta e qualifica a m\u00e3o-de-obra e d\u00e1 o espa\u00e7o tamb\u00e9m para esses trabalhadores nos eventos. Com o fluxo de turistas aumentado, o empreendedor precisa de contrata\u00e7\u00f5es tempor\u00e1rias e permanentes de qualidade\u201d, acrescentou o secret\u00e1rio Teles, evidenciando que no Programa Primeiro Emprego (PPE) h\u00e1 um segmento espec\u00edfico para o turismo, com foco em bares e restaurantes, com cursos para gar\u00e7om, barman e cumim (auxiliar de barman). \u201cO empres\u00e1rio estava com dificuldade de achar m\u00e3o-de-obra qualificada para essas contrata\u00e7\u00f5es\u201d, concluiu Teles.<\/p>\n<p><strong>Destino Sergipe<\/strong><\/p>\n<p>Segundo a secret\u00e1ria de Estado do Turismo (Setur), Daniela Mesquita, com o Ver\u00e3o Sergipe j\u00e1 previsto no calend\u00e1rio de eventos do estado, \u00e9 poss\u00edvel a Secretaria de Estado do Turismo (Setur) realizar o trabalho de divulga\u00e7\u00e3o pelo pa\u00eds durante o ano. \u201cQuando o turista vai para Sergipe nos meses de janeiro, fevereiro e mar\u00e7o ele j\u00e1 sabe que vai ter o Ver\u00e3o Sergipe. O evento movimenta toda a economia de bares, restaurantes, hot\u00e9is, todos os 50 segmentos do turismo, fora os empregos indiretos para a ocasi\u00e3o\u201d, frisou.<\/p>\n<p>De acordo com a gestora, este \u00e9 o melhor momento do turismo em Sergipe, resultado dos investimentos de 2023 a 2025. \u201cO percentual do Ver\u00e3o Sergipe do ano passado contou com um aumento de mais de 20% na rede hoteleira. Recentemente, houve o recorde no aeroporto, divulgado este m\u00eas de janeiro. Mais de 1,3 milh\u00e3o passageiros desembarcaram em Aracaju, percentual 8% maior que em 2025. A movimenta\u00e7\u00e3o na Orla da Atalaia, nos bares e restaurantes e a inaugura\u00e7\u00e3o de novos empreendimentos s\u00e3o fruto desses investimentos. No S\u00e3o Jo\u00e3o, por exemplo, a arrecada\u00e7\u00e3o do primeiro semestre de 2025 foi de R$ 358 milh\u00f5es\u201d.<\/p>\n<p>A secret\u00e1ria lembrou, tamb\u00e9m, que, nos \u00faltimos tr\u00eas anos de Ver\u00e3o Sergipe, as cidades que receberam o evento se desenvolveram. Muitas contam com infraestrutura melhor, com\u00e9rcio pujante e m\u00e3o-de-obra qualificada. \u00c0 Setur cabe o papel de divulgar o destino Sergipe nas principais ag\u00eancias e operadoras do pa\u00eds, utilizando o Ver\u00e3o Sergipe como um dos cart\u00f5es de visitas do estado. \u201cO turista que busca Sergipe sabe os finais de semana que tem \u2018Ver\u00e3o\u2019 e vem a Sergipe nessa inten\u00e7\u00e3o\u201d, completou.<\/p>\n<p>Conforme destacou o presidente da Sergipe-Associa\u00e7\u00e3o Brasileira das Ag\u00eancias de Viagens (ABAV), Thiago Moura, as ag\u00eancias ampliaram parcerias, ajustaram seus portf\u00f3lios e refor\u00e7aram equipes para atender \u00e0 maior demanda. \u201cHouve investimento em capacita\u00e7\u00e3o, novos roteiros e experi\u00eancias locais. O objetivo \u00e9 oferecer produtos mais completos e qualificados ao turista\u201d, ressaltou.<\/p>\n<p><strong>Boa reputa\u00e7\u00e3o<\/strong><\/p>\n<p>Para a presidente do Sergipe Destination, Rafaella Mamede, o Ver\u00e3o Sergipe, al\u00e9m de ser uma festa de grande magnitude, deixa um legado ao mostrar a capacidade operacional do Governo de Sergipe de promover e organizar grandes eventos. Segundo ela, isso mostra ao investidor que o estado \u00e9 seguro, capaz de receber pessoas, o que contribui para aumentar a reputa\u00e7\u00e3o de Sergipe. \u201cTanto turistas, quanto organizadores que tomam a decis\u00e3o de assumir um risco, digamos assim, de levar milhares de pessoas para um determinado destino, sabem que est\u00e3o indo para um lugar que tem um estado com capacidade de realiza\u00e7\u00e3o, estrutura organizacional e que entende da realiza\u00e7\u00e3o de eventos. Isso gera mais seguran\u00e7a por aumentar a reputa\u00e7\u00e3o do destino Sergipe\u201d, detalhou.<\/p>\n<p>Ela ainda ressaltou a efici\u00eancia do planejamento do governo, ao promover Sergipe como destino para turismo de neg\u00f3cios, que n\u00e3o considerou apenas o turista individual, como o congressista, mas, tamb\u00e9m, os tomadores de decis\u00e3o de associa\u00e7\u00f5es e entidades de classe, que influenciam a escolha do destino. O processo de capta\u00e7\u00e3o desses eventos, muitas vezes em parceria com o governo estadual, pode levar de dois a quatro anos, o que revela a complexidade e o longo prazo envolvidos no evento Ver\u00e3o Sergipe. \u201cAo captar eventos, \u00e9 fundamental demonstrar que o estado \u00e9 seguro, com capacidade de realizar grandes encontros. O Ver\u00e3o Sergipe funciona como um cart\u00e3o de visitas para atrair o turismo de neg\u00f3cios, ou seja, \u00e9 maior que a coincid\u00eancia de datas, pois o Ver\u00e3o Sergipe transmite uma imagem positiva do destino e o mercado percebe. Gera, portanto, um legado\u201d, concluiu.<\/p>\n<p><strong><em>Acompanhe tamb\u00e9m o SE Not\u00edcias no\u00a0<a href=\"https:\/\/twitter.com\/Senoticias\" target=\"_blank\" rel=\"noreferrer noopener\">Twitter<\/a>,\u00a0<a href=\"https:\/\/www.facebook.com\/senoticias1\" target=\"_blank\" rel=\"noreferrer noopener\">Facebook<\/a>\u00a0e no\u00a0<a href=\"https:\/\/www.instagram.com\/senoticias\/\" target=\"_blank\" rel=\"noreferrer noopener\">Instagram<\/a><\/em><\/strong><\/p>\n<p>Secretaria de Estado da Comunica\u00e7\u00e3o Social<br \/>\nGoverno de Sergipe<\/p>\n","protected":false},"excerpt":{"rendered":"<p>Mais uma edi\u00e7\u00e3o do Ver\u00e3o Sergipe vai come\u00e7ar nesta sexta-feira, 30. Os destinos consolidados como Pirambu, Praia da Caueira (Itaporanga d\u2019Ajuda), Ponta dos Mangues (Pacatuba), Praia do Aba\u00eds (Est\u00e2ncia), Canind\u00e9 de S\u00e3o Francisco e Barra dos Coqueiros est\u00e3o com as suas programa\u00e7\u00f5es garantidas, assim como a capital Aracaju. Al\u00e9m de um momento de festa, o [&hellip;]<\/p>\n","protected":false},"author":6557,"featured_media":150991,"comment_status":"closed","ping_status":"closed","sticky":false,"template":"","format":"standard","meta":{"footnotes":""},"categories":[15,6,1],"tags":[],"class_list":{"0":"post-150990","1":"post","2":"type-post","3":"status-publish","4":"format-standard","5":"has-post-thumbnail","7":"category-destaques","8":"category-politica","9":"category-sem-categoria"},"_links":{"self":[{"href":"https:\/\/senoticias.com.br\/se\/wp-json\/wp\/v2\/posts\/150990"}],"collection":[{"href":"https:\/\/senoticias.com.br\/se\/wp-json\/wp\/v2\/posts"}],"about":[{"href":"https:\/\/senoticias.com.br\/se\/wp-json\/wp\/v2\/types\/post"}],"author":[{"embeddable":true,"href":"https:\/\/senoticias.com.br\/se\/wp-json\/wp\/v2\/users\/6557"}],"replies":[{"embeddable":true,"href":"https:\/\/senoticias.com.br\/se\/wp-json\/wp\/v2\/comments?post=150990"}],"version-history":[{"count":0,"href":"https:\/\/senoticias.com.br\/se\/wp-json\/wp\/v2\/posts\/150990\/revisions"}],"wp:featuredmedia":[{"embeddable":true,"href":"https:\/\/senoticias.com.br\/se\/wp-json\/wp\/v2\/media\/150991"}],"wp:attachment":[{"href":"https:\/\/senoticias.com.br\/se\/wp-json\/wp\/v2\/media?parent=150990"}],"wp:term":[{"taxonomy":"category","embeddable":true,"href":"https:\/\/senoticias.com.br\/se\/wp-json\/wp\/v2\/categories?post=150990"},{"taxonomy":"post_tag","embeddable":true,"href":"https:\/\/senoticias.com.br\/se\/wp-json\/wp\/v2\/tags?post=150990"}],"curies":[{"name":"wp","href":"https:\/\/api.w.org\/{rel}","templated":true}]}}