{"id":150984,"date":"2026-01-30T15:14:33","date_gmt":"2026-01-30T18:14:33","guid":{"rendered":"https:\/\/senoticias.com.br\/se\/?p=150984"},"modified":"2026-01-30T16:12:59","modified_gmt":"2026-01-30T19:12:59","slug":"pc-cumpre-mandado-de-prisao-preventiva-contra-homem-por-matar-cachorro-na-barra-dos-coqueiros","status":"publish","type":"post","link":"https:\/\/senoticias.com.br\/se\/pc-cumpre-mandado-de-prisao-preventiva-contra-homem-por-matar-cachorro-na-barra-dos-coqueiros\/","title":{"rendered":"Pol\u00edcia Civil cumpre mandado de pris\u00e3o preventiva contra homem por matar cachorro na Barra dos Coqueiros"},"content":{"rendered":"<div id=\"attachment_150989\" style=\"width: 343px\" class=\"wp-caption alignleft\"><a href=\"https:\/\/senoticias.com.br\/se\/wp-content\/uploads\/2026\/01\/Cao-Zico-Barra-dos-Coqueiros.png\"><img loading=\"lazy\" decoding=\"async\" aria-describedby=\"caption-attachment-150989\" class=\"size-full wp-image-150989\" src=\"https:\/\/senoticias.com.br\/se\/wp-content\/uploads\/2026\/01\/Cao-Zico-Barra-dos-Coqueiros.png\" alt=\"\" width=\"333\" height=\"266\" srcset=\"https:\/\/senoticias.com.br\/se\/wp-content\/uploads\/2026\/01\/Cao-Zico-Barra-dos-Coqueiros.png 333w, https:\/\/senoticias.com.br\/se\/wp-content\/uploads\/2026\/01\/Cao-Zico-Barra-dos-Coqueiros-300x240.png 300w, https:\/\/senoticias.com.br\/se\/wp-content\/uploads\/2026\/01\/Cao-Zico-Barra-dos-Coqueiros-45x35.png 45w\" sizes=\"(max-width: 333px) 100vw, 333px\" \/><\/a><p id=\"caption-attachment-150989\" class=\"wp-caption-text\">As imagens, registradas por c\u00e2meras de seguran\u00e7a da regi\u00e3o, s\u00e3o fortes e reveladoras &#8211; Foto: redes sociais<\/p><\/div>\n<p>A Pol\u00edcia Civil de Sergipe, por meio da Delegacia de Prote\u00e7\u00e3o Animal e Meio Ambiente (Depama), cumpriu, nesta sexta-feira, 30, um mandado de pris\u00e3o preventiva contra o homem investigado por matar um cachorro, conhecido como c\u00e3o Zico, no bairro Atalaia Nova, no munic\u00edpio da Barra dos Coqueiros, com golpes de fac\u00e3o.<\/p>\n<p>O investigado se apresentou espontaneamente \u00e0 unidade policial, onde foi dado cumprimento \u00e0 ordem judicial solicitada pela Depama na quinta-feira, 29, ap\u00f3s o registro do crime.<\/p>\n<p>De acordo com as investiga\u00e7\u00f5es, o fato ocorreu nas imedia\u00e7\u00f5es da Pra\u00e7a da Igreja, quando o homem, portando uma arma branca, atingiu o cachorro com um golpe na regi\u00e3o da cabe\u00e7a. O animal, conhecido pela comunidade como \u201cChico\u201d, tinha cerca de 15 anos, era d\u00f3cil, apresentava limita\u00e7\u00f5es f\u00edsicas em raz\u00e3o da idade e n\u00e3o resistiu aos ferimentos.<\/p>\n<p>Testemunhas relataram que o suspeito j\u00e1 era conhecido na localidade por circular frequentemente armado com objetos perfurocortantes ou contundentes, alegando utiliz\u00e1-los para se defender de animais, embora os c\u00e3es da regi\u00e3o nunca tenham apresentado comportamento agressivo.<\/p>\n<p>As investiga\u00e7\u00f5es seguem em andamento, com an\u00e1lise de imagens de c\u00e2meras de seguran\u00e7a e oitiva de testemunhas, visando a completa elucida\u00e7\u00e3o do caso e a responsabiliza\u00e7\u00e3o do autor conforme a legisla\u00e7\u00e3o vigente.<\/p>\n<p><strong><em>Acompanhe tamb\u00e9m o SE Not\u00edcias no\u00a0<a href=\"https:\/\/twitter.com\/Senoticias\" target=\"_blank\" rel=\"noreferrer noopener\">Twitter<\/a>,\u00a0<a href=\"https:\/\/www.facebook.com\/senoticias1\" target=\"_blank\" rel=\"noreferrer noopener\">Facebook<\/a>\u00a0e no\u00a0<a href=\"https:\/\/www.instagram.com\/senoticias\/\" target=\"_blank\" rel=\"noreferrer noopener\">Instagram<\/a><br \/>\n<\/em><\/strong><br \/>\nReda\u00e7\u00e3o, com informa\u00e7\u00f5es da SSP\/SE<\/p>\n","protected":false},"excerpt":{"rendered":"<p>A Pol\u00edcia Civil de Sergipe, por meio da Delegacia de Prote\u00e7\u00e3o Animal e Meio Ambiente (Depama), cumpriu, nesta sexta-feira, 30, um mandado de pris\u00e3o preventiva contra o homem investigado por matar um cachorro, conhecido como c\u00e3o Zico, no bairro Atalaia Nova, no munic\u00edpio da Barra dos Coqueiros, com golpes de fac\u00e3o. O investigado se apresentou [&hellip;]<\/p>\n","protected":false},"author":6557,"featured_media":150989,"comment_status":"closed","ping_status":"closed","sticky":false,"template":"","format":"standard","meta":{"footnotes":""},"categories":[15,7],"tags":[44650,44649],"class_list":{"0":"post-150984","1":"post","2":"type-post","3":"status-publish","4":"format-standard","5":"has-post-thumbnail","7":"category-destaques","8":"category-policia","9":"tag-assassinato-de-cachorro","10":"tag-cachorro-chico"},"_links":{"self":[{"href":"https:\/\/senoticias.com.br\/se\/wp-json\/wp\/v2\/posts\/150984"}],"collection":[{"href":"https:\/\/senoticias.com.br\/se\/wp-json\/wp\/v2\/posts"}],"about":[{"href":"https:\/\/senoticias.com.br\/se\/wp-json\/wp\/v2\/types\/post"}],"author":[{"embeddable":true,"href":"https:\/\/senoticias.com.br\/se\/wp-json\/wp\/v2\/users\/6557"}],"replies":[{"embeddable":true,"href":"https:\/\/senoticias.com.br\/se\/wp-json\/wp\/v2\/comments?post=150984"}],"version-history":[{"count":0,"href":"https:\/\/senoticias.com.br\/se\/wp-json\/wp\/v2\/posts\/150984\/revisions"}],"wp:featuredmedia":[{"embeddable":true,"href":"https:\/\/senoticias.com.br\/se\/wp-json\/wp\/v2\/media\/150989"}],"wp:attachment":[{"href":"https:\/\/senoticias.com.br\/se\/wp-json\/wp\/v2\/media?parent=150984"}],"wp:term":[{"taxonomy":"category","embeddable":true,"href":"https:\/\/senoticias.com.br\/se\/wp-json\/wp\/v2\/categories?post=150984"},{"taxonomy":"post_tag","embeddable":true,"href":"https:\/\/senoticias.com.br\/se\/wp-json\/wp\/v2\/tags?post=150984"}],"curies":[{"name":"wp","href":"https:\/\/api.w.org\/{rel}","templated":true}]}}