{"id":150982,"date":"2026-01-30T15:09:09","date_gmt":"2026-01-30T18:09:09","guid":{"rendered":"https:\/\/senoticias.com.br\/se\/?p=150982"},"modified":"2026-01-30T16:52:08","modified_gmt":"2026-01-30T19:52:08","slug":"detran-sergipe-moderniza-cnh-e-exame-pratico-passa-a-ser-realizado-sem-baliza","status":"publish","type":"post","link":"https:\/\/senoticias.com.br\/se\/detran-sergipe-moderniza-cnh-e-exame-pratico-passa-a-ser-realizado-sem-baliza\/","title":{"rendered":"Detran Sergipe moderniza CNH e exame pr\u00e1tico passa a ser realizado sem baliza"},"content":{"rendered":"<p>O processo de obten\u00e7\u00e3o da Carteira Nacional de Habilita\u00e7\u00e3o (CNH) em Sergipe passa por importante atualiza\u00e7\u00e3o a partir desta sexta-feira,30. O Departamento Estadual de Tr\u00e2nsito de Sergipe (Detran\/SE) inicia um novo formato no exame pr\u00e1tico de dire\u00e7\u00e3o veicular, adotando a a Resolu\u00e7\u00e3o n\u00ba 1.020, do Conselho Nacional de Tr\u00e2nsito (Contran), que estabelece a cria\u00e7\u00e3o do Manual Brasileiro de Exames de Dire\u00e7\u00e3o Veicular. At\u00e9 a publica\u00e7\u00e3o do manual, os estados podem definir os trajetos e procedimentos pr\u00f3prios para o processo de aquisi\u00e7\u00e3o da CNH.<\/p>\n<div id=\"attachment_150983\" style=\"width: 609px\" class=\"wp-caption aligncenter\"><a href=\"https:\/\/senoticias.com.br\/se\/wp-content\/uploads\/2026\/01\/3522f534-086a-4177-aff3-5951d6bf0550-e1769796505556.jpeg\"><img loading=\"lazy\" decoding=\"async\" aria-describedby=\"caption-attachment-150983\" class=\"size-full wp-image-150983\" src=\"https:\/\/senoticias.com.br\/se\/wp-content\/uploads\/2026\/01\/3522f534-086a-4177-aff3-5951d6bf0550-e1769796505556.jpeg\" alt=\"\" width=\"599\" height=\"332\" \/><\/a><p id=\"caption-attachment-150983\" class=\"wp-caption-text\">Detran inicia um novo formato no exame pr\u00e1tico de dire\u00e7\u00e3o veicular &#8211; Foto: Ascom\/Detran<\/p><\/div>\n<p>Com a mudan\u00e7a, passa a ser retirada definitivamente a etapa de baliza do exame pr\u00e1tico e altera o percurso da prova, ampliando a realiza\u00e7\u00e3o de convers\u00f5es \u00e0 direita e \u00e0 esquerda, o uso correto da sinaliza\u00e7\u00e3o, o procedimento de parada em local permitido, al\u00e9m da condu\u00e7\u00e3o segura e respons\u00e1vel em condi\u00e7\u00f5es normais de tr\u00e2nsito.<\/p>\n<p><strong>CNH Sergipana<\/strong><\/p>\n<p>As atualiza\u00e7\u00f5es fazem parte de um conjunto de medidas voltadas \u00e0 moderniza\u00e7\u00e3o do processo de habilita\u00e7\u00e3o, \u00e0 redu\u00e7\u00e3o de custos e \u00e0 melhoria da experi\u00eancia do cidad\u00e3o. As novas orienta\u00e7\u00f5es devem ser observadas por todas as comiss\u00f5es examinadoras do estado, garantindo padroniza\u00e7\u00e3o, seguran\u00e7a e a correta aplica\u00e7\u00e3o do exame pr\u00e1tico em Sergipe.<\/p>\n<p><strong><em>Acompanhe tamb\u00e9m o SE Not\u00edcias no\u00a0<a href=\"https:\/\/twitter.com\/Senoticias\" target=\"_blank\" rel=\"noreferrer noopener\">Twitter<\/a>,\u00a0<a href=\"https:\/\/www.facebook.com\/senoticias1\" target=\"_blank\" rel=\"noreferrer noopener\">Facebook<\/a>\u00a0e no\u00a0<a href=\"https:\/\/www.instagram.com\/senoticias\/\" target=\"_blank\" rel=\"noreferrer noopener\">Instagram<\/a><br \/>\n<\/em><\/strong><br \/>\nFonte: Ag\u00eancia Sergipe de Not\u00edcias<\/p>\n","protected":false},"excerpt":{"rendered":"<p>O processo de obten\u00e7\u00e3o da Carteira Nacional de Habilita\u00e7\u00e3o (CNH) em Sergipe passa por importante atualiza\u00e7\u00e3o a partir desta sexta-feira,30. O Departamento Estadual de Tr\u00e2nsito de Sergipe (Detran\/SE) inicia um novo formato no exame pr\u00e1tico de dire\u00e7\u00e3o veicular, adotando a a Resolu\u00e7\u00e3o n\u00ba 1.020, do Conselho Nacional de Tr\u00e2nsito (Contran), que estabelece a cria\u00e7\u00e3o do [&hellip;]<\/p>\n","protected":false},"author":6557,"featured_media":0,"comment_status":"closed","ping_status":"closed","sticky":false,"template":"","format":"standard","meta":{"footnotes":""},"categories":[15,6],"tags":[4928,1828,44652],"class_list":{"0":"post-150982","1":"post","2":"type-post","3":"status-publish","4":"format-standard","6":"category-destaques","7":"category-politica","8":"tag-cnh","9":"tag-detran","10":"tag-nova-cnh"},"_links":{"self":[{"href":"https:\/\/senoticias.com.br\/se\/wp-json\/wp\/v2\/posts\/150982"}],"collection":[{"href":"https:\/\/senoticias.com.br\/se\/wp-json\/wp\/v2\/posts"}],"about":[{"href":"https:\/\/senoticias.com.br\/se\/wp-json\/wp\/v2\/types\/post"}],"author":[{"embeddable":true,"href":"https:\/\/senoticias.com.br\/se\/wp-json\/wp\/v2\/users\/6557"}],"replies":[{"embeddable":true,"href":"https:\/\/senoticias.com.br\/se\/wp-json\/wp\/v2\/comments?post=150982"}],"version-history":[{"count":0,"href":"https:\/\/senoticias.com.br\/se\/wp-json\/wp\/v2\/posts\/150982\/revisions"}],"wp:attachment":[{"href":"https:\/\/senoticias.com.br\/se\/wp-json\/wp\/v2\/media?parent=150982"}],"wp:term":[{"taxonomy":"category","embeddable":true,"href":"https:\/\/senoticias.com.br\/se\/wp-json\/wp\/v2\/categories?post=150982"},{"taxonomy":"post_tag","embeddable":true,"href":"https:\/\/senoticias.com.br\/se\/wp-json\/wp\/v2\/tags?post=150982"}],"curies":[{"name":"wp","href":"https:\/\/api.w.org\/{rel}","templated":true}]}}