{"id":150981,"date":"2026-01-30T15:53:41","date_gmt":"2026-01-30T18:53:41","guid":{"rendered":"https:\/\/senoticias.com.br\/se\/?p=150981"},"modified":"2026-01-30T15:53:41","modified_gmt":"2026-01-30T18:53:41","slug":"prefeitura-anuncia-vasta-programacao-para-o-carnaval-da-barra-2026","status":"publish","type":"post","link":"https:\/\/senoticias.com.br\/se\/prefeitura-anuncia-vasta-programacao-para-o-carnaval-da-barra-2026\/","title":{"rendered":"Prefeitura anuncia vasta programa\u00e7\u00e3o para o Carnaval da Barra 2026"},"content":{"rendered":"<p>A Prefeitura da Barra dos Coqueiros anunciou, nesta sexta-feira, 30, a programa\u00e7\u00e3o completa do Carnaval 2026. A divulga\u00e7\u00e3o foi feita em uma coletiva \u00e0 imprensa no<strong> Inoah Beach, na Praia da Costa<\/strong>, um dos pontos tur\u00edsticos do munic\u00edpio. As atra\u00e7\u00f5es musicais mesclam artistas sergipanos e nacionais.<\/p>\n<p>\u201cO carnaval da Barra \u00e9 uma tradi\u00e7\u00e3o que mantemos viva com essa vasta programa\u00e7\u00e3o, numa mistura de ritmos que com certeza levar\u00e1 alegria para quem for curtir a festa. \u00c9 mais um importante evento para o munic\u00edpio, que fortalece o turismo e a economia local\u201d, ressaltou o prefeito Airton Martins.<\/p>\n<div id=\"attachment_150986\" style=\"width: 595px\" class=\"wp-caption aligncenter\"><a href=\"https:\/\/senoticias.com.br\/se\/wp-content\/uploads\/2026\/01\/Carnaval-da-Barra-dos-Coqueiros-SE-Noticias.jpeg\"><img loading=\"lazy\" decoding=\"async\" aria-describedby=\"caption-attachment-150986\" class=\"size-full wp-image-150986\" src=\"https:\/\/senoticias.com.br\/se\/wp-content\/uploads\/2026\/01\/Carnaval-da-Barra-dos-Coqueiros-SE-Noticias.jpeg\" alt=\"\" width=\"585\" height=\"779\" srcset=\"https:\/\/senoticias.com.br\/se\/wp-content\/uploads\/2026\/01\/Carnaval-da-Barra-dos-Coqueiros-SE-Noticias.jpeg 585w, https:\/\/senoticias.com.br\/se\/wp-content\/uploads\/2026\/01\/Carnaval-da-Barra-dos-Coqueiros-SE-Noticias-225x300.jpeg 225w\" sizes=\"(max-width: 585px) 100vw, 585px\" \/><\/a><p id=\"caption-attachment-150986\" class=\"wp-caption-text\">Prefeitura anuncia vasta programa\u00e7\u00e3o para o Carnaval da Barra 2026 &#8211; Foto arte: ascom\/divulga\u00e7\u00e3o<\/p><\/div>\n<p>As apresenta\u00e7\u00f5es musicais ir\u00e3o ocorrer em diversos pontos da sede do munic\u00edpio, al\u00e9m da Praia da Costa e da Atalaia Nova. \u201cH\u00e1 sempre uma expectativa da popula\u00e7\u00e3o em rela\u00e7\u00e3o \u00e0 programa\u00e7\u00e3o carnavalesca do nosso munic\u00edpio e n\u00e3o temos d\u00favida que a Barra ser\u00e1, mais uma vez, um dos principais destinos em Sergipe durante o carnaval. E estamos preparando a estrutura necess\u00e1ria para receber todos da melhor maneira poss\u00edvel\u201d, assegurou o prefeito.<\/p>\n<p>Diante da grandiosidade do evento, a Prefeitura da Barra, por meio das secretarias e \u00f3rg\u00e3os, organizou um planejamento de a\u00e7\u00f5es para atender as demandas. Entre elas, posto provis\u00f3rio de sa\u00fade, refor\u00e7o na escala de m\u00e9dicos, distribui\u00e7\u00e3o de preservativos, refor\u00e7o na ilumina\u00e7\u00e3o, decora\u00e7\u00e3o da cidade e mais equipes de limpeza urbana.<\/p>\n<p>Al\u00e9m disso, a festa ser\u00e1 monitorada por v\u00eddeo em todo o percurso, atrav\u00e9s da Muralha Digital, que possui mais de 700 c\u00e2meras espalhadas na cidade. Al\u00e9m disso, a Guarda Municipal estar\u00e1 presente com novos equipamentos, ve\u00edculos e todo o seu efetivo para garantir a seguran\u00e7a dos foli\u00f5es. Tamb\u00e9m ser\u00e3o realizadas campanhas de conscientiza\u00e7\u00e3o sobre o combate \u00e0 importuna\u00e7\u00e3o sexual contra as mulheres, de responsabilidade no tr\u00e2nsito, entre outras.<\/p>\n<p><strong>Programa\u00e7\u00e3o Completa<\/strong><\/p>\n<p>S\u00c1BADO, 14\/02:<\/p>\n<p>PRA\u00c7A DO MERCADO<br \/>\n&#8211; 14h: Panka10<\/p>\n<p><strong>ARRAST\u00c3O DO MERCADO CENTRAL\/ PRA\u00c7A DO PRISCO<\/strong><br \/>\n&#8211; 16h: Parangol\u00e9<\/p>\n<p><strong>PRA\u00c7A DE EVENTOS ANA DO FORR\u00d3 ( PRISCO VIANA)<\/strong><br \/>\n&#8211; 20h: Artmania<br \/>\n&#8211; 22h: Devinho Novaes<br \/>\n&#8211; 00h: Jeito de Ser<\/p>\n<p>DOMINGO, 15\/02:<\/p>\n<p>PRAIA DA COSTA<br \/>\n&#8211; 13h: Bete Evanny<\/p>\n<p><strong>ARRAST\u00c3O PRAIA DA COSTA\/ATALAIA NOVA<\/strong><br \/>\n&#8211; 16h: Ninha<\/p>\n<p>PRA\u00c7A DE EVENTOS ATALAIA NOVA<br \/>\n&#8211; 20h: Leandro Cavichioli &#8211; O Pedreiro<br \/>\n&#8211; 22h: Thiago Aquino<br \/>\n&#8211; 00h: Dan chicleteiro<\/p>\n<p>SEGUNDA-FEIRA, 16\/02:<\/p>\n<p><strong>PRAIA DA COSTA<\/strong><\/p>\n<p>&#8211; 13h: Dan Vasconcelos<\/p>\n<p><strong>ARRAST\u00c3O PRAIA DA COSTA\/Atalaia Nova<\/strong><br \/>\n&#8211; 16h: Edcity Fantasm\u00e3o<\/p>\n<p><strong>PRA\u00c7A DE EVENTOS ATALAIA NOVA<\/strong><br \/>\n&#8211; 20h: Matheuzinho Melo<br \/>\n&#8211; 22h: Unha Pintada<br \/>\n&#8211; 00h: Gang Do Samba<\/p>\n<p>TER\u00c7A, 17\/02:<\/p>\n<p><strong>PRAIA DA COSTA<\/strong><br \/>\n&#8211; 13h: Matheus Freitas<\/p>\n<p><strong>ARRAST\u00c3O (PRAIA DA COSTA\/ ATALAIA NOVA)<\/strong><br \/>\n&#8211; 16h: Ah Chapa<\/p>\n<p><strong>PRA\u00c7A DE EVENTOS ATALAIA NOVA<\/strong><br \/>\n&#8211; \u206020h: Bruninho Top7<br \/>\n&#8211; 22h: Mikael Santos<br \/>\n&#8211; 00h: Luanzinho Moraes.<\/p>\n<p><strong><em>Acompanhe tamb\u00e9m o SE Not\u00edcias no\u00a0<a href=\"https:\/\/twitter.com\/Senoticias\" target=\"_blank\" rel=\"noreferrer noopener\">Twitter<\/a>,\u00a0<a href=\"https:\/\/www.facebook.com\/senoticias1\" target=\"_blank\" rel=\"noreferrer noopener\">Facebook<\/a>\u00a0e no\u00a0<a href=\"https:\/\/www.instagram.com\/senoticias\/\" target=\"_blank\" rel=\"noreferrer noopener\">Instagram<\/a><\/em><\/strong><\/p>\n<p>Secretaria Municipal de Comunica\u00e7\u00e3o<br \/>\nPrefeitura Municipal de Barra dos Coqueiros \/ SE<\/p>\n","protected":false},"excerpt":{"rendered":"<p>A Prefeitura da Barra dos Coqueiros anunciou, nesta sexta-feira, 30, a programa\u00e7\u00e3o completa do Carnaval 2026. A divulga\u00e7\u00e3o foi feita em uma coletiva \u00e0 imprensa no Inoah Beach, na Praia da Costa, um dos pontos tur\u00edsticos do munic\u00edpio. As atra\u00e7\u00f5es musicais mesclam artistas sergipanos e nacionais. \u201cO carnaval da Barra \u00e9 uma tradi\u00e7\u00e3o que mantemos [&hellip;]<\/p>\n","protected":false},"author":6557,"featured_media":150986,"comment_status":"closed","ping_status":"closed","sticky":false,"template":"","format":"standard","meta":{"footnotes":""},"categories":[15,21],"tags":[3141,44651,2648],"class_list":{"0":"post-150981","1":"post","2":"type-post","3":"status-publish","4":"format-standard","5":"has-post-thumbnail","7":"category-destaques","8":"category-entretenimento","9":"tag-barra-dos-coqueiros","10":"tag-carnaval-2026","11":"tag-prefeitura-da-barra-dos-coqueiros"},"_links":{"self":[{"href":"https:\/\/senoticias.com.br\/se\/wp-json\/wp\/v2\/posts\/150981"}],"collection":[{"href":"https:\/\/senoticias.com.br\/se\/wp-json\/wp\/v2\/posts"}],"about":[{"href":"https:\/\/senoticias.com.br\/se\/wp-json\/wp\/v2\/types\/post"}],"author":[{"embeddable":true,"href":"https:\/\/senoticias.com.br\/se\/wp-json\/wp\/v2\/users\/6557"}],"replies":[{"embeddable":true,"href":"https:\/\/senoticias.com.br\/se\/wp-json\/wp\/v2\/comments?post=150981"}],"version-history":[{"count":0,"href":"https:\/\/senoticias.com.br\/se\/wp-json\/wp\/v2\/posts\/150981\/revisions"}],"wp:featuredmedia":[{"embeddable":true,"href":"https:\/\/senoticias.com.br\/se\/wp-json\/wp\/v2\/media\/150986"}],"wp:attachment":[{"href":"https:\/\/senoticias.com.br\/se\/wp-json\/wp\/v2\/media?parent=150981"}],"wp:term":[{"taxonomy":"category","embeddable":true,"href":"https:\/\/senoticias.com.br\/se\/wp-json\/wp\/v2\/categories?post=150981"},{"taxonomy":"post_tag","embeddable":true,"href":"https:\/\/senoticias.com.br\/se\/wp-json\/wp\/v2\/tags?post=150981"}],"curies":[{"name":"wp","href":"https:\/\/api.w.org\/{rel}","templated":true}]}}