{"id":150978,"date":"2026-01-30T10:20:35","date_gmt":"2026-01-30T13:20:35","guid":{"rendered":"https:\/\/senoticias.com.br\/se\/?p=150978"},"modified":"2026-01-30T10:20:35","modified_gmt":"2026-01-30T13:20:35","slug":"policial-civil-prende-homem-em-flagrante-minutos-apos-assassinar-o-irmao-em-frei-paulo","status":"publish","type":"post","link":"https:\/\/senoticias.com.br\/se\/policial-civil-prende-homem-em-flagrante-minutos-apos-assassinar-o-irmao-em-frei-paulo\/","title":{"rendered":"Policial civil prende homem em flagrante minutos ap\u00f3s assassinar o irm\u00e3o em Frei Paulo"},"content":{"rendered":"<p>Um policial civil lotado na Delegacia de Frei Paulo prendeu em flagrante, nesta quinta-feira, 30, Ja\u00edro Jesus dos Santos de 34 anos, suspeito de matar o pr\u00f3prio irm\u00e3o, identificado como Marcos Roberto Jesus dos Santos, de 40 anos, com golpes de arma branca, no povoado Mocambo, zona rural do munic\u00edpio. A interven\u00e7\u00e3o r\u00e1pida do agente ocorreu ap\u00f3s alerta feito por um morador da localidade.<\/p>\n<div id=\"attachment_150979\" style=\"width: 605px\" class=\"wp-caption aligncenter\"><a href=\"https:\/\/senoticias.com.br\/se\/wp-content\/uploads\/2026\/01\/assassinato-Frei-Paulo-Sergipe.jpg\"><img loading=\"lazy\" decoding=\"async\" aria-describedby=\"caption-attachment-150979\" class=\"size-full wp-image-150979\" src=\"https:\/\/senoticias.com.br\/se\/wp-content\/uploads\/2026\/01\/assassinato-Frei-Paulo-Sergipe.jpg\" alt=\"\" width=\"595\" height=\"430\" srcset=\"https:\/\/senoticias.com.br\/se\/wp-content\/uploads\/2026\/01\/assassinato-Frei-Paulo-Sergipe.jpg 595w, https:\/\/senoticias.com.br\/se\/wp-content\/uploads\/2026\/01\/assassinato-Frei-Paulo-Sergipe-300x217.jpg 300w, https:\/\/senoticias.com.br\/se\/wp-content\/uploads\/2026\/01\/assassinato-Frei-Paulo-Sergipe-278x202.jpg 278w, https:\/\/senoticias.com.br\/se\/wp-content\/uploads\/2026\/01\/assassinato-Frei-Paulo-Sergipe-373x270.jpg 373w, https:\/\/senoticias.com.br\/se\/wp-content\/uploads\/2026\/01\/assassinato-Frei-Paulo-Sergipe-567x410.jpg 567w, https:\/\/senoticias.com.br\/se\/wp-content\/uploads\/2026\/01\/assassinato-Frei-Paulo-Sergipe-475x342.jpg 475w\" sizes=\"(max-width: 595px) 100vw, 595px\" \/><\/a><p id=\"caption-attachment-150979\" class=\"wp-caption-text\"><br \/>O homic\u00eddio ocorreu dentro da casa da m\u00e3e, inclusive ela presenciou o assassinato do filho &#8211; Foto: arquivo\/fam\u00edlia<\/p><\/div>\n<p>De acordo com as informa\u00e7\u00f5es apuradas, o policial civil realizava dilig\u00eancias pela regi\u00e3o quando foi informado de que um homem estaria agredindo violentamente o irm\u00e3o dentro de uma resid\u00eancia. Diante da gravidade da situa\u00e7\u00e3o, o agente se deslocou imediatamente ao endere\u00e7o indicado.<\/p>\n<p>No local, o policial encontrou o suspeito ainda em situa\u00e7\u00e3o de viol\u00eancia e conseguiu cont\u00ea-lo, efetuando a pris\u00e3o em flagrante. A a\u00e7\u00e3o r\u00e1pida impediu a continuidade das agress\u00f5es e garantiu o controle da ocorr\u00eancia at\u00e9 a chegada do apoio necess\u00e1rio.<\/p>\n<p>A v\u00edtima foi encontrada gravemente ferida em decorr\u00eancia dos golpes sofridos. O Servi\u00e7o de Atendimento M\u00f3vel de Urg\u00eancia (Samu) foi acionado, mas o homem n\u00e3o resistiu aos ferimentos e morreu no local.<\/p>\n<p>Durante o atendimento da ocorr\u00eancia, foi constatado que uma terceira pessoa tamb\u00e9m havia sido agredida pelo suspeito no interior da resid\u00eancia.<\/p>\n<p>O homem preso foi conduzido \u00e0 delegacia para os procedimentos legais cab\u00edveis e permanece \u00e0 disposi\u00e7\u00e3o do Poder Judici\u00e1rio. O caso seguir\u00e1 sob investiga\u00e7\u00e3o da Pol\u00edcia Civil.<\/p>\n<p><strong><em>Acompanhe tamb\u00e9m o SE Not\u00edcias no\u00a0<a href=\"https:\/\/twitter.com\/Senoticias\" target=\"_blank\" rel=\"noreferrer noopener\">Twitter<\/a>,\u00a0<a href=\"https:\/\/www.facebook.com\/senoticias1\" target=\"_blank\" rel=\"noreferrer noopener\">Facebook<\/a>\u00a0e no\u00a0<a href=\"https:\/\/www.instagram.com\/senoticias\/\" target=\"_blank\" rel=\"noreferrer noopener\">Instagram<\/a><\/em><\/strong><\/p>\n<p>Reda\u00e7\u00e3o, com informa\u00e7\u00f5es da SSP\/SE<\/p>\n","protected":false},"excerpt":{"rendered":"<p>Um policial civil lotado na Delegacia de Frei Paulo prendeu em flagrante, nesta quinta-feira, 30, Ja\u00edro Jesus dos Santos de 34 anos, suspeito de matar o pr\u00f3prio irm\u00e3o, identificado como Marcos Roberto Jesus dos Santos, de 40 anos, com golpes de arma branca, no povoado Mocambo, zona rural do munic\u00edpio. A interven\u00e7\u00e3o r\u00e1pida do agente [&hellip;]<\/p>\n","protected":false},"author":6557,"featured_media":150979,"comment_status":"closed","ping_status":"closed","sticky":false,"template":"","format":"standard","meta":{"footnotes":""},"categories":[15,7],"tags":[808,3500],"class_list":{"0":"post-150978","1":"post","2":"type-post","3":"status-publish","4":"format-standard","5":"has-post-thumbnail","7":"category-destaques","8":"category-policia","9":"tag-frei-paulo","10":"tag-homicidio"},"_links":{"self":[{"href":"https:\/\/senoticias.com.br\/se\/wp-json\/wp\/v2\/posts\/150978"}],"collection":[{"href":"https:\/\/senoticias.com.br\/se\/wp-json\/wp\/v2\/posts"}],"about":[{"href":"https:\/\/senoticias.com.br\/se\/wp-json\/wp\/v2\/types\/post"}],"author":[{"embeddable":true,"href":"https:\/\/senoticias.com.br\/se\/wp-json\/wp\/v2\/users\/6557"}],"replies":[{"embeddable":true,"href":"https:\/\/senoticias.com.br\/se\/wp-json\/wp\/v2\/comments?post=150978"}],"version-history":[{"count":0,"href":"https:\/\/senoticias.com.br\/se\/wp-json\/wp\/v2\/posts\/150978\/revisions"}],"wp:featuredmedia":[{"embeddable":true,"href":"https:\/\/senoticias.com.br\/se\/wp-json\/wp\/v2\/media\/150979"}],"wp:attachment":[{"href":"https:\/\/senoticias.com.br\/se\/wp-json\/wp\/v2\/media?parent=150978"}],"wp:term":[{"taxonomy":"category","embeddable":true,"href":"https:\/\/senoticias.com.br\/se\/wp-json\/wp\/v2\/categories?post=150978"},{"taxonomy":"post_tag","embeddable":true,"href":"https:\/\/senoticias.com.br\/se\/wp-json\/wp\/v2\/tags?post=150978"}],"curies":[{"name":"wp","href":"https:\/\/api.w.org\/{rel}","templated":true}]}}