{"id":150974,"date":"2026-01-29T17:39:21","date_gmt":"2026-01-29T20:39:21","guid":{"rendered":"https:\/\/senoticias.com.br\/se\/?p=150974"},"modified":"2026-01-29T17:39:21","modified_gmt":"2026-01-29T20:39:21","slug":"policia-civil-solicita-apoio-da-populacao-para-localizar-adolescente-desaparecido-em-aracaju","status":"publish","type":"post","link":"https:\/\/senoticias.com.br\/se\/policia-civil-solicita-apoio-da-populacao-para-localizar-adolescente-desaparecido-em-aracaju\/","title":{"rendered":"Pol\u00edcia Civil solicita apoio da popula\u00e7\u00e3o para localizar adolescente desaparecido em Aracaju"},"content":{"rendered":"<p>Nesta quinta-feira, 29, a Pol\u00edcia Civil de Sergipe, por meio da Delegacia Especial de Atendimento \u00e0 Crian\u00e7a e ao Adolescente V\u00edtima (DEACAV), solicita a colabora\u00e7\u00e3o da popula\u00e7\u00e3o para localizar um adolescente que est\u00e1 desaparecido desde a manh\u00e3 da \u00faltima segunda-feira, 26, no bairro Lamar\u00e3o, em Aracaju.<\/p>\n<p>De acordo com o registro da ocorr\u00eancia, o adolescente saiu de casa por volta das 7h10, fato confirmado por imagens de c\u00e2meras de monitoramento, e n\u00e3o retornou desde ent\u00e3o. A fam\u00edlia passou a realizar buscas e acionou as autoridades ap\u00f3s n\u00e3o obter novas informa\u00e7\u00f5es seguras sobre o paradeiro do jovem.<\/p>\n<div id=\"attachment_150975\" style=\"width: 610px\" class=\"wp-caption aligncenter\"><a href=\"https:\/\/senoticias.com.br\/se\/wp-content\/uploads\/2026\/01\/Menor-desaparecido-SE-Noticias.jpeg\"><img loading=\"lazy\" decoding=\"async\" aria-describedby=\"caption-attachment-150975\" class=\"wp-image-150975\" src=\"https:\/\/senoticias.com.br\/se\/wp-content\/uploads\/2026\/01\/Menor-desaparecido-SE-Noticias.jpeg\" alt=\"\" width=\"600\" height=\"846\" srcset=\"https:\/\/senoticias.com.br\/se\/wp-content\/uploads\/2026\/01\/Menor-desaparecido-SE-Noticias.jpeg 833w, https:\/\/senoticias.com.br\/se\/wp-content\/uploads\/2026\/01\/Menor-desaparecido-SE-Noticias-213x300.jpeg 213w, https:\/\/senoticias.com.br\/se\/wp-content\/uploads\/2026\/01\/Menor-desaparecido-SE-Noticias-726x1024.jpeg 726w, https:\/\/senoticias.com.br\/se\/wp-content\/uploads\/2026\/01\/Menor-desaparecido-SE-Noticias-768x1083.jpeg 768w\" sizes=\"(max-width: 600px) 100vw, 600px\" \/><\/a><p id=\"caption-attachment-150975\" class=\"wp-caption-text\">Informa\u00e7\u00f5es podem ser repassadas pelo (181) &#8211; Foto: arquivo\/SSP\/SE<\/p><\/div>\n<p>Durante os levantamentos iniciais, conforme esclarece o delegado F\u00e1bio Santana, foram recebidos relatos de que o adolescente teria sido visto em diferentes pontos da capital, incluindo os bairros Lamar\u00e3o, Jap\u00e3ozinho e Alto da Jaqueira. Informa\u00e7\u00f5es indicam que ele estaria vestindo camisa azul escura, bermuda preta, sand\u00e1lias e portando um bornal de cor preta.<\/p>\n<p>Todas as informa\u00e7\u00f5es recebidas est\u00e3o sendo analisadas pela equipe da DEACAV, que segue realizando dilig\u00eancias para localizar o adolescente e garantir sua integridade.<\/p>\n<p>A Pol\u00edcia Civil refor\u00e7a que qualquer informa\u00e7\u00e3o que possa auxiliar na localiza\u00e7\u00e3o do jovem deve ser repassada imediatamente, por meio do Disque-Den\u00fancia 181.<\/p>\n<p><strong><em>Acompanhe tamb\u00e9m o SE Not\u00edcias no\u00a0<a href=\"https:\/\/twitter.com\/Senoticias\" target=\"_blank\" rel=\"noreferrer noopener\">Twitter<\/a>,\u00a0<a href=\"https:\/\/www.facebook.com\/senoticias1\" target=\"_blank\" rel=\"noreferrer noopener\">Facebook<\/a>\u00a0e no\u00a0<a href=\"https:\/\/www.instagram.com\/senoticias\/\" target=\"_blank\" rel=\"noreferrer noopener\">Instagram<\/a><\/em><\/strong><\/p>\n<p>Fonte: SSP\/SE<\/p>\n<p>&nbsp;<\/p>\n","protected":false},"excerpt":{"rendered":"<p>Nesta quinta-feira, 29, a Pol\u00edcia Civil de Sergipe, por meio da Delegacia Especial de Atendimento \u00e0 Crian\u00e7a e ao Adolescente V\u00edtima (DEACAV), solicita a colabora\u00e7\u00e3o da popula\u00e7\u00e3o para localizar um adolescente que est\u00e1 desaparecido desde a manh\u00e3 da \u00faltima segunda-feira, 26, no bairro Lamar\u00e3o, em Aracaju. De acordo com o registro da ocorr\u00eancia, o adolescente [&hellip;]<\/p>\n","protected":false},"author":6557,"featured_media":150975,"comment_status":"closed","ping_status":"closed","sticky":false,"template":"","format":"standard","meta":{"footnotes":""},"categories":[15,7],"tags":[],"class_list":{"0":"post-150974","1":"post","2":"type-post","3":"status-publish","4":"format-standard","5":"has-post-thumbnail","7":"category-destaques","8":"category-policia"},"_links":{"self":[{"href":"https:\/\/senoticias.com.br\/se\/wp-json\/wp\/v2\/posts\/150974"}],"collection":[{"href":"https:\/\/senoticias.com.br\/se\/wp-json\/wp\/v2\/posts"}],"about":[{"href":"https:\/\/senoticias.com.br\/se\/wp-json\/wp\/v2\/types\/post"}],"author":[{"embeddable":true,"href":"https:\/\/senoticias.com.br\/se\/wp-json\/wp\/v2\/users\/6557"}],"replies":[{"embeddable":true,"href":"https:\/\/senoticias.com.br\/se\/wp-json\/wp\/v2\/comments?post=150974"}],"version-history":[{"count":0,"href":"https:\/\/senoticias.com.br\/se\/wp-json\/wp\/v2\/posts\/150974\/revisions"}],"wp:featuredmedia":[{"embeddable":true,"href":"https:\/\/senoticias.com.br\/se\/wp-json\/wp\/v2\/media\/150975"}],"wp:attachment":[{"href":"https:\/\/senoticias.com.br\/se\/wp-json\/wp\/v2\/media?parent=150974"}],"wp:term":[{"taxonomy":"category","embeddable":true,"href":"https:\/\/senoticias.com.br\/se\/wp-json\/wp\/v2\/categories?post=150974"},{"taxonomy":"post_tag","embeddable":true,"href":"https:\/\/senoticias.com.br\/se\/wp-json\/wp\/v2\/tags?post=150974"}],"curies":[{"name":"wp","href":"https:\/\/api.w.org\/{rel}","templated":true}]}}