{"id":150963,"date":"2026-01-29T12:16:11","date_gmt":"2026-01-29T15:16:11","guid":{"rendered":"https:\/\/senoticias.com.br\/se\/?p=150963"},"modified":"2026-01-29T14:14:25","modified_gmt":"2026-01-29T17:14:25","slug":"brasileiro-mano-menezes-e-o-novo-tecnico-da-selecao-do-peru","status":"publish","type":"post","link":"https:\/\/senoticias.com.br\/se\/brasileiro-mano-menezes-e-o-novo-tecnico-da-selecao-do-peru\/","title":{"rendered":"Brasileiro Mano Menezes \u00e9 o novo t\u00e9cnico da sele\u00e7\u00e3o do Peru"},"content":{"rendered":"<p>Mano Menezes \u00e9 o novo t\u00e9cnico da sele\u00e7\u00e3o do <strong>Peru<\/strong>. Ap\u00f3s encerrar sua passagem pelo Gr\u00eamio no final da \u00faltima temporada, o brasileiro, aos 63 anos, chegou a um acordo para comandar a sele\u00e7\u00e3o peruana. A apresenta\u00e7\u00e3o acontecer\u00e1 ainda nesta quinta-feira.<\/p>\n<div id=\"attachment_150965\" style=\"width: 605px\" class=\"wp-caption aligncenter\"><a href=\"https:\/\/senoticias.com.br\/se\/wp-content\/uploads\/2026\/01\/d948d88e-f9f3-4041-b1cb-f83da5e04b74.jpeg\"><img loading=\"lazy\" decoding=\"async\" aria-describedby=\"caption-attachment-150965\" class=\"size-full wp-image-150965\" src=\"https:\/\/senoticias.com.br\/se\/wp-content\/uploads\/2026\/01\/d948d88e-f9f3-4041-b1cb-f83da5e04b74.jpeg\" alt=\"\" width=\"595\" height=\"525\" srcset=\"https:\/\/senoticias.com.br\/se\/wp-content\/uploads\/2026\/01\/d948d88e-f9f3-4041-b1cb-f83da5e04b74.jpeg 595w, https:\/\/senoticias.com.br\/se\/wp-content\/uploads\/2026\/01\/d948d88e-f9f3-4041-b1cb-f83da5e04b74-300x265.jpeg 300w\" sizes=\"(max-width: 595px) 100vw, 595px\" \/><\/a><p id=\"caption-attachment-150965\" class=\"wp-caption-text\">Mano Menezes na vit\u00f3ria por 4 a 0 sobre o Sport \u2014 Foto: Rafael Vieira \/ Gr\u00eamio \/ Divulga\u00e7\u00e3o<\/p><\/div>\n<p>A informa\u00e7\u00e3o foi dada primeiro pelos jornais locais, e confirmada pelo ge.globo. Mano Menezes chega para substituir Iba\u00f1ez, demitido em setembro de 2025. O treinador volta a comandar uma sele\u00e7\u00e3o depois de mais de uma d\u00e9cada. Ele esteve \u00e0 frente da sele\u00e7\u00e3o brasileira logo ap\u00f3s a Copa do Mundo da \u00c1frica do Sul, entre 2010 e 2012.<\/p>\n<p>Mano Menezes estava livre no mercado desde a sa\u00edda do Gr\u00eamio. No futebol brasileiro, o treinador teve passagens recentes por Fluminense, Corinthians e Internacional. Com a oportunidade na sele\u00e7\u00e3o do Peru, Mano come\u00e7a o planejamento para a Copa do Mundo de 2030.<\/p>\n<p><strong><em>Acompanhe tamb\u00e9m o SE Not\u00edcias no\u00a0<a href=\"https:\/\/twitter.com\/Senoticias\" target=\"_blank\" rel=\"noreferrer noopener\">Twitter<\/a>,\u00a0<a href=\"https:\/\/www.facebook.com\/senoticias1\" target=\"_blank\" rel=\"noreferrer noopener\">Facebook<\/a>\u00a0e no\u00a0<a href=\"https:\/\/www.instagram.com\/senoticias\/\" target=\"_blank\" rel=\"noreferrer noopener\">Instagram<\/a><\/em><\/strong><\/p>\n<p>Fonte: GE\/se<\/p>\n","protected":false},"excerpt":{"rendered":"<p>Mano Menezes \u00e9 o novo t\u00e9cnico da sele\u00e7\u00e3o do Peru. Ap\u00f3s encerrar sua passagem pelo Gr\u00eamio no final da \u00faltima temporada, o brasileiro, aos 63 anos, chegou a um acordo para comandar a sele\u00e7\u00e3o peruana. A apresenta\u00e7\u00e3o acontecer\u00e1 ainda nesta quinta-feira. A informa\u00e7\u00e3o foi dada primeiro pelos jornais locais, e confirmada pelo ge.globo. Mano Menezes [&hellip;]<\/p>\n","protected":false},"author":6557,"featured_media":0,"comment_status":"closed","ping_status":"closed","sticky":false,"template":"","format":"standard","meta":{"footnotes":""},"categories":[15,26],"tags":[44646,6569],"class_list":{"0":"post-150963","1":"post","2":"type-post","3":"status-publish","4":"format-standard","6":"category-destaques","7":"category-esportes","8":"tag-mano-menezes","9":"tag-peru"},"_links":{"self":[{"href":"https:\/\/senoticias.com.br\/se\/wp-json\/wp\/v2\/posts\/150963"}],"collection":[{"href":"https:\/\/senoticias.com.br\/se\/wp-json\/wp\/v2\/posts"}],"about":[{"href":"https:\/\/senoticias.com.br\/se\/wp-json\/wp\/v2\/types\/post"}],"author":[{"embeddable":true,"href":"https:\/\/senoticias.com.br\/se\/wp-json\/wp\/v2\/users\/6557"}],"replies":[{"embeddable":true,"href":"https:\/\/senoticias.com.br\/se\/wp-json\/wp\/v2\/comments?post=150963"}],"version-history":[{"count":0,"href":"https:\/\/senoticias.com.br\/se\/wp-json\/wp\/v2\/posts\/150963\/revisions"}],"wp:attachment":[{"href":"https:\/\/senoticias.com.br\/se\/wp-json\/wp\/v2\/media?parent=150963"}],"wp:term":[{"taxonomy":"category","embeddable":true,"href":"https:\/\/senoticias.com.br\/se\/wp-json\/wp\/v2\/categories?post=150963"},{"taxonomy":"post_tag","embeddable":true,"href":"https:\/\/senoticias.com.br\/se\/wp-json\/wp\/v2\/tags?post=150963"}],"curies":[{"name":"wp","href":"https:\/\/api.w.org\/{rel}","templated":true}]}}