{"id":150961,"date":"2026-01-29T12:11:27","date_gmt":"2026-01-29T15:11:27","guid":{"rendered":"https:\/\/senoticias.com.br\/se\/?p=150961"},"modified":"2026-01-29T12:11:27","modified_gmt":"2026-01-29T15:11:27","slug":"montagem-do-verao-sergipe-2026-em-aracaju-entra-em-reta-final-e-proximidade-do-evento-contagia-sergipanos-e-turistas","status":"publish","type":"post","link":"https:\/\/senoticias.com.br\/se\/montagem-do-verao-sergipe-2026-em-aracaju-entra-em-reta-final-e-proximidade-do-evento-contagia-sergipanos-e-turistas\/","title":{"rendered":"Montagem do Ver\u00e3o Sergipe 2026 em Aracaju entra em reta final e proximidade do evento contagia sergipanos e turistas"},"content":{"rendered":"<p>A contagem regressiva j\u00e1 come\u00e7ou. A Orla da Atalaia, em Aracaju, vive os \u00faltimos ajustes para receber, a partir desta sexta-feira, 30, o Ver\u00e3o Sergipe 2026. Promovido pelo Governo do Estado, por meio da Funda\u00e7\u00e3o de Cultura e Arte Aperip\u00ea de Sergipe (Funcap), em parceria com as secretarias de Estado da Comunica\u00e7\u00e3o Social (Secom) e do Esporte e Lazer (Seel), o evento re\u00fane esporte, cultura e lazer em uma programa\u00e7\u00e3o que promete movimentar a capital durante este fim de semana. Aracaju abre a programa\u00e7\u00e3o do evento, que se estender\u00e1 at\u00e9 o segundo fim de semana de mar\u00e7o, passando por Pirambu, Praia da Caueira (Itaporanga d\u2019Ajuda), Ponta dos Mangues (Pacatuba), Praia do Aba\u00eds (Est\u00e2ncia), Canind\u00e9 de S\u00e3o Francisco e Barra dos Coqueiros.<\/p>\n<div id=\"attachment_150962\" style=\"width: 609px\" class=\"wp-caption aligncenter\"><a href=\"https:\/\/senoticias.com.br\/se\/wp-content\/uploads\/2026\/01\/9c9b2c3b-fc63-4074-b9eb-0c443984f4ce-e1769699414399.jpeg\"><img loading=\"lazy\" decoding=\"async\" aria-describedby=\"caption-attachment-150962\" class=\"size-full wp-image-150962\" src=\"https:\/\/senoticias.com.br\/se\/wp-content\/uploads\/2026\/01\/9c9b2c3b-fc63-4074-b9eb-0c443984f4ce-e1769699414399.jpeg\" alt=\"\" width=\"599\" height=\"399\" \/><\/a><p id=\"caption-attachment-150962\" class=\"wp-caption-text\">Foto: Igor matias<\/p><\/div>\n<p>O presidente da Funcap, Gustavo Paix\u00e3o, ressaltou os investimentos do Governo de Sergipe na cultura e na realiza\u00e7\u00e3o de grandes eventos como ferramenta de fortalecimento do turismo e da economia local. \u201cEstamos na fase final de montagem do Ver\u00e3o Sergipe, ajustando todos os detalhes para garantir um evento bem estruturado, seguro e acess\u00edvel. O Governo de Sergipe tem investido de forma cont\u00ednua em pol\u00edticas p\u00fablicas de cultura e na promo\u00e7\u00e3o de grandes eventos que fortalecem o turismo e movimentam a economia do estado. \u00c9 um trabalho feito com planejamento e cuidado para oferecer ao p\u00fablico uma experi\u00eancia de qualidade\u201d, afirmou.<\/p>\n<p>Para garantir a realiza\u00e7\u00e3o do evento, equipes t\u00e9cnicas e trabalhadores seguem mobilizados na fase final de montagem da estrutura. O trabalho \u00e9 resultado da atua\u00e7\u00e3o integrada de diversos \u00f3rg\u00e3os estaduais, com aten\u00e7\u00e3o especial \u00e0 seguran\u00e7a, \u00e0 mobilidade e servi\u00e7os essenciais.<\/p>\n<p>O coordenador de montagem da Funcap, Dinho Melo, destaca que a estrutura j\u00e1 se encontra com cerca de 90% de conclus\u00e3o. \u201cFoi realizada uma reuni\u00e3o de planejamento entre as equipes do Governo do Estado, da Funcap e da Secom, ainda em novembro do ano passado, para alinhar os aspectos log\u00edsticos, operacionais e estrat\u00e9gicos. Iniciamos a montagem no dia 18 de janeiro, e, hoje, a estrutura j\u00e1 se encontra com quase 100% de conclus\u00e3o\u201d, explicou.<\/p>\n<p>Ele tamb\u00e9m detalhou os cuidados adotados para garantir a seguran\u00e7a dos trabalhadores envolvidos na opera\u00e7\u00e3o. \u201cS\u00e3o cerca de 200 pessoas envolvidas direta e indiretamente na montagem da estrutura. O palco deste ano est\u00e1 maior, com 52 metros de ponta a ponta. \u00c9 o maior palco que j\u00e1 tivemos em nossos projetos. Todo o trabalho \u00e9 acompanhado por t\u00e9cnico de Seguran\u00e7a do Trabalho, com orienta\u00e7\u00e3o constante sobre o uso de EPIs [equipamentos de prote\u00e7\u00e3o individual], garantindo que todos atuem de forma segura e que nenhum incidente aconte\u00e7a\u201d, destacou.<\/p>\n<p>O coordenador do Ver\u00e3o Sergipe, Pedro Macedo, explicou que, ap\u00f3s a finaliza\u00e7\u00e3o da montagem, s\u00e3o realizados testes gerais da estrutura. \u201cA estrutura costuma ficar pronta um dia antes do evento, justamente para que possamos realizar os testes finais. No entanto, \u00e0 medida que os equipamentos v\u00e3o sendo montados, eles j\u00e1 passam por testes individuais. Com tudo finalizado, fazemos o teste geral de luz e som\u201d, ressaltou.<\/p>\n<p>De acordo com Pedro, o foco \u00e9 o cuidado com a organiza\u00e7\u00e3o e a seguran\u00e7a do evento. \u201cQuem vier ao Ver\u00e3o Sergipe, seja turista ou morador, pode se sentir seguro. \u00c9 uma festa bonita, bem organizada, feita com muito carinho para que todos saiam satisfeitos. A cada edi\u00e7\u00e3o, buscamos melhorar ainda mais. Este ano, teremos uma atra\u00e7\u00e3o em n\u00edvel internacional, o DJ Alok, que deve apresentar um espet\u00e1culo com cerca de 300 drones, al\u00e9m de L\u00e9o Santana, que dispensa coment\u00e1rios, e outros grandes artistas\u201d, enfatizou.<\/p>\n<p>Para muitas pessoas, esta ser\u00e1 a primeira experi\u00eancia no Ver\u00e3o Sergipe. \u00c9 o caso das aracajuanas Giovana Santos e Vit\u00f3ria dos Santos, que demonstram grande expectativa para os dias de programa\u00e7\u00e3o. \u201cEspero muita divers\u00e3o e muita m\u00fasica boa. Essa vai ser minha primeira vez no Ver\u00e3o Sergipe e estou muito empolgada. Quero muito ver Alok e L\u00e9o Santana\u201d, disse Giovana.<\/p>\n<p>A amiga, Vit\u00f3ria dos Santos, compartilha do mesmo entusiasmo e tamb\u00e9m destacou a sensa\u00e7\u00e3o de seguran\u00e7a. \u201cEstou muito empolgada. A seguran\u00e7a aumentou muito, est\u00e1 prometendo e entregando bastante. Pretendemos vir nos dois dias de shows\u201d, completou.<\/p>\n<p>Turistas tamb\u00e9m j\u00e1 demonstram anima\u00e7\u00e3o com o evento. A ga\u00facha Let\u00edcia Noronha, de Porto Alegre, est\u00e1 em Aracaju a trabalho, acompanhada da m\u00e3e, Leila Vargas, e n\u00e3o sabia da realiza\u00e7\u00e3o do Ver\u00e3o Sergipe, mas logo garantiu presen\u00e7a. \u201cVim a trabalho, mas estamos aproveitando para conhecer a cidade. N\u00e3o sab\u00edamos do evento, mas, agora que sabemos das atra\u00e7\u00f5es, com certeza vamos participar. Gostamos muito do que vimos at\u00e9 agora\u201d, contou.<\/p>\n<p>Sua m\u00e3e, Leila Vargas tamb\u00e9m elogiou a estrutura e afirmou estar empolgada. \u201cParece que vai ser muito bom. A estrutura \u00e9 grande, bem robusta, e isso passa muita confian\u00e7a. Acho que ser\u00e1 um show bem bacana. Nossa expectativa est\u00e1 l\u00e1 em cima\u201d, afirmou.<\/p>\n<p>Al\u00e9m da programa\u00e7\u00e3o musical, a edi\u00e7\u00e3o de 2026 contar\u00e1 com competi\u00e7\u00f5es esportivas, exposi\u00e7\u00f5es e feira de artesanato. As a\u00e7\u00f5es esportivas incluem modalidades como v\u00f4lei de praia, beach soccer, futev\u00f4lei, corridas, ciclismo e surf, entre outras. As atividades s\u00e3o voltadas para todas as idades, e as inscri\u00e7\u00f5es gratuitas j\u00e1 est\u00e3o dispon\u00edveis no site oficial do Ver\u00e3o Sergipe.<\/p>\n<p>Confira a programa\u00e7\u00e3o completa:<\/p>\n<p><strong>Shows<\/strong><\/p>\n<p><strong>Sexta (30\/01\/2026)<\/strong><\/p>\n<p>20h &#8211; Os Faranis<br \/>\n22h &#8211; Marcelo Falc\u00e3o<br \/>\n00h &#8211; Alok<br \/>\n02h &#8211; Jonas Esticado<\/p>\n<p><strong>S\u00e1bado (31\/01\/2026)<\/strong><\/p>\n<p>20h &#8211; Rock7nove<br \/>\n22h &#8211; Gustavo Mioto<br \/>\n00h &#8211; L\u00e9o Santana<br \/>\n02h &#8211; Gabriel O Pensador<\/p>\n<p><strong>Esportes<\/strong><\/p>\n<p><strong>S\u00e1bado (31\/01\/2026)<\/strong><\/p>\n<p>8h &#8211; 16h : Futv\u00f4lei<br \/>\n8h &#8211; 16h : V\u00f4lei de Praia (mas\/fem)<br \/>\n8h &#8211; 16h : Beach Soccer Feminino\/Masculino<br \/>\n8h &#8211; 16h : Beach Wrestling<br \/>\n8h &#8211; 16h : Mesabol<br \/>\n8h &#8211; 16h : Frescobol<\/p>\n<p><strong>Domingo (01\/02\/2026)<\/strong><\/p>\n<p>6h &#8211; 10h : Prova de Duatlon<br \/>\n7h30 &#8211; 9h30 : Corrida 5km e 10km &#8211; todo percurso na areia<br \/>\n8h &#8211; 13h : V\u00f4lei de Praia (mas\/fem)<br \/>\n9h &#8211; 13h : Beach hand masculino\/feminino<br \/>\n9h &#8211; 11h : Banho assistido \u2013 proj estrelas do mar \/ seasic<br \/>\n9h &#8211; 11h : Viv\u00eancia paradesportiva<br \/>\n9h &#8211; 13h : Mesabol<br \/>\n9h &#8211; 13h : Frescobol<br \/>\n9h &#8211; 13h : Quadra v\u00f4lei de praia<\/p>\n<p><strong>Ver\u00e3o Sergipe 2026<\/strong><\/p>\n<p>O Ver\u00e3o Sergipe \u00e9 um evento realizado pelo Governo de Sergipe, por meio da Funda\u00e7\u00e3o de Cultura e Arte Aperip\u00ea de Sergipe (Funcap), com apoio do Governo Federal e Energisa, e patroc\u00ednio do Banese Card, Igu\u00e1 Sergipe e Companhia de Saneamento de Sergipe (Deso), que leva \u00e0 capital e ao interior do estado uma programa\u00e7\u00e3o cultural e de est\u00edmulo \u00e0 pr\u00e1tica esportiva, fomentando o turismo, o desenvolvimento econ\u00f4mico e a gera\u00e7\u00e3o de renda.<br \/>\n<strong><em>Acompanhe tamb\u00e9m o SE Not\u00edcias no\u00a0<a href=\"https:\/\/twitter.com\/Senoticias\" target=\"_blank\" rel=\"noreferrer noopener\">Twitter<\/a>,\u00a0<a href=\"https:\/\/www.facebook.com\/senoticias1\" target=\"_blank\" rel=\"noreferrer noopener\">Facebook<\/a>\u00a0e no\u00a0<a href=\"https:\/\/www.instagram.com\/senoticias\/\" target=\"_blank\" rel=\"noreferrer noopener\">Instagram<\/a><\/em><\/strong><br \/>\nFonte: Ag\u00eancia Sergipe de Noticias<\/p>\n","protected":false},"excerpt":{"rendered":"<p>A contagem regressiva j\u00e1 come\u00e7ou. A Orla da Atalaia, em Aracaju, vive os \u00faltimos ajustes para receber, a partir desta sexta-feira, 30, o Ver\u00e3o Sergipe 2026. Promovido pelo Governo do Estado, por meio da Funda\u00e7\u00e3o de Cultura e Arte Aperip\u00ea de Sergipe (Funcap), em parceria com as secretarias de Estado da Comunica\u00e7\u00e3o Social (Secom) e [&hellip;]<\/p>\n","protected":false},"author":6557,"featured_media":0,"comment_status":"closed","ping_status":"closed","sticky":false,"template":"","format":"standard","meta":{"footnotes":""},"categories":[15,21],"tags":[3126,40408],"class_list":{"0":"post-150961","1":"post","2":"type-post","3":"status-publish","4":"format-standard","6":"category-destaques","7":"category-entretenimento","8":"tag-evento","9":"tag-verao-sergipe"},"_links":{"self":[{"href":"https:\/\/senoticias.com.br\/se\/wp-json\/wp\/v2\/posts\/150961"}],"collection":[{"href":"https:\/\/senoticias.com.br\/se\/wp-json\/wp\/v2\/posts"}],"about":[{"href":"https:\/\/senoticias.com.br\/se\/wp-json\/wp\/v2\/types\/post"}],"author":[{"embeddable":true,"href":"https:\/\/senoticias.com.br\/se\/wp-json\/wp\/v2\/users\/6557"}],"replies":[{"embeddable":true,"href":"https:\/\/senoticias.com.br\/se\/wp-json\/wp\/v2\/comments?post=150961"}],"version-history":[{"count":0,"href":"https:\/\/senoticias.com.br\/se\/wp-json\/wp\/v2\/posts\/150961\/revisions"}],"wp:attachment":[{"href":"https:\/\/senoticias.com.br\/se\/wp-json\/wp\/v2\/media?parent=150961"}],"wp:term":[{"taxonomy":"category","embeddable":true,"href":"https:\/\/senoticias.com.br\/se\/wp-json\/wp\/v2\/categories?post=150961"},{"taxonomy":"post_tag","embeddable":true,"href":"https:\/\/senoticias.com.br\/se\/wp-json\/wp\/v2\/tags?post=150961"}],"curies":[{"name":"wp","href":"https:\/\/api.w.org\/{rel}","templated":true}]}}