{"id":150960,"date":"2026-01-29T11:46:40","date_gmt":"2026-01-29T14:46:40","guid":{"rendered":"https:\/\/senoticias.com.br\/se\/?p=150960"},"modified":"2026-01-29T11:46:40","modified_gmt":"2026-01-29T14:46:40","slug":"amparo-de-sao-francisco-se-prepara-para-a-grande-festa-de-sua-padroeira","status":"publish","type":"post","link":"https:\/\/senoticias.com.br\/se\/amparo-de-sao-francisco-se-prepara-para-a-grande-festa-de-sua-padroeira\/","title":{"rendered":"Amparo de S\u00e3o Francisco se prepara para a grande festa de sua Padroeira"},"content":{"rendered":"<p>A comunidade de Amparo de S\u00e3o Francisco j\u00e1 est\u00e1 nos preparativos para mais uma <strong>Festa de Nossa Senhora do Amparo<\/strong>, padroeira do Munic\u00edpio. E para este ano, a gest\u00e3o municipal n\u00e3o conteve esfor\u00e7os para fazer um grande evento, digno de sua tradi\u00e7\u00e3o. Grandes artistas do cen\u00e1rio regional far\u00e3o parte da programa\u00e7\u00e3o entre os dias 07 e 08 de fevereiro.<\/p>\n<p>O prefeito Marcos Sandes afirma que esta festa atravessa gera\u00e7\u00f5es e movimentar\u00e1 a economia local. \u201cAl\u00e9m de valorizarmos nossa cultura religiosa e nossa hist\u00f3ria, o povo vai se preparar para receber visitantes de todo o Baixo S\u00e3o Francisco. Isso movimenta a cidade, onde as pessoas alugam casas e o com\u00e9rcio local refor\u00e7a seu estoque para atender a demandas dos romeiros e foli\u00f5es\u201d, comera o gestor.<\/p>\n<p>A tradi\u00e7\u00e3o que existe desde 1953, \u00e9 realizada no m\u00eas de fevereiro e j\u00e1 fez muita hist\u00f3ria na regi\u00e3o. O evento, que acontecer\u00e1 na Pra\u00e7a da Independ\u00eancia, no centro da cidade, conta com o apoio do Governo do Estado e tamb\u00e9m ter\u00e1 toda a seguran\u00e7a, com o apoio da Pol\u00edcia Militar e Guarda Municipal, al\u00e9m de seguran\u00e7a contratada. \u201cVamos fazer uma bela festa, bem organizada para receber a participa\u00e7\u00e3o calorosa do nosso povo, com muita alegria, mantendo nossas tradi\u00e7\u00f5es\u201d, convida Marcos Sandes.<\/p>\n<p><strong>Veja quais dias e as principais atra\u00e7\u00f5es da Festa:<\/strong><\/p>\n<p><strong>07 de fevereiro (s\u00e1bado)<\/strong><br \/>\n&#8211; \u00c1llan Moraes<br \/>\n&#8211; Priscila Carolynne<br \/>\n&#8211; Silv\u00e2nia e Berg<br \/>\n&#8211; Nona<\/p>\n<p><strong>08 de fevereiro (domingo)<\/strong><br \/>\n&#8211; Quinto Round<br \/>\n&#8211; Luanzinho Moraes<br \/>\n&#8211; Dan Chicleteiro<br \/>\n<strong><em>Acompanhe tamb\u00e9m o SE Not\u00edcias no\u00a0<a href=\"https:\/\/twitter.com\/Senoticias\" target=\"_blank\" rel=\"noreferrer noopener\">Twitter<\/a>,\u00a0<a href=\"https:\/\/www.facebook.com\/senoticias1\" target=\"_blank\" rel=\"noreferrer noopener\">Facebook<\/a>\u00a0e no\u00a0<a href=\"https:\/\/www.instagram.com\/senoticias\/\" target=\"_blank\" rel=\"noreferrer noopener\">Instagram<\/a><\/em><\/strong><\/p>\n<p>Da Assessoria de Imprensa<\/p>\n","protected":false},"excerpt":{"rendered":"<p>A comunidade de Amparo de S\u00e3o Francisco j\u00e1 est\u00e1 nos preparativos para mais uma Festa de Nossa Senhora do Amparo, padroeira do Munic\u00edpio. E para este ano, a gest\u00e3o municipal n\u00e3o conteve esfor\u00e7os para fazer um grande evento, digno de sua tradi\u00e7\u00e3o. Grandes artistas do cen\u00e1rio regional far\u00e3o parte da programa\u00e7\u00e3o entre os dias 07 [&hellip;]<\/p>\n","protected":false},"author":6557,"featured_media":0,"comment_status":"closed","ping_status":"closed","sticky":false,"template":"","format":"standard","meta":{"footnotes":""},"categories":[38],"tags":[35940,44645],"class_list":{"0":"post-150960","1":"post","2":"type-post","3":"status-publish","4":"format-standard","6":"category-municipios","7":"tag-amparo-de-sao-francisco","8":"tag-prefeito-marcos-sandes"},"_links":{"self":[{"href":"https:\/\/senoticias.com.br\/se\/wp-json\/wp\/v2\/posts\/150960"}],"collection":[{"href":"https:\/\/senoticias.com.br\/se\/wp-json\/wp\/v2\/posts"}],"about":[{"href":"https:\/\/senoticias.com.br\/se\/wp-json\/wp\/v2\/types\/post"}],"author":[{"embeddable":true,"href":"https:\/\/senoticias.com.br\/se\/wp-json\/wp\/v2\/users\/6557"}],"replies":[{"embeddable":true,"href":"https:\/\/senoticias.com.br\/se\/wp-json\/wp\/v2\/comments?post=150960"}],"version-history":[{"count":0,"href":"https:\/\/senoticias.com.br\/se\/wp-json\/wp\/v2\/posts\/150960\/revisions"}],"wp:attachment":[{"href":"https:\/\/senoticias.com.br\/se\/wp-json\/wp\/v2\/media?parent=150960"}],"wp:term":[{"taxonomy":"category","embeddable":true,"href":"https:\/\/senoticias.com.br\/se\/wp-json\/wp\/v2\/categories?post=150960"},{"taxonomy":"post_tag","embeddable":true,"href":"https:\/\/senoticias.com.br\/se\/wp-json\/wp\/v2\/tags?post=150960"}],"curies":[{"name":"wp","href":"https:\/\/api.w.org\/{rel}","templated":true}]}}