{"id":150948,"date":"2026-01-28T16:21:05","date_gmt":"2026-01-28T19:21:05","guid":{"rendered":"https:\/\/senoticias.com.br\/se\/?p=150948"},"modified":"2026-01-28T16:21:05","modified_gmt":"2026-01-28T19:21:05","slug":"prefeitura-de-sao-cristovao-realiza-1a-audiencia-do-plano-de-mobilidade-urbana-dia-12-de-fevereiro","status":"publish","type":"post","link":"https:\/\/senoticias.com.br\/se\/prefeitura-de-sao-cristovao-realiza-1a-audiencia-do-plano-de-mobilidade-urbana-dia-12-de-fevereiro\/","title":{"rendered":"Prefeitura de S\u00e3o Crist\u00f3v\u00e3o realiza 1\u00aa Audi\u00eancia do Plano de Mobilidade Urbana dia 12 de fevereiro"},"content":{"rendered":"<p>Por meio da Secretaria Municipal de Infraestrutura (Seminfra), a Prefeitura de S\u00e3o Crist\u00f3v\u00e3o realizar\u00e1, no dia 12 de fevereiro, a partir das 13h, a 1\u00aa Audi\u00eancia P\u00fablica do Plano de Mobilidade Urbana. A iniciativa tem como objetivo promover um espa\u00e7o de di\u00e1logo, escuta e constru\u00e7\u00e3o coletiva sobre o futuro da mobilidade no munic\u00edpio. A audi\u00eancia acontecer\u00e1 no audit\u00f3rio da Did\u00e1tica V da Universidade Federal de Sergipe (UFS) e ser\u00e1 aberta \u00e0 participa\u00e7\u00e3o da sociedade, sem necessidade de inscri\u00e7\u00e3o pr\u00e9via.<\/p>\n<div id=\"attachment_150950\" style=\"width: 601px\" class=\"wp-caption aligncenter\"><a href=\"https:\/\/senoticias.com.br\/se\/wp-content\/uploads\/2026\/01\/b57f3301-ac63-4fd8-8ec9-9a5bf8bd5a9b.jpeg\"><img loading=\"lazy\" decoding=\"async\" aria-describedby=\"caption-attachment-150950\" class=\"size-full wp-image-150950\" src=\"https:\/\/senoticias.com.br\/se\/wp-content\/uploads\/2026\/01\/b57f3301-ac63-4fd8-8ec9-9a5bf8bd5a9b.jpeg\" alt=\"\" width=\"591\" height=\"437\" srcset=\"https:\/\/senoticias.com.br\/se\/wp-content\/uploads\/2026\/01\/b57f3301-ac63-4fd8-8ec9-9a5bf8bd5a9b.jpeg 591w, https:\/\/senoticias.com.br\/se\/wp-content\/uploads\/2026\/01\/b57f3301-ac63-4fd8-8ec9-9a5bf8bd5a9b-300x222.jpeg 300w\" sizes=\"(max-width: 591px) 100vw, 591px\" \/><\/a><p id=\"caption-attachment-150950\" class=\"wp-caption-text\">Prefeito J\u00falio Nascimento convida popula\u00e7\u00e3o para 1\u00aa Audi\u00eancia do Plano de Mobilidade Urbana &#8211; Foto: Heitor Xavier<\/p><\/div>\n<p>Para esta primeira audi\u00eancia, ser\u00e1 apresentado o Diagn\u00f3stico da Mobilidade Urbana, documento t\u00e9cnico que re\u00fane estudos, levantamentos de campo e an\u00e1lises sobre a realidade atual dos deslocamentos no munic\u00edpio. Segundo o prefeito da cidade, J\u00falio Nascimento, o documento aborda estudos feitos em todo o territ\u00f3rio sancristovense. \u201cO diagn\u00f3stico aborda temas como circula\u00e7\u00e3o de pedestres e ve\u00edculos, transporte coletivo, acessibilidade, seguran\u00e7a vi\u00e1ria, infraestrutura urbana e integra\u00e7\u00e3o entre modais. Al\u00e9m disso, o diagn\u00f3stico aborda temas como a mobilidade no centro hist\u00f3rico e a rela\u00e7\u00e3o de S\u00e3o Crist\u00f3v\u00e3o com a Regi\u00e3o Metropolitana de Aracaju\u201d.<\/p>\n<p>O gestor municipal complementa que a audi\u00eancia \u00e9 um processo previsto em lei e reafirma o compromisso do munic\u00edpio com uma gest\u00e3o democr\u00e1tica, transparente e com planejamento urbano voltado \u00e0 melhoria da qualidade de vida, acesso universal \u00e0 cidade, promo\u00e7\u00e3o de mobilidade mais segura, inclusiva e sustent\u00e1vel. \u201cE \u00e9 por isso que a participa\u00e7\u00e3o popular \u00e9 fundamental, para garantir que este plano reflita as reais necessidades de S\u00e3o Crist\u00f3v\u00e3o e cont\u00ednua para a constru\u00e7\u00e3o de uma cidade mais acess\u00edvel\u201d, afirmou J\u00falio.<\/p>\n<p>O principal objetivo da audi\u00eancia \u00e9 compartilhar com a sociedade os principais problemas, desafios e potencialidades identificadas, al\u00e9m de ouvir a popula\u00e7\u00e3o. As contribui\u00e7\u00f5es que ser\u00e3o coletadas no evento, ser\u00e3o essenciais para validar o diagn\u00f3stico e orientar a defini\u00e7\u00e3o das diretrizes, objetivos e propostas do Plano de Mobilidade Urbana.<\/p>\n<p>De acordo com o secret\u00e1rio interino da Seminfra, Abrah\u00e3o Oliveira, no total, ser\u00e3o tr\u00eas audi\u00eancias a respeito do plano, sendo esta primeira a apresenta\u00e7\u00e3o do diagn\u00f3stico e escuta popular. \u201cA segunda audi\u00eancia vai assumir car\u00e1ter propositivo e deliberativo a partir de tudo que ser\u00e1 acordado na primeira etapa. A terceira, ser\u00e1 uma fase de conclus\u00e3o e de legitima\u00e7\u00e3o, destinando \u00e0 apresenta\u00e7\u00e3o da vers\u00e3o final do plano demonstrando a incorpora\u00e7\u00e3o das contribui\u00e7\u00f5es recebidas e consolidando o pacto entre Poder P\u00fablico e sociedade para sua implementa\u00e7\u00e3o\u201d, concluiu.<\/p>\n<p>Programa\u00e7\u00e3o<\/p>\n<p>13h &#8211; Credenciamento e acolhimento<\/p>\n<p>14h &#8211; Abertura com apresenta\u00e7\u00e3o do diagn\u00f3stico do Plano de Mobilidade Urbana<\/p>\n<p>15h30 &#8211; Momento de Escuta P\u00fablica e Coleta de Contribui\u00e7\u00f5es da Sociedade Civil<\/p>\n<p>Da Assessoria de Imprensa<\/p>\n","protected":false},"excerpt":{"rendered":"<p>Por meio da Secretaria Municipal de Infraestrutura (Seminfra), a Prefeitura de S\u00e3o Crist\u00f3v\u00e3o realizar\u00e1, no dia 12 de fevereiro, a partir das 13h, a 1\u00aa Audi\u00eancia P\u00fablica do Plano de Mobilidade Urbana. A iniciativa tem como objetivo promover um espa\u00e7o de di\u00e1logo, escuta e constru\u00e7\u00e3o coletiva sobre o futuro da mobilidade no munic\u00edpio. A audi\u00eancia [&hellip;]<\/p>\n","protected":false},"author":6557,"featured_media":0,"comment_status":"closed","ping_status":"closed","sticky":false,"template":"","format":"standard","meta":{"footnotes":""},"categories":[15,6],"tags":[9029,335],"class_list":{"0":"post-150948","1":"post","2":"type-post","3":"status-publish","4":"format-standard","6":"category-destaques","7":"category-politica","8":"tag-mobilidade-urbana","9":"tag-sao-cristovao"},"_links":{"self":[{"href":"https:\/\/senoticias.com.br\/se\/wp-json\/wp\/v2\/posts\/150948"}],"collection":[{"href":"https:\/\/senoticias.com.br\/se\/wp-json\/wp\/v2\/posts"}],"about":[{"href":"https:\/\/senoticias.com.br\/se\/wp-json\/wp\/v2\/types\/post"}],"author":[{"embeddable":true,"href":"https:\/\/senoticias.com.br\/se\/wp-json\/wp\/v2\/users\/6557"}],"replies":[{"embeddable":true,"href":"https:\/\/senoticias.com.br\/se\/wp-json\/wp\/v2\/comments?post=150948"}],"version-history":[{"count":0,"href":"https:\/\/senoticias.com.br\/se\/wp-json\/wp\/v2\/posts\/150948\/revisions"}],"wp:attachment":[{"href":"https:\/\/senoticias.com.br\/se\/wp-json\/wp\/v2\/media?parent=150948"}],"wp:term":[{"taxonomy":"category","embeddable":true,"href":"https:\/\/senoticias.com.br\/se\/wp-json\/wp\/v2\/categories?post=150948"},{"taxonomy":"post_tag","embeddable":true,"href":"https:\/\/senoticias.com.br\/se\/wp-json\/wp\/v2\/tags?post=150948"}],"curies":[{"name":"wp","href":"https:\/\/api.w.org\/{rel}","templated":true}]}}